{"id":103581,"date":"2024-03-30T09:30:30","date_gmt":"2024-03-30T04:30:30","guid":{"rendered":"https:\/\/zamanturkmenistan.com.tm\/?p=103581"},"modified":"2024-03-30T09:30:30","modified_gmt":"2024-03-30T04:30:30","slug":"turkmenistanyn-prezidenti-tussaglykdaky-356-rayatyn-gunasini-gecdi","status":"publish","type":"post","link":"https:\/\/zamanturkmenistan.com.tm\/?p=103581","title":{"rendered":"T\u00fcrkmenistany\u0148 Prezidenti tussaglykdaky 356 ra\u00fdaty\u0148 g\u00fcn\u00e4sini ge\u00e7di"},"content":{"rendered":"<p>Be\u00fdik ata-babalarymyzy\u0148 wes\u00fdet eden rehimdarlyk we ynsanperwerlik d\u00e4plerini goldanyp, t\u00fcrkmen jemgy\u00fdetini\u0148 hem-de her bir ma\u015fgalany\u0148 agzybirligini, bitew\u00fcligini has-da pugtalandyrmak maksady bilen, \u015fe\u00fdle hem mukaddes Gadyr gijesi mynasybetli, T\u00fcrkmenistany\u0148 Prezidenti, T\u00fcrkmenistany\u0148 \u00ddaragly G\u00fc\u00fd\u00e7lerini\u0148 Belent Serkerdeba\u015fysy Serdar Berdimuhamedow \u201cI\u015f kesilenleri\u0148 mukaddes Gadyr gijesi mynasybetli g\u00fcn\u00e4sini ge\u00e7mek hakynda\u201d Permana gol \u00e7ekdi. G\u00fcn\u00e4si ge\u00e7ilen ra\u00fdatlar mundan be\u00fdl\u00e4k azatlykdan mahrum etmek g\u00f6rn\u00fc\u015find\u00e4ki esasy jeza \u00e7\u00e4resini \u00e7ekmekden bo\u015fadyldy.<\/p>\n","protected":false},"excerpt":{"rendered":"<p>Be\u00fdik ata-babalarymyzy\u0148 wes\u00fdet eden rehimdarlyk we ynsanperwerlik d\u00e4plerini goldanyp, t\u00fcrkmen jemgy\u00fdetini\u0148 hem-de her bir ma\u015fgalany\u0148 agzybirligini, bitew\u00fcligini has-da pugtalandyrmak maksady bilen, \u015fe\u00fdle hem mukaddes Gadyr gijesi mynasybetli, T\u00fcrkmenistany\u0148 Prezidenti, T\u00fcrkmenistany\u0148 \u00ddaragly G\u00fc\u00fd\u00e7lerini\u0148 Belent Serkerdeba\u015fysy Serdar Berdimuhamedow \u201cI\u015f kesilenleri\u0148 mukaddes Gadyr gijesi mynasybetli g\u00fcn\u00e4sini ge\u00e7mek hakynda\u201d Permana gol \u00e7ekdi. G\u00fcn\u00e4si ge\u00e7ilen ra\u00fdatlar mundan be\u00fdl\u00e4k azatlykdan mahrum [&hellip;]<\/p>\n","protected":false},"author":2,"featured_media":64511,"comment_status":"open","ping_status":"closed","sticky":false,"template":"","format":"standard","meta":{"footnotes":""},"categories":[3],"tags":[],"acf":[],"_links":{"self":[{"href":"https:\/\/zamanturkmenistan.com.tm\/index.php?rest_route=\/wp\/v2\/posts\/103581"}],"collection":[{"href":"https:\/\/zamanturkmenistan.com.tm\/index.php?rest_route=\/wp\/v2\/posts"}],"about":[{"href":"https:\/\/zamanturkmenistan.com.tm\/index.php?rest_route=\/wp\/v2\/types\/post"}],"author":[{"embeddable":true,"href":"https:\/\/zamanturkmenistan.com.tm\/index.php?rest_route=\/wp\/v2\/users\/2"}],"replies":[{"embeddable":true,"href":"https:\/\/zamanturkmenistan.com.tm\/index.php?rest_route=%2Fwp%2Fv2%2Fcomments&post=103581"}],"version-history":[{"count":1,"href":"https:\/\/zamanturkmenistan.com.tm\/index.php?rest_route=\/wp\/v2\/posts\/103581\/revisions"}],"predecessor-version":[{"id":103582,"href":"https:\/\/zamanturkmenistan.com.tm\/index.php?rest_route=\/wp\/v2\/posts\/103581\/revisions\/103582"}],"wp:featuredmedia":[{"embeddable":true,"href":"https:\/\/zamanturkmenistan.com.tm\/index.php?rest_route=\/wp\/v2\/media\/64511"}],"wp:attachment":[{"href":"https:\/\/zamanturkmenistan.com.tm\/index.php?rest_route=%2Fwp%2Fv2%2Fmedia&parent=103581"}],"wp:term":[{"taxonomy":"category","embeddable":true,"href":"https:\/\/zamanturkmenistan.com.tm\/index.php?rest_route=%2Fwp%2Fv2%2Fcategories&post=103581"},{"taxonomy":"post_tag","embeddable":true,"href":"https:\/\/zamanturkmenistan.com.tm\/index.php?rest_route=%2Fwp%2Fv2%2Ftags&post=103581"}],"curies":[{"name":"wp","href":"https:\/\/api.w.org\/{rel}","templated":true}]}}