{"id":107676,"date":"2024-05-21T18:45:03","date_gmt":"2024-05-21T13:45:03","guid":{"rendered":"https:\/\/zamanturkmenistan.com.tm\/?p=107676"},"modified":"2024-05-21T18:45:03","modified_gmt":"2024-05-21T13:45:03","slug":"eyranyn-turkmenistandaky-adatdan-dasary-we-doly-ygtyyarly-ilcisi-bilen-dususyk","status":"publish","type":"post","link":"https:\/\/zamanturkmenistan.com.tm\/eyranyn-turkmenistandaky-adatdan-dasary-we-doly-ygtyyarly-ilcisi-bilen-dususyk\/","title":{"rendered":"E\u00fdrany\u0148 T\u00fcrkmenistandaky Adatdan da\u015fary we Doly ygty\u00fdarly Il\u00e7isi bilen du\u015fu\u015fyk"},"content":{"rendered":"<p>20-nji ma\u00fdda T\u00fcrkmenistany\u0148 Da\u015fary i\u015fler ministri Ra\u015fid Meredow bilen E\u00fdran Yslam Respublikasyny\u0148 T\u00fcrkmenistandaky Adatdan da\u015fary we Doly ygty\u00fdarly Il\u00e7isi Ali Mojtaba Ruzbehanini\u0148 arasynda du\u015fu\u015fyk ge\u00e7irildi we onu\u0148 bar\u015fynda \u00fdene bir \u00fdola E\u00fdrany\u0148 Prezidenti Se\u00fded Ebrahim Raisini\u0148, Da\u015fary i\u015fler ministri Huse\u00fdin Amir Abdollahiany\u0148 we E\u00fdrany\u0148 be\u00fdleki resmi adamlaryny\u0148 diku\u00e7ar hel\u00e4k\u00e7iligi seb\u00e4pli aradan \u00e7ykmaklary zerarly gynan\u00e7 bildirildi.<\/p>\n<p>Bu betbagt\u00e7ylygy\u0148 \u00e4hli t\u00fcrkmenistanlylary\u0148 \u00fd\u00fcreklerinde agyr du\u00fdgulary d\u00f6redendigi we t\u00fcrkmen tarapyny\u0148 E\u00fdrana zerur bolan k\u00f6megi berm\u00e4ge ta\u00fd\u00fdardygy a\u00fddyldy.<\/p>\n","protected":false},"excerpt":{"rendered":"<p>20-nji ma\u00fdda T\u00fcrkmenistany\u0148 Da\u015fary i\u015fler ministri Ra\u015fid Meredow bilen E\u00fdran Yslam Respublikasyny\u0148 T\u00fcrkmenistandaky Adatdan da\u015fary we Doly ygty\u00fdarly Il\u00e7isi Ali Mojtaba Ruzbehanini\u0148 arasynda du\u015fu\u015fyk ge\u00e7irildi we onu\u0148 bar\u015fynda \u00fdene bir \u00fdola E\u00fdrany\u0148 Prezidenti Se\u00fded Ebrahim Raisini\u0148, Da\u015fary i\u015fler ministri Huse\u00fdin Amir Abdollahiany\u0148 we E\u00fdrany\u0148 be\u00fdleki resmi adamlaryny\u0148 diku\u00e7ar hel\u00e4k\u00e7iligi seb\u00e4pli aradan \u00e7ykmaklary zerarly gynan\u00e7 bildirildi. [&hellip;]<\/p>\n","protected":false},"author":2,"featured_media":107677,"comment_status":"open","ping_status":"closed","sticky":false,"template":"","format":"standard","meta":{"footnotes":""},"categories":[3],"tags":[],"class_list":["post-107676","post","type-post","status-publish","format-standard","has-post-thumbnail","hentry","category-habarlar","format-default"],"_links":{"self":[{"href":"https:\/\/zamanturkmenistan.com.tm\/wp-json\/wp\/v2\/posts\/107676","targetHints":{"allow":["GET"]}}],"collection":[{"href":"https:\/\/zamanturkmenistan.com.tm\/wp-json\/wp\/v2\/posts"}],"about":[{"href":"https:\/\/zamanturkmenistan.com.tm\/wp-json\/wp\/v2\/types\/post"}],"author":[{"embeddable":true,"href":"https:\/\/zamanturkmenistan.com.tm\/wp-json\/wp\/v2\/users\/2"}],"replies":[{"embeddable":true,"href":"https:\/\/zamanturkmenistan.com.tm\/wp-json\/wp\/v2\/comments?post=107676"}],"version-history":[{"count":1,"href":"https:\/\/zamanturkmenistan.com.tm\/wp-json\/wp\/v2\/posts\/107676\/revisions"}],"predecessor-version":[{"id":107678,"href":"https:\/\/zamanturkmenistan.com.tm\/wp-json\/wp\/v2\/posts\/107676\/revisions\/107678"}],"wp:featuredmedia":[{"embeddable":true,"href":"https:\/\/zamanturkmenistan.com.tm\/wp-json\/wp\/v2\/media\/107677"}],"wp:attachment":[{"href":"https:\/\/zamanturkmenistan.com.tm\/wp-json\/wp\/v2\/media?parent=107676"}],"wp:term":[{"taxonomy":"category","embeddable":true,"href":"https:\/\/zamanturkmenistan.com.tm\/wp-json\/wp\/v2\/categories?post=107676"},{"taxonomy":"post_tag","embeddable":true,"href":"https:\/\/zamanturkmenistan.com.tm\/wp-json\/wp\/v2\/tags?post=107676"}],"curies":[{"name":"wp","href":"https:\/\/api.w.org\/{rel}","templated":true}]}}