{"id":10954,"date":"2017-11-26T09:37:47","date_gmt":"2017-11-26T04:37:47","guid":{"rendered":"http:\/\/zamanturkmenistan.com\/?p=10954"},"modified":"2017-11-26T09:37:47","modified_gmt":"2017-11-26T04:37:47","slug":"uefa-yy%c2%adlyn-to%c2%adpa%c2%adry","status":"publish","type":"post","link":"https:\/\/zamanturkmenistan.com.tm\/?p=10954","title":{"rendered":"UEFA  \u00fdy\u00adly\u0148  to\u00adpa\u00adry"},"content":{"rendered":"<p>\u00ddew\u00adro\u00adpa fut\u00adbo\u00adly\u00adny\u0148 gu\u00adra\u00adma\u00ad\u00e7y\u00adsy UEFA e\u00fd\u00ad\u00fd\u00e4m d\u00e4\u00adbe \u00f6w\u00adr\u00fc\u00adlen \u00fdy\u00adly\u0148 to\u00adpa\u00adry sa\u00adna\u00adwy\u00adna da\u00adla\u015f\u00adg\u00e4r fut\u00adbol\u00ad\u00e7y\u00adlary m\u00e4\u00adlim et\u00addi. UEFA-ny\u0148 res\u00admi in\u00adter\u00adnet sa\u00fd\u00adty \u201cuefa.com\u201d-y\u0148 \u00fcs\u00adti bi\u00adlen ses ber\u00adli\u00ad\u015fik esa\u00adsyn\u00adda jan\u00adk\u00f6\u00ad\u00fder\u00adler ta\u00adra\u00adpyn\u00addan sa\u00fd\u00adla\u00adnan to\u00adpa\u00adry\u0148 bu \u00fdyl\u00adky da\u00adla\u015f\u00adg\u00e4r\u00adle\u00adri\u00adni\u0148 ara\u00adsyn\u00adda \u201cRe\u00adal Mad\u00adrid\u00adden\u201d 11 o\u00fdun\u00ad\u00e7y bar. Ses ber\u00adli\u00ad\u015fik gel\u00adjek \u00fdy\u00adly\u0148 11-nji \u00fdan\u00adwa\u00adry\u00adna \u00e7en\u00adli do\u00adwam eder. \u00ddy\u00adly\u0148 sim\u00adwo\u00adlik to\u00adpa\u00adry\u00adna 11 o\u00fdun\u00ad\u00e7y sa\u00fd\u00adla\u00adnar.<br \/>\nUEFA \u00fdy\u00adly\u0148 to\u00adpa\u00adry\u00adny\u0148 da\u00adla\u015f\u00adg\u00e4r\u00adle\u00adri (50 futbol\u00e7y): DERWEZE\u00c7ILER: J. Buf\u00adfon, D. De Hea, K. Na\u00adwas, M. No\u00ad\u00fder, \u00dd. Ob\u00adlak; GORAG\u00c7YLAR: D. Al\u00adwes, T. Mo\u00fd\u00adner, L. Bo\u00adnu\u00e7\u00ad\u00e7i, D. Kar\u00adwa\u00adhal, Mar\u00adse\u00adlo, S. Ra\u00admos, J. Ki\u00adel\u00adli\u00adni, A. Sand\u00adro, K. Glik, D. Go\u00addin, J. Kim\u00admih, B. Men\u00addi, J. Pi\u00adke, D. San\u00ad\u00e7es, A. Wa\u00adlen\u00adsi\u00ad\u00fda; \u00ddARYMGORAG\u00c7YLAR: D. Al\u00adli, K. Erik\u00adsen, M. Asen\u00adsio, Ka\u00adse\u00admi\u00adro, Is\u00adko, T. Kroos, L. Mod\u00adri\u00e7, K. De Bru\u00fd\u00adne, Fa\u00adbi\u00adnio, E. Ha\u00adzard, A. Inies\u00adta, H. Mhi\u00adtar\u00ad\u00fdan, P. Pog\u00adba, M. P\u00fda\u00adni\u00e7, S. Ni\u00adgu\u00ades; H\u00dcJ\u00dcM\u00c7ILER: S. Ague\u00adro, P. E. Oba\u00adme\u00ad\u00fdang, K. Ben\u00adze\u00adma, K. Ro\u00adnal\u00addo, E. Ka\u00adwa\u00adni, K. Mbap\u00adpe, Ne\u00fd\u00admar, P. Di\u00adba\u00adla, R. Fal\u00adkao, A. Griz\u00admann, H. Ke\u00fdn, R. Le\u00adwan\u00addows\u00adki, D. Mer\u00adtens, L. Mes\u00adsi, L. Sua\u00adres.<\/p>\n","protected":false},"excerpt":{"rendered":"<p>\u00ddew\u00adro\u00adpa fut\u00adbo\u00adly\u00adny\u0148 gu\u00adra\u00adma\u00ad\u00e7y\u00adsy UEFA e\u00fd\u00ad\u00fd\u00e4m d\u00e4\u00adbe \u00f6w\u00adr\u00fc\u00adlen \u00fdy\u00adly\u0148 to\u00adpa\u00adry sa\u00adna\u00adwy\u00adna da\u00adla\u015f\u00adg\u00e4r fut\u00adbol\u00ad\u00e7y\u00adlary m\u00e4\u00adlim et\u00addi. UEFA-ny\u0148 res\u00admi in\u00adter\u00adnet sa\u00fd\u00adty \u201cuefa.com\u201d-y\u0148 \u00fcs\u00adti bi\u00adlen ses ber\u00adli\u00ad\u015fik esa\u00adsyn\u00adda jan\u00adk\u00f6\u00ad\u00fder\u00adler ta\u00adra\u00adpyn\u00addan sa\u00fd\u00adla\u00adnan to\u00adpa\u00adry\u0148 bu \u00fdyl\u00adky da\u00adla\u015f\u00adg\u00e4r\u00adle\u00adri\u00adni\u0148 ara\u00adsyn\u00adda \u201cRe\u00adal Mad\u00adrid\u00adden\u201d 11 o\u00fdun\u00ad\u00e7y bar. Ses ber\u00adli\u00ad\u015fik gel\u00adjek \u00fdy\u00adly\u0148 11-nji \u00fdan\u00adwa\u00adry\u00adna \u00e7en\u00adli do\u00adwam eder. \u00ddy\u00adly\u0148 sim\u00adwo\u00adlik to\u00adpa\u00adry\u00adna 11 o\u00fdun\u00ad\u00e7y sa\u00fd\u00adla\u00adnar. UEFA \u00fdy\u00adly\u0148 to\u00adpa\u00adry\u00adny\u0148 [&hellip;]<\/p>\n","protected":false},"author":1,"featured_media":10955,"comment_status":"open","ping_status":"closed","sticky":false,"template":"","format":"standard","meta":{"footnotes":""},"categories":[13],"tags":[],"acf":[],"_links":{"self":[{"href":"https:\/\/zamanturkmenistan.com.tm\/index.php?rest_route=\/wp\/v2\/posts\/10954"}],"collection":[{"href":"https:\/\/zamanturkmenistan.com.tm\/index.php?rest_route=\/wp\/v2\/posts"}],"about":[{"href":"https:\/\/zamanturkmenistan.com.tm\/index.php?rest_route=\/wp\/v2\/types\/post"}],"author":[{"embeddable":true,"href":"https:\/\/zamanturkmenistan.com.tm\/index.php?rest_route=\/wp\/v2\/users\/1"}],"replies":[{"embeddable":true,"href":"https:\/\/zamanturkmenistan.com.tm\/index.php?rest_route=%2Fwp%2Fv2%2Fcomments&post=10954"}],"version-history":[{"count":0,"href":"https:\/\/zamanturkmenistan.com.tm\/index.php?rest_route=\/wp\/v2\/posts\/10954\/revisions"}],"wp:featuredmedia":[{"embeddable":true,"href":"https:\/\/zamanturkmenistan.com.tm\/index.php?rest_route=\/wp\/v2\/media\/10955"}],"wp:attachment":[{"href":"https:\/\/zamanturkmenistan.com.tm\/index.php?rest_route=%2Fwp%2Fv2%2Fmedia&parent=10954"}],"wp:term":[{"taxonomy":"category","embeddable":true,"href":"https:\/\/zamanturkmenistan.com.tm\/index.php?rest_route=%2Fwp%2Fv2%2Fcategories&post=10954"},{"taxonomy":"post_tag","embeddable":true,"href":"https:\/\/zamanturkmenistan.com.tm\/index.php?rest_route=%2Fwp%2Fv2%2Ftags&post=10954"}],"curies":[{"name":"wp","href":"https:\/\/api.w.org\/{rel}","templated":true}]}}