{"id":112692,"date":"2024-07-19T10:44:32","date_gmt":"2024-07-19T05:44:32","guid":{"rendered":"https:\/\/zamanturkmenistan.com.tm\/?p=112692"},"modified":"2024-07-19T10:44:32","modified_gmt":"2024-07-19T05:44:32","slug":"tolegli-girisden-22-million-yewro-gazanyldy","status":"publish","type":"post","link":"https:\/\/zamanturkmenistan.com.tm\/tolegli-girisden-22-million-yewro-gazanyldy\/","title":{"rendered":"T\u00f6legli giri\u015fden 2,2 million \u00fdewro gazanyldy"},"content":{"rendered":"<p>\u015eu \u00fdy\u00adly\u0148 ap\u00adre\u00adl a\u00fdyn\u00addan ba\u015f\u00adlap Ita\u00adli\u00ad\u00fda\u00adny\u0148 We\u00adne\u00adsi\u00ad\u00fda \u015f\u00e4\u00adhe\u00adri g\u00fc\u00adnin gir\u00adjek myh\u00adman\u00adlar \u00fc\u00e7in t\u00f6\u00adleg\u00adli edi\u00adlip\u00addi. \u015eu a\u00fdy\u0148 or\u00adta\u00adsyn\u00adda sy\u00adnag mak\u00adsa\u00addy bi\u00adlen \u00fdo\u00adla go\u00fd\u00adlan bu d\u00fcz\u00adg\u00fc\u00adni\u0148 m\u00f6h\u00adle\u00adti ta\u00admam\u00adlan\u00addy. D\u00fcz\u00adg\u00fc\u00adne g\u00f6\u00adr\u00e4, hep\u00add\u00e4\u00adni\u0148 k\u00f6p adam\u00adly bel\u00adli g\u00fcn\u00adle\u00adrin\u00adde \u015f\u00e4\u00adher\u00add\u00e4\u00adki myh\u00adman\u00adha\u00adna\u00adlar\u00adda \u00fda\u00adtym\u00adlyk gal\u00adma\u00adjak sy\u00ad\u00fda\u00adhat\u00ad\u00e7y\u00adlar\u00addan 5 \u00fdew\u00adro t\u00f6\u00adleg alyn\u00ad\u00fdar. \u015e\u00e4\u00adhe\u00adri\u0148 \u00fder\u00adli h\u00e4\u00adki\u00admi\u00ad\u00fde\u00adti h\u00e4\u00adzi\u00adre \u00e7en\u00adli bu d\u00fcz\u00adg\u00fcn ar\u00adka\u00adly je\u00admi 2,2 mil\u00adli\u00adon \u00fdew\u00adro pul \u00fdyg\u00adna\u00adlan\u00addy\u00adgy\u00adny m\u00e4\u00adlim et\u00addi. \u015e\u00e4\u00adhe\u00adre gi\u00adri\u015f 25-nji ap\u00adrel\u00adden 14-nji i\u00fdul ara\u00adly\u00adgyn\u00adda je\u00admi 29 g\u00fcn, 8:30-dan 16:00 ara\u00adly\u00adgyn\u00adda t\u00f6\u00adleg\u00adli edil\u00addi. T\u00f6\u00adleg et\u00admek \u00f6r\u00e4n a\u0148\u00adsat bo\u00adlup, mu\u00adnu\u0148 \u00fc\u00e7in \u00fd\u00f6\u00adri\u00adte mo\u00adbil go\u00ad\u015fun\u00addysy d\u00f6\u00adre\u00addil\u00addi. Mag\u00adlu\u00admat\u00adla\u00adra g\u00f6\u00adr\u00e4, bu wag\u00adty\u0148 do\u00adwa\u00admyn\u00adda 440 m\u00fc\u0148 adam t\u00f6\u00adleg\u00adli g\u00fcn\u00adler\u00adde \u015f\u00e4\u00adhe\u00adre gi\u00adrip\u00addir. 14 \u00fda\u015f\u00addan ki\u00ad\u00e7i\u00adler, \u015f\u00e4\u00adhe\u00adri\u0148 \u00fda\u00ad\u015fa\u00fd\u00adjy\u00adla\u00adry \u00fda-da ol \u00fder\u00adde i\u015f\u00adle\u00ad\u00fd\u00e4n\u00adler we oka\u00ad\u00fdan\u00adlar, ge\u00adze\u00adlen\u00e7 \u00fc\u00e7in to\u00adpar bo\u00adlup \u015f\u00e4\u00adhe\u00adre bar\u00ad\u00fdan okuw\u00ad\u00e7y\u00adlar, myh\u00adman\u00adha\u00adna\u00adda \u00fda\u00ad\u015fa\u00ad\u00fdan\u00adlar t\u00f6\u00adleg\u00adden bo\u00ad\u015fa\u00addyl\u00addy. Mag\u00adlu\u00admat\u00adla\u00adra g\u00f6\u00adr\u00e4, t\u00f6\u00adleg\u00adli gi\u00adri\u015f d\u00f6wr\u00fcnde \u015f\u00e4\u00adhe\u00adre bar\u00ad\u00fdan\u00adla\u00adry\u0148 sa\u00adny\u00ad azal\u00adman\u00addyr.<br \/>\nT\u00f6\u00adle\u00adgli giri\u015fi\u0148 gel\u00adjek \u00fdyl\u00addan ba\u015f\u00adlap he\u00admi\u00ad\u015fe\u00adlik edil\u00adme\u00adgi me\u00ad\u00fdil\u00adle\u015f\u00addi\u00adril\u00ad\u00fd\u00e4r. 1950-nji \u00fdyl\u00adda \u015f\u00e4\u00adhe\u00adri\u0148 ila\u00adty 175 m\u00fc\u0148 t\u00f6\u00adwe\u00adre\u00adgi\u00ad bolan bolsa, 2022-nji \u00fdyl\u00adda 50 m\u00fc\u0148\u00adden a\u015fak d\u00fc\u00ad\u015f\u00fcp\u00addi. \u015e\u00e4\u00adhe\u00adre her \u00fdyl\u00adda 30 mil\u00adli\u00adon t\u00f6\u00adwe\u00adre\u00adgi myh\u00adman bar\u00ad\u00fdar. Ge\u00ad\u00e7en \u00fdyl\u00adlar\u00adda \u015f\u00e4\u00adhe\u00adre bar\u00ad\u00fdan uly \u00fdo\u00adlag\u00ad\u00e7y g\u00e4\u00admi\u00adle\u00adri\u0148 gir\u00adme\u00adgi \u00e7\u00e4k\u00adlen\u00addi\u00adri\u00adlip\u00addi.<\/p>\n<p style=\"text-align: right;\"><strong>Ar\u00adzy\u00adg\u00fcl ORAZ\u00adMY\u00adRA\u00adDO\u00adWA, <\/strong><br \/>\n<strong>D\u00f6wletm\u00e4mmet Azady adyndaky Arkadag \u015f\u00e4her kitaphanasyny\u0148 \u00abOkyjylara hyzmat etmek\u00bb b\u00f6l\u00fcm\u00e7esini\u0148 kitaphana\u00e7ysy.<\/strong><\/p>\n","protected":false},"excerpt":{"rendered":"<p>\u015eu \u00fdy\u00adly\u0148 ap\u00adre\u00adl a\u00fdyn\u00addan ba\u015f\u00adlap Ita\u00adli\u00ad\u00fda\u00adny\u0148 We\u00adne\u00adsi\u00ad\u00fda \u015f\u00e4\u00adhe\u00adri g\u00fc\u00adnin gir\u00adjek myh\u00adman\u00adlar \u00fc\u00e7in t\u00f6\u00adleg\u00adli edi\u00adlip\u00addi. \u015eu a\u00fdy\u0148 or\u00adta\u00adsyn\u00adda sy\u00adnag mak\u00adsa\u00addy bi\u00adlen \u00fdo\u00adla go\u00fd\u00adlan bu d\u00fcz\u00adg\u00fc\u00adni\u0148 m\u00f6h\u00adle\u00adti ta\u00admam\u00adlan\u00addy. D\u00fcz\u00adg\u00fc\u00adne g\u00f6\u00adr\u00e4, hep\u00add\u00e4\u00adni\u0148 k\u00f6p adam\u00adly bel\u00adli g\u00fcn\u00adle\u00adrin\u00adde \u015f\u00e4\u00adher\u00add\u00e4\u00adki myh\u00adman\u00adha\u00adna\u00adlar\u00adda \u00fda\u00adtym\u00adlyk gal\u00adma\u00adjak sy\u00ad\u00fda\u00adhat\u00ad\u00e7y\u00adlar\u00addan 5 \u00fdew\u00adro t\u00f6\u00adleg alyn\u00ad\u00fdar. \u015e\u00e4\u00adhe\u00adri\u0148 \u00fder\u00adli h\u00e4\u00adki\u00admi\u00ad\u00fde\u00adti h\u00e4\u00adzi\u00adre \u00e7en\u00adli bu d\u00fcz\u00adg\u00fcn ar\u00adka\u00adly je\u00admi 2,2 mil\u00adli\u00adon \u00fdew\u00adro pul [&hellip;]<\/p>\n","protected":false},"author":2,"featured_media":112693,"comment_status":"open","ping_status":"closed","sticky":false,"template":"","format":"standard","meta":{"footnotes":""},"categories":[5],"tags":[],"class_list":["post-112692","post","type-post","status-publish","format-standard","has-post-thumbnail","hentry","category-2dunya","format-default"],"_links":{"self":[{"href":"https:\/\/zamanturkmenistan.com.tm\/wp-json\/wp\/v2\/posts\/112692","targetHints":{"allow":["GET"]}}],"collection":[{"href":"https:\/\/zamanturkmenistan.com.tm\/wp-json\/wp\/v2\/posts"}],"about":[{"href":"https:\/\/zamanturkmenistan.com.tm\/wp-json\/wp\/v2\/types\/post"}],"author":[{"embeddable":true,"href":"https:\/\/zamanturkmenistan.com.tm\/wp-json\/wp\/v2\/users\/2"}],"replies":[{"embeddable":true,"href":"https:\/\/zamanturkmenistan.com.tm\/wp-json\/wp\/v2\/comments?post=112692"}],"version-history":[{"count":1,"href":"https:\/\/zamanturkmenistan.com.tm\/wp-json\/wp\/v2\/posts\/112692\/revisions"}],"predecessor-version":[{"id":112694,"href":"https:\/\/zamanturkmenistan.com.tm\/wp-json\/wp\/v2\/posts\/112692\/revisions\/112694"}],"wp:featuredmedia":[{"embeddable":true,"href":"https:\/\/zamanturkmenistan.com.tm\/wp-json\/wp\/v2\/media\/112693"}],"wp:attachment":[{"href":"https:\/\/zamanturkmenistan.com.tm\/wp-json\/wp\/v2\/media?parent=112692"}],"wp:term":[{"taxonomy":"category","embeddable":true,"href":"https:\/\/zamanturkmenistan.com.tm\/wp-json\/wp\/v2\/categories?post=112692"},{"taxonomy":"post_tag","embeddable":true,"href":"https:\/\/zamanturkmenistan.com.tm\/wp-json\/wp\/v2\/tags?post=112692"}],"curies":[{"name":"wp","href":"https:\/\/api.w.org\/{rel}","templated":true}]}}