{"id":117567,"date":"2024-10-01T17:12:47","date_gmt":"2024-10-01T12:12:47","guid":{"rendered":"https:\/\/zamanturkmenistan.com.tm\/?p=117567"},"modified":"2024-10-05T11:42:03","modified_gmt":"2024-10-05T06:42:03","slug":"koneurgenc-yadygarlikler-toplumyna-gezelenc-guraldy","status":"publish","type":"post","link":"https:\/\/zamanturkmenistan.com.tm\/?p=117567","title":{"rendered":"\u201cK\u00f6\u00adne\u00ad\u00fcr\u00adgen\u00e7\u201d \u00fda\u00addy\u00adg\u00e4r\u00adlik\u00adler top\u00adlu\u00admy\u00adna ge\u00adze\u00adlen\u00e7 gu\u00adral\u00addy"},"content":{"rendered":"<p>Her \u00fdy\u00adly\u0148 1-nji okt\u00ad\u00fdab\u00adry \u00fdur\u00addu\u00admyz\u00adda \u00fda\u00ad\u015fu\u00adlu\u00adlar g\u00fc\u00adni gi\u0148\u00adden bel\u00adle\u00adni\u00adlip ge\u00ad\u00e7il\u00ad\u00fd\u00e4r. P\u00e4\u00adhim pa\u00fd\u00adhas um\u00adma\u00adny Mag\u00adtym\u00adgu\u00adly Py\u00adra\u00adgy \u00fdy\u00adlyn\u00adda bu da\u00adba\u00adra a\u00fd\u00adra\u00adtyn ma\u00adny-maz\u00admu\u00adna e\u00fde bol\u00ad\u00fdar. K\u00f6\u00adne\u00ad\u00fcr\u00adgen\u00e7 et\u00adrap h\u00e4\u00adkim\u00adli\u00adgi\u00adni\u0148, et\u00adra\u00adby\u0148 jem\u00adgy\u00ad\u00fdet\u00ad\u00e7i\u00adlik gu\u00adra\u00adma\u00adla\u00adry\u00adny\u0148 bi\u00adle\u00adlik\u00adde gu\u00adra\u00adma\u00adgyn\u00adda \u201cK\u00f6\u00adne\u00ad\u00fcr\u00adgen\u00e7\u201d ta\u00adry\u00adhy-me\u00adde\u00adni d\u00f6w\u00adlet go\u00adrag\u00adha\u00adna\u00adsy\u00adny\u0148 \u00fda\u00addy\u00adg\u00e4r\u00adlik\u00adler top\u00adlu\u00admyn\u00adda ge\u00adze\u00adlen\u00e7 gu\u00adral\u00addy. Ge\u00adze\u00adlen\u00adje il sy\u00adlag\u00adly \u00fda\u00ad\u015fu\u00adlu\u00adlar, m\u00e4h\u00adrem ene\u00adler gat\u00adna\u015f\u00addy\u00adlar. Ge\u00adze\u00adlen\u00adji\u0148 do\u00adwa\u00admyn\u00adda K\u00f6\u00adne\u00ad\u00fcr\u00adgen\u00e7 ta\u00adry\u00adhy-me\u00adde\u00adni go\u00adrag\u00adha\u00adna\u00adsy\u00adny\u0148 \u00fdol g\u00f6r\u00adke\u00adzi\u00adji\u00adsi Pa\u00adra\u00adhat Na\u00adza\u00adrow 2005-nji \u00fdyl\u00adda \u00ddU\u00adNES\u00adKO-ny\u0148 B\u00fc\u00adtin\u00add\u00fcn\u00ad\u00fd\u00e4 sa\u00adna\u00adwy\u00adna gi\u00adri\u00adzi\u00adlen K\u00f6\u00adne\u00ad\u00fcr\u00adgen\u00e7 ta\u00adry\u00adhy-me\u00adde\u00adni go\u00adrag\u00adha\u00adna\u00adsy\u00adny\u0148 \u00e7\u00e4\u00adgin\u00add\u00e4\u00adki t\u00e4\u00adsin, ta\u00adryh \u00fc\u00e7in ba\u00adha\u00adsy\u00adna \u00fde\u00adtip bol\u00adma\u00adjak \u00fda\u00addy\u00adg\u00e4r\u00adlik\u00adle\u00adri, bu \u00fder\u00add\u00e4\u00adki mu\u00adze\u00fd gym\u00admat\u00adlyk\u00adla\u00adry bi\u00adlen ta\u00adny\u015f\u00addyr\u00addy. Bu ta\u00adry\u00adhy \u00fda\u00addy\u00adg\u00e4r\u00adlik\u00adler bi\u00adlen ta\u00adny\u015f\u00admak ge\u00adze\u00adlen\u00adje gat\u00adna\u00ad\u015fy\u00adjy\u00adlar\u00adda ta\u00adry\u00adhy\u00admy\u00adza hor\u00admat, g\u00f6\u00adw\u00fcn\u00adle\u00adrin\u00adde ru\u00adhu\u00adbe\u00adlent\u00adlik d\u00f6\u00adret\u00addi. Bu \u00fde\u00adre ge\u00adlen\u00adler \u00fcl\u00adk\u00e4\u00adni\u0148 ta\u00adry\u00adhy ba\u00adra\u00adda gi\u0148 d\u00fc\u00ad\u015f\u00fcn\u00adje alyp, ata-ba\u00adba\u00adla\u00adry\u00admy\u00adzy\u0148 n\u00e4\u00adhi\u00adli \u00fda\u00ad\u015fan\u00addyk\u00adla\u00adry\u00adna a\u00fd\u00addy\u0148 g\u00f6z \u00fde\u00adtir\u00addi\u00adler.<\/p>\n<p><img decoding=\"async\" loading=\"lazy\" class=\"aligncenter wp-image-117858 size-large\" src=\"https:\/\/zamanturkmenistan.com.tm\/wp-content\/uploads\/2024\/10\/koneurgench-yadygarlikler-20241004_120322-1024x576.jpg\" alt=\"\" width=\"696\" height=\"392\" srcset=\"https:\/\/zamanturkmenistan.com.tm\/wp-content\/uploads\/2024\/10\/koneurgench-yadygarlikler-20241004_120322-1024x576.jpg 1024w, https:\/\/zamanturkmenistan.com.tm\/wp-content\/uploads\/2024\/10\/koneurgench-yadygarlikler-20241004_120322-300x169.jpg 300w, https:\/\/zamanturkmenistan.com.tm\/wp-content\/uploads\/2024\/10\/koneurgench-yadygarlikler-20241004_120322-768x432.jpg 768w, https:\/\/zamanturkmenistan.com.tm\/wp-content\/uploads\/2024\/10\/koneurgench-yadygarlikler-20241004_120322-696x392.jpg 696w, https:\/\/zamanturkmenistan.com.tm\/wp-content\/uploads\/2024\/10\/koneurgench-yadygarlikler-20241004_120322-1068x601.jpg 1068w, https:\/\/zamanturkmenistan.com.tm\/wp-content\/uploads\/2024\/10\/koneurgench-yadygarlikler-20241004_120322-747x420.jpg 747w, https:\/\/zamanturkmenistan.com.tm\/wp-content\/uploads\/2024\/10\/koneurgench-yadygarlikler-20241004_120322.jpg 1200w\" sizes=\"(max-width: 696px) 100vw, 696px\" \/><\/p>\n<p>G\u00f6\u00adzel\u00adli\u00adgi we yl\u00admy \u00e4h\u00admi\u00ad\u00fde\u00adti bi\u00adlen me\u015f\u00adhur\u00adly\u00adga e\u00fde T\u00f6\u00adre\u00adbeg ha\u00adny\u00admy\u0148 maw\u00adzo\u00adle\u00ad\u00fdi\u00adni, Nej\u00admed\u00addin Kub\u00adra \u00fda\u00addy\u00adg\u00e4r\u00adlik\u00adler top\u00adlu\u00admy\u00adny, Il Ars\u00adla\u00adny\u0148, Sol\u00adtan Te\u00adke\u00ad\u015fi\u0148, Ibn-Ha\u00adjy \u00fda\u00addy\u00adg\u00e4r\u00adlik\u00adle\u00adri\u00adni, Mer\u00adke\u00adzi Azi\u00ad\u00fda\u00adda be\u00adlent\u00adli\u00adgi bo\u00ad\u00fdun\u00ad\u00e7a il\u00adkin\u00adji orun\u00adda du\u00adran Gut\u00adlug Te\u00admu\u00adry\u0148 mi\u00adna\u00adra\u00adsy\u00adny, Se\u00ad\u00fdit Ah\u00adme\u00addi\u0148 k\u00fcm\u00adme\u00adti\u00adni syn\u00adlap, \u015f\u00f6h\u00adra\u00adty \u00e4le\u00adme do\u00adlan ata-ba\u00adba\u00adla\u00adry\u00admy\u00adzy\u0148 ga\u00addy\u00admy me\u00adka\u00adnyn\u00adda s\u00fcn\u00adn\u00e4\u00adl\u00e4p bi\u00adna edi\u00adlen ga\u00adla\u00adla\u00adry\u00adna bu\u00fd\u00adsan\u00e7 we bi\u00adle\u00adsi\u00adge\u00adli\u00adji\u00adlik bi\u00adlen to\u00adma\u00ad\u015fa et\u00addi\u00adler. Ge\u00ad\u00e7i\u00adri\u00adlen bu ge\u00adze\u00adlen\u00e7 G\u00fcn\u00addo\u00adga\u00adry\u0148 akyl\u00addar \u015fa\u00adhy\u00adry Mag\u00adtym\u00adgu\u00adly Py\u00adra\u00adgy\u00adny\u0148 dog\u00adlan g\u00fc\u00adn\u00fc\u00adni\u0148 300 \u00fdyl\u00adly\u00adgy gi\u0148\u00adden bel\u00adle\u00adnil\u00ad\u00fd\u00e4n \u201cP\u00e4\u00adhim-pa\u00fd\u00adhas um\u00adma\u00adny Mag\u00adtym\u00adgu\u00adly Py\u00adra\u00adgy\u201d \u00fdy\u00adly\u00adny\u0148 t\u00e4\u00adsir\u00adli\u00adli\u00adgi\u00adni has-da art\u00addyr\u00addy. So\u0148\u00adra et\u00adra\u00adby\u0148 jem\u00adgy\u00ad\u00fdet\u00ad\u00e7i\u00adlik gu\u00adra\u00adma\u00adla\u00adry\u00adny\u0148 adyn\u00addan il sy\u00adlag\u00adly \u00fda\u00ad\u015fu\u00adlu\u00adla\u00adra, m\u00e4h\u00adrem ene\u00adle\u00adre ba\u00fd\u00adram\u00ad\u00e7y\u00adlyk my\u00adna\u00adsy\u00adbet\u00adli \u00fda\u00addy\u00adg\u00e4r\u00adlik sow\u00adgat\u00adlar gow\u00ad\u015fu\u00adryl\u00addy.<\/p>\n<p style=\"text-align: right;\"><strong>G\u00fcl\u00adhu\u00admar HO\u00adJAH\u00adME\u00adTO\u00adWA, T\u00fcrk\u00adme\u00adnis\u00adta\u00adny\u0148 K\u00e4r\u00adde\u015f\u00adler Ar\u00adka\u00adla\u00ad\u015fyk\u00adla\u00adry\u00adny\u0148 K\u00f6\u00adne\u00ad\u00fcr\u00adgen\u00e7 et\u00adrap bir\u00adle\u015f\u00adme\u00adsi\u00adni\u0148 esa\u00adsy h\u00fc\u00adn\u00e4r\u00adme\u00adni, Ze\u00adnan\u00adlar gu\u00adra\u00adma\u00adny\u0148 i\u015f\u00adje\u0148 ag\u00adza\u00adsy.<\/strong><\/p>\n","protected":false},"excerpt":{"rendered":"<p>Her \u00fdy\u00adly\u0148 1-nji okt\u00ad\u00fdab\u00adry \u00fdur\u00addu\u00admyz\u00adda \u00fda\u00ad\u015fu\u00adlu\u00adlar g\u00fc\u00adni gi\u0148\u00adden bel\u00adle\u00adni\u00adlip ge\u00ad\u00e7il\u00ad\u00fd\u00e4r. P\u00e4\u00adhim pa\u00fd\u00adhas um\u00adma\u00adny Mag\u00adtym\u00adgu\u00adly Py\u00adra\u00adgy \u00fdy\u00adlyn\u00adda bu da\u00adba\u00adra a\u00fd\u00adra\u00adtyn ma\u00adny-maz\u00admu\u00adna e\u00fde bol\u00ad\u00fdar. K\u00f6\u00adne\u00ad\u00fcr\u00adgen\u00e7 et\u00adrap h\u00e4\u00adkim\u00adli\u00adgi\u00adni\u0148, et\u00adra\u00adby\u0148 jem\u00adgy\u00ad\u00fdet\u00ad\u00e7i\u00adlik gu\u00adra\u00adma\u00adla\u00adry\u00adny\u0148 bi\u00adle\u00adlik\u00adde gu\u00adra\u00adma\u00adgyn\u00adda \u201cK\u00f6\u00adne\u00ad\u00fcr\u00adgen\u00e7\u201d ta\u00adry\u00adhy-me\u00adde\u00adni d\u00f6w\u00adlet go\u00adrag\u00adha\u00adna\u00adsy\u00adny\u0148 \u00fda\u00addy\u00adg\u00e4r\u00adlik\u00adler top\u00adlu\u00admyn\u00adda ge\u00adze\u00adlen\u00e7 gu\u00adral\u00addy. Ge\u00adze\u00adlen\u00adje il sy\u00adlag\u00adly \u00fda\u00ad\u015fu\u00adlu\u00adlar, m\u00e4h\u00adrem ene\u00adler gat\u00adna\u015f\u00addy\u00adlar. Ge\u00adze\u00adlen\u00adji\u0148 do\u00adwa\u00admyn\u00adda K\u00f6\u00adne\u00ad\u00fcr\u00adgen\u00e7 ta\u00adry\u00adhy-me\u00adde\u00adni go\u00adrag\u00adha\u00adna\u00adsy\u00adny\u0148 \u00fdol g\u00f6r\u00adke\u00adzi\u00adji\u00adsi Pa\u00adra\u00adhat Na\u00adza\u00adrow 2005-nji [&hellip;]<\/p>\n","protected":false},"author":2,"featured_media":117568,"comment_status":"open","ping_status":"closed","sticky":false,"template":"","format":"standard","meta":{"footnotes":""},"categories":[3],"tags":[],"acf":[],"_links":{"self":[{"href":"https:\/\/zamanturkmenistan.com.tm\/index.php?rest_route=\/wp\/v2\/posts\/117567"}],"collection":[{"href":"https:\/\/zamanturkmenistan.com.tm\/index.php?rest_route=\/wp\/v2\/posts"}],"about":[{"href":"https:\/\/zamanturkmenistan.com.tm\/index.php?rest_route=\/wp\/v2\/types\/post"}],"author":[{"embeddable":true,"href":"https:\/\/zamanturkmenistan.com.tm\/index.php?rest_route=\/wp\/v2\/users\/2"}],"replies":[{"embeddable":true,"href":"https:\/\/zamanturkmenistan.com.tm\/index.php?rest_route=%2Fwp%2Fv2%2Fcomments&post=117567"}],"version-history":[{"count":2,"href":"https:\/\/zamanturkmenistan.com.tm\/index.php?rest_route=\/wp\/v2\/posts\/117567\/revisions"}],"predecessor-version":[{"id":117859,"href":"https:\/\/zamanturkmenistan.com.tm\/index.php?rest_route=\/wp\/v2\/posts\/117567\/revisions\/117859"}],"wp:featuredmedia":[{"embeddable":true,"href":"https:\/\/zamanturkmenistan.com.tm\/index.php?rest_route=\/wp\/v2\/media\/117568"}],"wp:attachment":[{"href":"https:\/\/zamanturkmenistan.com.tm\/index.php?rest_route=%2Fwp%2Fv2%2Fmedia&parent=117567"}],"wp:term":[{"taxonomy":"category","embeddable":true,"href":"https:\/\/zamanturkmenistan.com.tm\/index.php?rest_route=%2Fwp%2Fv2%2Fcategories&post=117567"},{"taxonomy":"post_tag","embeddable":true,"href":"https:\/\/zamanturkmenistan.com.tm\/index.php?rest_route=%2Fwp%2Fv2%2Ftags&post=117567"}],"curies":[{"name":"wp","href":"https:\/\/api.w.org\/{rel}","templated":true}]}}