{"id":118022,"date":"2024-10-09T17:41:14","date_gmt":"2024-10-09T12:41:14","guid":{"rendered":"https:\/\/zamanturkmenistan.com.tm\/?p=118022"},"modified":"2024-10-09T17:41:14","modified_gmt":"2024-10-09T12:41:14","slug":"paytagtymyzda-saglygy-gorayys-bilim-we-sport-berkarar-dowletin-taze-eyyamynyn-galky","status":"publish","type":"post","link":"https:\/\/zamanturkmenistan.com.tm\/?p=118022","title":{"rendered":"Pa\u00fd\u00adtag\u00adty\u00admyz\u00adda \u00abSag\u00adly\u00adgy go\u00adra\u00ad\u00fdy\u015f, bi\u00adlim we sport Ber\u00adka\u00adrar d\u00f6w\u00adle\u00adti\u0148 t\u00e4\u00adze e\u00fd\u00ad\u00fda\u00admy\u00adny\u0148 Gal\u00adky\u00adny\u00ad\u015fy d\u00f6w\u00adr\u00fcn\u00adde\u00bb at\u00adly hal\u00adka\u00adra ser\u00adgi\u00adsi a\u00e7yl\u00addy"},"content":{"rendered":"<p>\u015eu g\u00fcn Olim\u00adpi\u00ad\u00fda \u015f\u00e4\u00adher\u00adji\u00adgi\u00adni\u0148 \u00abBa\u00ad\u015fa-ba\u015f s\u00f6\u00adwe\u015f sun\u00adga\u00adty\u00bb sport top\u00adlu\u00admyn\u00adda \u00abSag\u00adly\u00adgy go\u00adra\u00ad\u00fdy\u015f, bi\u00adlim we sport Ber\u00adka\u00adrar d\u00f6w\u00adle\u00adti\u0148 t\u00e4\u00adze e\u00fd\u00ad\u00fda\u00admy\u00adny\u0148 Gal\u00adky\u00adny\u00ad\u015fy d\u00f6w\u00adr\u00fcn\u00adde\u00bb at\u00adly hal\u00adka\u00adra ser\u00adgi\u00adni\u0148 a\u00e7y\u00adly\u015f da\u00adba\u00adra\u00adsy ge\u00ad\u00e7i\u00adril\u00addi. Bu \u00e7\u00e4\u00adre \u00fdur\u00addu\u00admyz\u00adda gi\u0148\u00adden bel\u00adle\u00adnil\u00ad\u00fd\u00e4n Sag\u00adly\u00adgy go\u00adra\u00ad\u00fdy\u015f we der\u00adman se\u00adna\u00adga\u00adty i\u015f\u00adg\u00e4r\u00adle\u00adri\u00adni\u0148 g\u00fc\u00adn\u00fc\u00adne ba\u00adgy\u015f\u00adlan\u00addy. Sag\u00adly\u00adgy go\u00adra\u00ad\u00fdy\u015f we der\u00adman se\u00adna\u00adga\u00adty mi\u00adnistr\u00adli\u00adgi\u00adni\u0148, Bi\u00adlim mi\u00adnistr\u00adli\u00adgi\u00adni\u0148, Be\u00adden\u00adter\u00adbi\u00ad\u00fde we sport ba\u00adra\u00adda\u00adky d\u00f6w\u00adlet ko\u00admi\u00adte\u00adti\u00adni\u0148 bi\u00adle\u00adlik\u00adde gu\u00adra\u00adma\u00adgyn\u00adda ge\u00ad\u00e7i\u00adril\u00ad\u00fd\u00e4n g\u00f6z\u00adden ge\u00ad\u00e7i\u00adri\u00adli\u00ad\u015fi\u0148 a\u00e7y\u00adly\u015f da\u00adba\u00adra\u00adsy\u00adna Mi\u00adnistr\u00adler Ka\u00adbi\u00adne\u00adti\u00adni\u0148 Ba\u015f\u00adly\u00adgy\u00adny\u0148 orun\u00adba\u00adsar\u00adla\u00adry, da\u00ad\u015fa\u00adry d\u00f6w\u00adlet\u00adle\u00adri\u0148 we hal\u00adka\u00adra gu\u00adra\u00adma\u00adla\u00adry\u0148 \u00fdur\u00addu\u00admyz\u00adda\u00adky dip\u00adlo\u00adma\u00adtik we\u00adkil\u00adha\u00adna\u00adla\u00adry\u00adny\u0148, mi\u00adnistr\u00adlik\u00adle\u00adri\u0148 we pu\u00addak\u00adla\u00ad\u00fdyn do\u00adlan\u00addy\u00adry\u015f eda\u00adra\u00adla\u00adry\u00adny\u0148, luk\u00adman\u00ad\u00e7y\u00adlyk yl\u00admy-kli\u00adni\u00adki mer\u00adkez\u00adle\u00adri\u0148, Ylym\u00adlar aka\u00adde\u00admi\u00ad\u00fda\u00adsy\u00adny\u0148, jem\u00adgy\u00ad\u00fdet\u00ad\u00e7i\u00adlik gu\u00adra\u00adma\u00adla\u00adry\u00adny\u0148, bi\u00adlim eda\u00adra\u00adla\u00adry\u00adny\u0148, k\u00f6p\u00ad\u00e7\u00fc\u00adlik\u00adle\u00ad\u00fdin ha\u00adbar be\u00adri\u015f se\u00adri\u015f\u00adde\u00adle\u00adri\u00adni\u0148 \u00fdol\u00adba\u015f\u00ad\u00e7y\u00adla\u00adry we we\u00adkil\u00adle\u00adri, mil\u00adli sag\u00adly\u00adgy go\u00adra\u00ad\u00fdy\u015f ul\u00adga\u00admy\u00adny\u0148 i\u015f\u00adg\u00e4r\u00adle\u00adri hem-de hor\u00admat\u00adly \u00fda\u00ad\u015fu\u00adlu\u00adlar gat\u00adna\u015f\u00addy\u00adlar. \u00ddyg\u00adna\u00adnan\u00adlar hor\u00admat\u00adly Pre\u00adzi\u00adden\u00adti\u00admiz Ser\u00addar Berdimuhamedowy\u0148 fo\u00adru\u00adma gat\u00adna\u00ad\u015fy\u00adjy\u00adla\u00adra ibe\u00adren Gut\u00adla\u00adgy\u00adny uly ru\u00adhu\u00adbe\u00adlent\u00adlik bi\u00adlen di\u0148\u00adle\u00addi\u00adler.<\/p>\n<p><img decoding=\"async\" loading=\"lazy\" class=\"aligncenter wp-image-118026 size-large\" src=\"https:\/\/zamanturkmenistan.com.tm\/wp-content\/uploads\/2024\/10\/saglyk-bilim-sergi-5X2A9362-1024x683.jpg\" alt=\"\" width=\"696\" height=\"464\" srcset=\"https:\/\/zamanturkmenistan.com.tm\/wp-content\/uploads\/2024\/10\/saglyk-bilim-sergi-5X2A9362-1024x683.jpg 1024w, https:\/\/zamanturkmenistan.com.tm\/wp-content\/uploads\/2024\/10\/saglyk-bilim-sergi-5X2A9362-300x200.jpg 300w, https:\/\/zamanturkmenistan.com.tm\/wp-content\/uploads\/2024\/10\/saglyk-bilim-sergi-5X2A9362-768x512.jpg 768w, https:\/\/zamanturkmenistan.com.tm\/wp-content\/uploads\/2024\/10\/saglyk-bilim-sergi-5X2A9362-696x464.jpg 696w, https:\/\/zamanturkmenistan.com.tm\/wp-content\/uploads\/2024\/10\/saglyk-bilim-sergi-5X2A9362-1068x712.jpg 1068w, https:\/\/zamanturkmenistan.com.tm\/wp-content\/uploads\/2024\/10\/saglyk-bilim-sergi-5X2A9362-630x420.jpg 630w, https:\/\/zamanturkmenistan.com.tm\/wp-content\/uploads\/2024\/10\/saglyk-bilim-sergi-5X2A9362.jpg 1200w\" sizes=\"(max-width: 696px) 100vw, 696px\" \/><br \/>\nSer\u00adgi\u00adde \u00fdur\u00addu\u00admy\u00adzy\u0148 sag\u00adly\u00adgy go\u00adra\u00ad\u00fdy\u015f ul\u00adga\u00admy\u00adny\u0148 \u00f6s\u00fc\u015f dep\u00adgi\u00adni, T\u00fcrk\u00adme\u00adnis\u00adta\u00adny\u0148 luk\u00adman\u00ad\u00e7y\u00adlyk yl\u00admyn\u00adda we se\u00adna\u00adga\u00adtyn\u00adda, ila\u00adty\u0148 sag\u00adly\u00adgy\u00adny go\u00adra\u00admak\u00adda \u00fde\u00adten sep\u00adgit\u00adle\u00adri, \u00e4girt uly kuw\u00adwa\u00adty, da\u00ad\u015fa\u00adry \u00fdurt\u00adly hyz\u00admat\u00adda\u015f\u00adla\u00adry\u0148 bu ul\u00adgam\u00adda\u00adky i\u015f\u00adje\u0148 gat\u00adna\u00ad\u015fyk\u00adla\u00adra bar\u00adha art\u00ad\u00fdan gy\u00adzyk\u00adlan\u00adma\u00adla\u00adry \u00f6z be\u00ad\u00fda\u00adny\u00adny tap\u00ad\u00fdar.<\/p>\n<p><img decoding=\"async\" loading=\"lazy\" class=\"aligncenter wp-image-118029 size-large\" src=\"https:\/\/zamanturkmenistan.com.tm\/wp-content\/uploads\/2024\/10\/saglyk-bilim-sergi-5X2A9377-1024x683.jpg\" alt=\"\" width=\"696\" height=\"464\" srcset=\"https:\/\/zamanturkmenistan.com.tm\/wp-content\/uploads\/2024\/10\/saglyk-bilim-sergi-5X2A9377-1024x683.jpg 1024w, https:\/\/zamanturkmenistan.com.tm\/wp-content\/uploads\/2024\/10\/saglyk-bilim-sergi-5X2A9377-300x200.jpg 300w, https:\/\/zamanturkmenistan.com.tm\/wp-content\/uploads\/2024\/10\/saglyk-bilim-sergi-5X2A9377-768x512.jpg 768w, https:\/\/zamanturkmenistan.com.tm\/wp-content\/uploads\/2024\/10\/saglyk-bilim-sergi-5X2A9377-696x464.jpg 696w, https:\/\/zamanturkmenistan.com.tm\/wp-content\/uploads\/2024\/10\/saglyk-bilim-sergi-5X2A9377-1068x712.jpg 1068w, https:\/\/zamanturkmenistan.com.tm\/wp-content\/uploads\/2024\/10\/saglyk-bilim-sergi-5X2A9377-630x420.jpg 630w, https:\/\/zamanturkmenistan.com.tm\/wp-content\/uploads\/2024\/10\/saglyk-bilim-sergi-5X2A9377.jpg 1200w\" sizes=\"(max-width: 696px) 100vw, 696px\" \/><br \/>\n\u00abSag\u00adly\u00adgy go\u00adra\u00ad\u00fdy\u015f, bi\u00adlim we sport Ber\u00adka\u00adrar d\u00f6w\u00adle\u00adti\u0148 t\u00e4\u00adze e\u00fd\u00ad\u00fda\u00admy\u00adny\u0148 Gal\u00adky\u00adny\u00ad\u015fy d\u00f6w\u00adr\u00fcn\u00adde\u00bb at\u00adly hal\u00adka\u00adra ser\u00adgi 12-nji okt\u00ad\u00fdab\u00adra \u00e7en\u00adli do\u00adwam eder.<img decoding=\"async\" loading=\"lazy\" class=\"aligncenter wp-image-118027 size-large\" src=\"https:\/\/zamanturkmenistan.com.tm\/wp-content\/uploads\/2024\/10\/saglyk-bilim-sergi-5X2A9398-1024x683.jpg\" alt=\"\" width=\"696\" height=\"464\" srcset=\"https:\/\/zamanturkmenistan.com.tm\/wp-content\/uploads\/2024\/10\/saglyk-bilim-sergi-5X2A9398-1024x683.jpg 1024w, https:\/\/zamanturkmenistan.com.tm\/wp-content\/uploads\/2024\/10\/saglyk-bilim-sergi-5X2A9398-300x200.jpg 300w, https:\/\/zamanturkmenistan.com.tm\/wp-content\/uploads\/2024\/10\/saglyk-bilim-sergi-5X2A9398-768x512.jpg 768w, https:\/\/zamanturkmenistan.com.tm\/wp-content\/uploads\/2024\/10\/saglyk-bilim-sergi-5X2A9398-696x464.jpg 696w, https:\/\/zamanturkmenistan.com.tm\/wp-content\/uploads\/2024\/10\/saglyk-bilim-sergi-5X2A9398-1068x712.jpg 1068w, https:\/\/zamanturkmenistan.com.tm\/wp-content\/uploads\/2024\/10\/saglyk-bilim-sergi-5X2A9398-630x420.jpg 630w, https:\/\/zamanturkmenistan.com.tm\/wp-content\/uploads\/2024\/10\/saglyk-bilim-sergi-5X2A9398.jpg 1200w\" sizes=\"(max-width: 696px) 100vw, 696px\" \/><\/p>\n","protected":false},"excerpt":{"rendered":"<p>\u015eu g\u00fcn Olim\u00adpi\u00ad\u00fda \u015f\u00e4\u00adher\u00adji\u00adgi\u00adni\u0148 \u00abBa\u00ad\u015fa-ba\u015f s\u00f6\u00adwe\u015f sun\u00adga\u00adty\u00bb sport top\u00adlu\u00admyn\u00adda \u00abSag\u00adly\u00adgy go\u00adra\u00ad\u00fdy\u015f, bi\u00adlim we sport Ber\u00adka\u00adrar d\u00f6w\u00adle\u00adti\u0148 t\u00e4\u00adze e\u00fd\u00ad\u00fda\u00admy\u00adny\u0148 Gal\u00adky\u00adny\u00ad\u015fy d\u00f6w\u00adr\u00fcn\u00adde\u00bb at\u00adly hal\u00adka\u00adra ser\u00adgi\u00adni\u0148 a\u00e7y\u00adly\u015f da\u00adba\u00adra\u00adsy ge\u00ad\u00e7i\u00adril\u00addi. Bu \u00e7\u00e4\u00adre \u00fdur\u00addu\u00admyz\u00adda gi\u0148\u00adden bel\u00adle\u00adnil\u00ad\u00fd\u00e4n Sag\u00adly\u00adgy go\u00adra\u00ad\u00fdy\u015f we der\u00adman se\u00adna\u00adga\u00adty i\u015f\u00adg\u00e4r\u00adle\u00adri\u00adni\u0148 g\u00fc\u00adn\u00fc\u00adne ba\u00adgy\u015f\u00adlan\u00addy. Sag\u00adly\u00adgy go\u00adra\u00ad\u00fdy\u015f we der\u00adman se\u00adna\u00adga\u00adty mi\u00adnistr\u00adli\u00adgi\u00adni\u0148, Bi\u00adlim mi\u00adnistr\u00adli\u00adgi\u00adni\u0148, Be\u00adden\u00adter\u00adbi\u00ad\u00fde we sport ba\u00adra\u00adda\u00adky d\u00f6w\u00adlet ko\u00admi\u00adte\u00adti\u00adni\u0148 bi\u00adle\u00adlik\u00adde gu\u00adra\u00adma\u00adgyn\u00adda [&hellip;]<\/p>\n","protected":false},"author":2,"featured_media":118025,"comment_status":"open","ping_status":"closed","sticky":false,"template":"","format":"standard","meta":{"footnotes":""},"categories":[3],"tags":[],"acf":[],"_links":{"self":[{"href":"https:\/\/zamanturkmenistan.com.tm\/index.php?rest_route=\/wp\/v2\/posts\/118022"}],"collection":[{"href":"https:\/\/zamanturkmenistan.com.tm\/index.php?rest_route=\/wp\/v2\/posts"}],"about":[{"href":"https:\/\/zamanturkmenistan.com.tm\/index.php?rest_route=\/wp\/v2\/types\/post"}],"author":[{"embeddable":true,"href":"https:\/\/zamanturkmenistan.com.tm\/index.php?rest_route=\/wp\/v2\/users\/2"}],"replies":[{"embeddable":true,"href":"https:\/\/zamanturkmenistan.com.tm\/index.php?rest_route=%2Fwp%2Fv2%2Fcomments&post=118022"}],"version-history":[{"count":1,"href":"https:\/\/zamanturkmenistan.com.tm\/index.php?rest_route=\/wp\/v2\/posts\/118022\/revisions"}],"predecessor-version":[{"id":118030,"href":"https:\/\/zamanturkmenistan.com.tm\/index.php?rest_route=\/wp\/v2\/posts\/118022\/revisions\/118030"}],"wp:featuredmedia":[{"embeddable":true,"href":"https:\/\/zamanturkmenistan.com.tm\/index.php?rest_route=\/wp\/v2\/media\/118025"}],"wp:attachment":[{"href":"https:\/\/zamanturkmenistan.com.tm\/index.php?rest_route=%2Fwp%2Fv2%2Fmedia&parent=118022"}],"wp:term":[{"taxonomy":"category","embeddable":true,"href":"https:\/\/zamanturkmenistan.com.tm\/index.php?rest_route=%2Fwp%2Fv2%2Fcategories&post=118022"},{"taxonomy":"post_tag","embeddable":true,"href":"https:\/\/zamanturkmenistan.com.tm\/index.php?rest_route=%2Fwp%2Fv2%2Ftags&post=118022"}],"curies":[{"name":"wp","href":"https:\/\/api.w.org\/{rel}","templated":true}]}}