{"id":121807,"date":"2024-11-30T12:08:25","date_gmt":"2024-11-30T07:08:25","guid":{"rendered":"https:\/\/zamanturkmenistan.com.tm\/?p=121807"},"modified":"2024-11-30T12:08:25","modified_gmt":"2024-11-30T07:08:25","slug":"antonio-kosta-wezipesine-giriser","status":"publish","type":"post","link":"https:\/\/zamanturkmenistan.com.tm\/antonio-kosta-wezipesine-giriser\/","title":{"rendered":"Antonio Ko\u015fta wezipesine giri\u015fer"},"content":{"rendered":"<p>Portugali\u00fdany\u0148 \u00f6\u0148ki Prem\u00fder-ministri Antonio Ko\u015fta \u00ddewropa Ge\u0148e\u015fini\u0148 ba\u015flygy wezipesini \u00c7arlz Mi\u015felden aldy. \u00ddewropa Ge\u0148e\u015fini\u0148 ba\u015flygy we Belgi\u00fdany\u0148 \u00f6\u0148ki Prem\u00fder-ministri \u00c7arlz Mi\u015fel ygty\u00fdarlyklaryny Portugali\u00fdaly Antonio Kosta ge\u00e7irdi we o\u0148a \u00ddewropa Bilele\u015figini\u0148 d\u00f6wlet we h\u00f6k\u00fcmet ba\u015ftutanlaryny\u0148 resmi \u00fdygnaklarynda ulanyl\u00fdan ja\u0148y gow\u015furdy.<\/p>\n<p>Ko\u015fta azyndan 2,5 \u00fdyllap \u00ddewropa Bilele\u015figini\u0148 i\u0148 \u00fdokary sy\u00fdasy guramasyna \u00fdolba\u015f\u00e7ylyk eder. Ol \u00f6z\u00fcni\u0148 ilkinji \u00e7yky\u015fynda \u201cD\u00fcrl\u00fclikde agzybirlik\u201d \u00fd\u00f6relgesini dowam etdirmegi wada berdi.<\/p>\n<p>-H\u00e4zirki wagtda bu globalla\u015fan d\u00fcn\u00fd\u00e4de hakyky watan\u00e7ylygy\u0148, \u00f6zygty\u00fdarlylygy \u00fcpj\u00fcn etmegi\u0148 \u00fdeke-t\u00e4k \u00fdoly umumy \u00ddewropany gurmakdyr. Netijede, di\u0148e bilelikde yklymymyzda howpsuzlygy, durnuklylygy we parahat\u00e7ylygy gorap bileris \u2013 di\u00fdip, Antonio Ko\u015fta belledi.<\/p>\n<p>Maglumatlara g\u00f6r\u00e4, Ko\u015fta \u00ddewropa Bilele\u015figine agza d\u00f6wletler bilen i\u015flemek usulyny t\u00e4zelemek isle\u00fd\u00e4r. Portugali\u00fdany\u0148 \u00f6\u0148ki Prem\u00fder-ministri Kosta 1-nji dekabrda \u00ddewropa Komissarlaryny\u0148 t\u00e4ze toparyny\u0148 i\u015fe giri\u015fmegi bilen bir wagtda wezipesine giri\u015fdi.<\/p>\n<p>&nbsp;<\/p>\n","protected":false},"excerpt":{"rendered":"<p>Portugali\u00fdany\u0148 \u00f6\u0148ki Prem\u00fder-ministri Antonio Ko\u015fta \u00ddewropa Ge\u0148e\u015fini\u0148 ba\u015flygy wezipesini \u00c7arlz Mi\u015felden aldy. \u00ddewropa Ge\u0148e\u015fini\u0148 ba\u015flygy we Belgi\u00fdany\u0148 \u00f6\u0148ki Prem\u00fder-ministri \u00c7arlz Mi\u015fel ygty\u00fdarlyklaryny Portugali\u00fdaly Antonio Kosta ge\u00e7irdi we o\u0148a \u00ddewropa Bilele\u015figini\u0148 d\u00f6wlet we h\u00f6k\u00fcmet ba\u015ftutanlaryny\u0148 resmi \u00fdygnaklarynda ulanyl\u00fdan ja\u0148y gow\u015furdy. Ko\u015fta azyndan 2,5 \u00fdyllap \u00ddewropa Bilele\u015figini\u0148 i\u0148 \u00fdokary sy\u00fdasy guramasyna \u00fdolba\u015f\u00e7ylyk eder. Ol \u00f6z\u00fcni\u0148 ilkinji \u00e7yky\u015fynda [&hellip;]<\/p>\n","protected":false},"author":4,"featured_media":121808,"comment_status":"open","ping_status":"closed","sticky":false,"template":"","format":"standard","meta":{"footnotes":""},"categories":[5],"tags":[10414],"class_list":["post-121807","post","type-post","status-publish","format-standard","has-post-thumbnail","hentry","category-2dunya","tag-antonio-kosta","format-default"],"_links":{"self":[{"href":"https:\/\/zamanturkmenistan.com.tm\/wp-json\/wp\/v2\/posts\/121807","targetHints":{"allow":["GET"]}}],"collection":[{"href":"https:\/\/zamanturkmenistan.com.tm\/wp-json\/wp\/v2\/posts"}],"about":[{"href":"https:\/\/zamanturkmenistan.com.tm\/wp-json\/wp\/v2\/types\/post"}],"author":[{"embeddable":true,"href":"https:\/\/zamanturkmenistan.com.tm\/wp-json\/wp\/v2\/users\/4"}],"replies":[{"embeddable":true,"href":"https:\/\/zamanturkmenistan.com.tm\/wp-json\/wp\/v2\/comments?post=121807"}],"version-history":[{"count":1,"href":"https:\/\/zamanturkmenistan.com.tm\/wp-json\/wp\/v2\/posts\/121807\/revisions"}],"predecessor-version":[{"id":121809,"href":"https:\/\/zamanturkmenistan.com.tm\/wp-json\/wp\/v2\/posts\/121807\/revisions\/121809"}],"wp:featuredmedia":[{"embeddable":true,"href":"https:\/\/zamanturkmenistan.com.tm\/wp-json\/wp\/v2\/media\/121808"}],"wp:attachment":[{"href":"https:\/\/zamanturkmenistan.com.tm\/wp-json\/wp\/v2\/media?parent=121807"}],"wp:term":[{"taxonomy":"category","embeddable":true,"href":"https:\/\/zamanturkmenistan.com.tm\/wp-json\/wp\/v2\/categories?post=121807"},{"taxonomy":"post_tag","embeddable":true,"href":"https:\/\/zamanturkmenistan.com.tm\/wp-json\/wp\/v2\/tags?post=121807"}],"curies":[{"name":"wp","href":"https:\/\/api.w.org\/{rel}","templated":true}]}}