{"id":124328,"date":"2025-01-10T12:35:24","date_gmt":"2025-01-10T07:35:24","guid":{"rendered":"https:\/\/zamanturkmenistan.com.tm\/?p=124328"},"modified":"2025-01-10T12:36:26","modified_gmt":"2025-01-10T07:36:26","slug":"super-kubogyn-super-finaly-el-klasiko","status":"publish","type":"post","link":"https:\/\/zamanturkmenistan.com.tm\/super-kubogyn-super-finaly-el-klasiko\/","title":{"rendered":"Super Kubogy\u0148 super finaly \u2013 \u201cEl Klasiko\u201d"},"content":{"rendered":"<p>Ispani\u00fdany\u0148 Super Kubogy \u00fdary\u015fyny\u0148 finalynda bassyr 3-nji gezek d\u00fcn\u00fd\u00e4ni\u0148 i\u0148 uly du\u015fu\u015fygy hasaplan\u00fdan \u201cEl Klasiko\u201d o\u00fdnalar.<\/p>\n<p><img loading=\"lazy\" decoding=\"async\" class=\"alignnone wp-image-124329 size-large\" style=\"font-size: 15px; color: #222222;\" src=\"https:\/\/zamanturkmenistan.com.tm\/wp-content\/uploads\/2025\/01\/real-madrid-3-0-mallorca-supercopa-de-espana-2025-1024x683.jpg\" alt=\"\" width=\"696\" height=\"464\" srcset=\"https:\/\/zamanturkmenistan.com.tm\/wp-content\/uploads\/2025\/01\/real-madrid-3-0-mallorca-supercopa-de-espana-2025-1024x683.jpg 1024w, https:\/\/zamanturkmenistan.com.tm\/wp-content\/uploads\/2025\/01\/real-madrid-3-0-mallorca-supercopa-de-espana-2025-300x200.jpg 300w, https:\/\/zamanturkmenistan.com.tm\/wp-content\/uploads\/2025\/01\/real-madrid-3-0-mallorca-supercopa-de-espana-2025-768x512.jpg 768w, https:\/\/zamanturkmenistan.com.tm\/wp-content\/uploads\/2025\/01\/real-madrid-3-0-mallorca-supercopa-de-espana-2025-1536x1024.jpg 1536w, https:\/\/zamanturkmenistan.com.tm\/wp-content\/uploads\/2025\/01\/real-madrid-3-0-mallorca-supercopa-de-espana-2025-696x464.jpg 696w, https:\/\/zamanturkmenistan.com.tm\/wp-content\/uploads\/2025\/01\/real-madrid-3-0-mallorca-supercopa-de-espana-2025-1068x712.jpg 1068w, https:\/\/zamanturkmenistan.com.tm\/wp-content\/uploads\/2025\/01\/real-madrid-3-0-mallorca-supercopa-de-espana-2025-630x420.jpg 630w, https:\/\/zamanturkmenistan.com.tm\/wp-content\/uploads\/2025\/01\/real-madrid-3-0-mallorca-supercopa-de-espana-2025.jpg 1920w\" sizes=\"auto, (max-width: 696px) 100vw, 696px\" \/><\/p>\n<p>Saud Arabystanyny\u0148 Jidda \u015f\u00e4herinde ge\u00e7iril\u00fd\u00e4n \u00fdary\u015fy\u0148 \u00fdarym finalynda \u201cReal Madrid\u201d topary \u201cMal\u00fdorkany\u201d 3-0 hasabynda \u00fde\u0148li\u015fe sezewar etdi. 1-nji \u00fdarymy golsuz ge\u00e7en o\u00fdunda madridliler gollaryny\u0148 2-sini 90-njy minutdan so\u0148 ge\u00e7irdi. O\u00fdnu\u0148 63-nji minutynda Jud Bellingam hasaby a\u00e7dy. 90+2-nji minutda batly urlan top gorag\u00e7y Wal\u00fdente degip, derwez\u00e4 girdi. O\u00fdnu\u0148 90+5-nji minutynda bolsa Rodrigo du\u015fu\u015fyga so\u0148ky nokady go\u00fddy. \u015eunlukda, \u201cReal Madrid\u201d topary \u00fdary\u015f 4 toparly formata ge\u00e7eninden so\u0148, \u00fdagny 2020-nji \u00fdyldan b\u00e4ri bassyr 3-nji, umumylykda-da 4-nji gezek finalda o\u00fdnamaga hukuk gazandy.<\/p>\n<p>\u201cReal Madridi\u0148\u201d finaldaky gar\u015fyda\u015fy so\u0148ky 2 \u00fdylda bol\u015fy \u00fdaly, olary\u0148 k\u00f6ne b\u00e4sde\u015fi \u201cBarselona\u201d bolar. \u201cBarselona\u201d \u00fdarym finalda \u201cAtletik Bilbaony\u201d \u00fda\u015f \u00fdyldyzlary Gawi hem-de \u00ddamaly\u0148 gollary bilen 2-0 hasabynda \u00fde\u0148ipdi.<\/p>\n<p><img loading=\"lazy\" decoding=\"async\" class=\"alignnone wp-image-124330 size-large\" src=\"https:\/\/zamanturkmenistan.com.tm\/wp-content\/uploads\/2025\/01\/barcelona-athletik-b2-1024x683.jpg\" alt=\"\" width=\"696\" height=\"464\" srcset=\"https:\/\/zamanturkmenistan.com.tm\/wp-content\/uploads\/2025\/01\/barcelona-athletik-b2-1024x683.jpg 1024w, https:\/\/zamanturkmenistan.com.tm\/wp-content\/uploads\/2025\/01\/barcelona-athletik-b2-300x200.jpg 300w, https:\/\/zamanturkmenistan.com.tm\/wp-content\/uploads\/2025\/01\/barcelona-athletik-b2-768x512.jpg 768w, https:\/\/zamanturkmenistan.com.tm\/wp-content\/uploads\/2025\/01\/barcelona-athletik-b2-696x464.jpg 696w, https:\/\/zamanturkmenistan.com.tm\/wp-content\/uploads\/2025\/01\/barcelona-athletik-b2-1068x712.jpg 1068w, https:\/\/zamanturkmenistan.com.tm\/wp-content\/uploads\/2025\/01\/barcelona-athletik-b2-630x420.jpg 630w, https:\/\/zamanturkmenistan.com.tm\/wp-content\/uploads\/2025\/01\/barcelona-athletik-b2.jpg 1200w\" sizes=\"auto, (max-width: 696px) 100vw, 696px\" \/><\/p>\n<p>\u201cReal\u201d bilen \u201cBarselona\u201d toparlaryny\u0148 ge\u00e7en \u00fdylky du\u015fu\u015fygynda madridliler 4-1, ondan \u00f6\u0148ki \u00fdylda o\u00fdnalan finalda bolsa katalonlar 3-1 \u00fde\u0148ipdi.<\/p>\n<p>Final du\u015fu\u015fygy 12-nji \u00fdanwarda \u00fdagny \u00fdek\u015fenbe g\u00fcn\u00fcnde Jiddadaky \u201cKing Abdullah Sports City\u201d stadionynda o\u00fdnalar we du\u015fu\u015fyk A\u015fgabat wagty bilen 00:00-da ba\u015flanar. Du\u015fu\u015fyga Hesus Hil Manzano eminlik eder. Du\u015fu\u015fyk birn\u00e4\u00e7e tele\u00fda\u00fdlym (Match TV, Varzish\u2026) arkaly g\u00f6rkeziler.<\/p>\n","protected":false},"excerpt":{"rendered":"<p>Ispani\u00fdany\u0148 Super Kubogy \u00fdary\u015fyny\u0148 finalynda bassyr 3-nji gezek d\u00fcn\u00fd\u00e4ni\u0148 i\u0148 uly du\u015fu\u015fygy hasaplan\u00fdan \u201cEl Klasiko\u201d o\u00fdnalar. Saud Arabystanyny\u0148 Jidda \u015f\u00e4herinde ge\u00e7iril\u00fd\u00e4n \u00fdary\u015fy\u0148 \u00fdarym finalynda \u201cReal Madrid\u201d topary \u201cMal\u00fdorkany\u201d 3-0 hasabynda \u00fde\u0148li\u015fe sezewar etdi. 1-nji \u00fdarymy golsuz ge\u00e7en o\u00fdunda madridliler gollaryny\u0148 2-sini 90-njy minutdan so\u0148 ge\u00e7irdi. O\u00fdnu\u0148 63-nji minutynda Jud Bellingam hasaby a\u00e7dy. 90+2-nji minutda batly [&hellip;]<\/p>\n","protected":false},"author":4,"featured_media":124332,"comment_status":"open","ping_status":"closed","sticky":false,"template":"","format":"standard","meta":{"footnotes":""},"categories":[8200],"tags":[856,716,821,7194,2887,1215,10004,2775,737,7477],"class_list":{"0":"post-124328","1":"post","2":"type-post","3":"status-publish","4":"format-standard","5":"has-post-thumbnail","6":"hentry","7":"category-futbol-tm-sport","8":"tag-atletik-bilbao","9":"tag-barselona","10":"tag-el-klasiko","11":"tag-gawi","13":"tag-jud-bellingam","14":"tag-lamin-yamal","15":"tag-malyorka","16":"tag-real-madrid","17":"tag-rodrigo","18":"format-default"},"_links":{"self":[{"href":"https:\/\/zamanturkmenistan.com.tm\/wp-json\/wp\/v2\/posts\/124328","targetHints":{"allow":["GET"]}}],"collection":[{"href":"https:\/\/zamanturkmenistan.com.tm\/wp-json\/wp\/v2\/posts"}],"about":[{"href":"https:\/\/zamanturkmenistan.com.tm\/wp-json\/wp\/v2\/types\/post"}],"author":[{"embeddable":true,"href":"https:\/\/zamanturkmenistan.com.tm\/wp-json\/wp\/v2\/users\/4"}],"replies":[{"embeddable":true,"href":"https:\/\/zamanturkmenistan.com.tm\/wp-json\/wp\/v2\/comments?post=124328"}],"version-history":[{"count":2,"href":"https:\/\/zamanturkmenistan.com.tm\/wp-json\/wp\/v2\/posts\/124328\/revisions"}],"predecessor-version":[{"id":124333,"href":"https:\/\/zamanturkmenistan.com.tm\/wp-json\/wp\/v2\/posts\/124328\/revisions\/124333"}],"wp:featuredmedia":[{"embeddable":true,"href":"https:\/\/zamanturkmenistan.com.tm\/wp-json\/wp\/v2\/media\/124332"}],"wp:attachment":[{"href":"https:\/\/zamanturkmenistan.com.tm\/wp-json\/wp\/v2\/media?parent=124328"}],"wp:term":[{"taxonomy":"category","embeddable":true,"href":"https:\/\/zamanturkmenistan.com.tm\/wp-json\/wp\/v2\/categories?post=124328"},{"taxonomy":"post_tag","embeddable":true,"href":"https:\/\/zamanturkmenistan.com.tm\/wp-json\/wp\/v2\/tags?post=124328"}],"curies":[{"name":"wp","href":"https:\/\/api.w.org\/{rel}","templated":true}]}}