{"id":12488,"date":"2018-03-06T17:54:57","date_gmt":"2018-03-06T12:54:57","guid":{"rendered":"http:\/\/zamanturkmenistan.com\/?p=12488"},"modified":"2018-03-06T17:54:57","modified_gmt":"2018-03-06T12:54:57","slug":"da%c2%adkar-ral%c2%adli%c2%adsi","status":"publish","type":"post","link":"https:\/\/zamanturkmenistan.com.tm\/?p=12488","title":{"rendered":"Da\u00adkar Ral\u00adli\u00adsi"},"content":{"rendered":"<p>Ada\u00adty \u00fdol\u00adlar\u00adda ge\u00ad\u00e7i\u00adril\u00adme\u00ad\u00fd\u00e4n \u00fda\u00adry\u015f\u00adla\u00adry\u0148 i\u0148 ky\u00adny-da ady bel\u00adli Da\u00adkar Ral\u00adlisi b\u00e4s\u00adle\u00ad\u015fi\u00adgi\u00addir. Ady\u00adny Se\u00adne\u00adga\u00adly\u0148 pa\u00fd\u00adtag\u00adty Da\u00adkar \u015f\u00e4\u00adhe\u00adrin\u00adden al\u00ad\u00fdan \u00fda\u00adry\u015f il\u00adkin\u00adji ge\u00adzek 1979-njy \u00fdyl\u00adda ge\u00ad\u00e7i\u00adril\u00ad\u00fd\u00e4r. Bu b\u00e4s\u00adle\u00ad\u015fi\u00adge 1977-nji \u00fdyl\u00adda fran\u00adsi\u00ad\u00fda\u00adly s\u00fc\u00adr\u00fc\u00adji Ti\u00ader\u00adri Sa\u00adbi\u00adni\u0148 Sa\u00adha\u00adra \u00e7\u00f6\u00adl\u00fcn\u00adde aza\u015f\u00adma\u00adgy se\u00adb\u00e4p bol\u00ad\u00fdar. Sa\u00adbi\u00adni\u0148 kel\u00adle\u00adsi\u00adne \u015fol wagt \u00e7\u00f6l\u00adde ulag \u00fda\u00adry\u015f\u00adla\u00adry\u00adny\u0148 ge\u00ad\u00e7i\u00adri\u00adlip bil\u00adjek\u00addi\u00adgi ba\u00adra\u00adda pi\u00adkir gel\u00ad\u00fd\u00e4r. \u015eon\u00addan b\u00e4\u00adri-de her \u00fdy\u00adly\u0148 \u00fdan\u00adwar a\u00fdyn\u00adda ge\u00ad\u00e7i\u00adri\u00adlip ge\u00adlin\u00ad\u00fd\u00e4n b\u00e4s\u00adle\u00ad\u015fik 2008-nji \u00fdy\u00adla \u00e7en\u00adli \u00ddew\u00adro\u00adpa bi\u00adlen Af\u00adri\u00adka yk\u00adly\u00admy\u00adny \u00f6z\u00fc\u00adne mes\u00adgen tu\u00adtup\u00addy. \u015eol \u00fdyl\u00addan b\u00e4\u00adri-de ab\u00adra\u00fd\u00adly b\u00e4s\u00adle\u00ad\u015fik G\u00fc\u00adnor\u00adta Ame\u00adri\u00adka\u00adny\u0148 \u00e7\u00f6l\u00adle\u00adrin\u00adde, dag\u00adla\u00adryn\u00adda, ba\u00ad\u00fdyr\u00adlyk\u00adla\u00adryn\u00adda, bat\u00adga\u00adlyk\u00adla\u00adryn\u00adda ge\u00ad\u00e7i\u00adril\u00ad\u00fd\u00e4r. \u015eu \u00fdyl 40-njy sa\u00adpar ge\u00ad\u00e7i\u00adri\u00adlen \u00fda\u00adry\u00ad\u015fa umu\u00admy\u00adlyk\u00adda \u00fde\u00ad\u0148il we \u00fd\u00fck ulag\u00adla\u00adry, mo\u00adto\u00adsikl hem-de ku\u00adad\u00adra\u00adsikl bo\u00ad\u00fdun\u00ad\u00e7a s\u00fc\u00adr\u00fc\u00adji\u00adle\u00adri\u0148 300-e go\u00adla\u00ad\u00fdy gat\u00adna\u015f\u00ad\u00fdar. Iki hep\u00adde\u00adl\u00e4p do\u00adwam ed\u00ad\u00fd\u00e4n \u00fda\u00adry\u015f\u00adda s\u00fc\u00adr\u00fc\u00adji\u00adler 9 m\u00fc\u0148 ki\u00adlo\u00admetr t\u00f6\u00adwe\u00adre\u00adgi \u00fdol ge\u00e7\u00ad\u00fd\u00e4r\u00adler. Da\u00adkar Ral\u00adli\u00adsin\u00adde i\u0148 k\u00f6p \u00fde\u00ad\u0148i\u00adji bo\u00adlan s\u00fc\u00adr\u00fc\u00adji fran\u00adsi\u00ad\u00fda\u00adly Ste\u00adfan Pe\u00adte\u00adran\u00adsel\u00addir. Ol 7 sa\u00adpar \u00fde\u00ad\u0148il ulag\u00adlar\u00adda, 6 ge\u00adze\u00adgem mo\u00adto\u00adsikl \u00fda\u00adry\u015f\u00adla\u00adryn\u00adda \u00fde\u00ad\u0148i\u015f ga\u00adzan\u00addy.<\/p>\n","protected":false},"excerpt":{"rendered":"<p>Ada\u00adty \u00fdol\u00adlar\u00adda ge\u00ad\u00e7i\u00adril\u00adme\u00ad\u00fd\u00e4n \u00fda\u00adry\u015f\u00adla\u00adry\u0148 i\u0148 ky\u00adny-da ady bel\u00adli Da\u00adkar Ral\u00adlisi b\u00e4s\u00adle\u00ad\u015fi\u00adgi\u00addir. Ady\u00adny Se\u00adne\u00adga\u00adly\u0148 pa\u00fd\u00adtag\u00adty Da\u00adkar \u015f\u00e4\u00adhe\u00adrin\u00adden al\u00ad\u00fdan \u00fda\u00adry\u015f il\u00adkin\u00adji ge\u00adzek 1979-njy \u00fdyl\u00adda ge\u00ad\u00e7i\u00adril\u00ad\u00fd\u00e4r. Bu b\u00e4s\u00adle\u00ad\u015fi\u00adge 1977-nji \u00fdyl\u00adda fran\u00adsi\u00ad\u00fda\u00adly s\u00fc\u00adr\u00fc\u00adji Ti\u00ader\u00adri Sa\u00adbi\u00adni\u0148 Sa\u00adha\u00adra \u00e7\u00f6\u00adl\u00fcn\u00adde aza\u015f\u00adma\u00adgy se\u00adb\u00e4p bol\u00ad\u00fdar. Sa\u00adbi\u00adni\u0148 kel\u00adle\u00adsi\u00adne \u015fol wagt \u00e7\u00f6l\u00adde ulag \u00fda\u00adry\u015f\u00adla\u00adry\u00adny\u0148 ge\u00ad\u00e7i\u00adri\u00adlip bil\u00adjek\u00addi\u00adgi ba\u00adra\u00adda pi\u00adkir gel\u00ad\u00fd\u00e4r. \u015eon\u00addan b\u00e4\u00adri-de her \u00fdy\u00adly\u0148 \u00fdan\u00adwar a\u00fdyn\u00adda ge\u00ad\u00e7i\u00adri\u00adlip [&hellip;]<\/p>\n","protected":false},"author":1,"featured_media":12489,"comment_status":"open","ping_status":"closed","sticky":false,"template":"","format":"standard","meta":{"footnotes":""},"categories":[13],"tags":[],"acf":[],"_links":{"self":[{"href":"https:\/\/zamanturkmenistan.com.tm\/index.php?rest_route=\/wp\/v2\/posts\/12488"}],"collection":[{"href":"https:\/\/zamanturkmenistan.com.tm\/index.php?rest_route=\/wp\/v2\/posts"}],"about":[{"href":"https:\/\/zamanturkmenistan.com.tm\/index.php?rest_route=\/wp\/v2\/types\/post"}],"author":[{"embeddable":true,"href":"https:\/\/zamanturkmenistan.com.tm\/index.php?rest_route=\/wp\/v2\/users\/1"}],"replies":[{"embeddable":true,"href":"https:\/\/zamanturkmenistan.com.tm\/index.php?rest_route=%2Fwp%2Fv2%2Fcomments&post=12488"}],"version-history":[{"count":0,"href":"https:\/\/zamanturkmenistan.com.tm\/index.php?rest_route=\/wp\/v2\/posts\/12488\/revisions"}],"wp:featuredmedia":[{"embeddable":true,"href":"https:\/\/zamanturkmenistan.com.tm\/index.php?rest_route=\/wp\/v2\/media\/12489"}],"wp:attachment":[{"href":"https:\/\/zamanturkmenistan.com.tm\/index.php?rest_route=%2Fwp%2Fv2%2Fmedia&parent=12488"}],"wp:term":[{"taxonomy":"category","embeddable":true,"href":"https:\/\/zamanturkmenistan.com.tm\/index.php?rest_route=%2Fwp%2Fv2%2Fcategories&post=12488"},{"taxonomy":"post_tag","embeddable":true,"href":"https:\/\/zamanturkmenistan.com.tm\/index.php?rest_route=%2Fwp%2Fv2%2Ftags&post=12488"}],"curies":[{"name":"wp","href":"https:\/\/api.w.org\/{rel}","templated":true}]}}