{"id":148281,"date":"2025-10-11T10:12:24","date_gmt":"2025-10-11T05:12:24","guid":{"rendered":"https:\/\/zamanturkmenistan.com.tm\/?p=148281"},"modified":"2025-10-11T10:17:08","modified_gmt":"2025-10-11T05:17:08","slug":"turkmenistanyn-wekiliyeti-adam-olcegleri-boyunca-warsawa-maslahatyna-gatnasdy","status":"publish","type":"post","link":"https:\/\/zamanturkmenistan.com.tm\/?p=148281","title":{"rendered":"T\u00fcrkmenistany\u0148 wekili\u00fdeti Adam \u00f6l\u00e7egleri bo\u00fdun\u00e7a War\u015fawa maslahatyna gatna\u015fdy"},"content":{"rendered":"<p>6-njy okt\u00fdabrda \u00ddHHG-ni\u0148 \u00fdanyndaky T\u00fcrkmenistany\u0148 wekili\u00fdeti Finl\u00fdandi\u00fdany\u0148 hem-de \u00ddHHG-ni\u0148 Demokratik institutlar we adam hukuklary bo\u00fdun\u00e7a b\u00fdurosyny\u0148 guramagyndaky Adam \u00f6l\u00e7egleri bo\u00fdun\u00e7a War\u015fawa maslahatynda \u00e7yky\u015f etdi.<br \/>\nT\u00fcrkmenistany\u0148 \u00ddHHG-ni\u0148 \u00fdanyndaky Hemi\u015felik wekili Hemra Amannazarow \u00e7yky\u015fynda T\u00fcrkmenistany\u0148 \u00ddHHG we onu\u0148 institutlary bilen hyzmatda\u015flygyna berk ygrarlydygyny tassyklady.<br \/>\nAdam hukuklaryny goramak, ynsanperwer sy\u00fdasaty we sosial integrasi\u00fda ugurlarda T\u00fcrkmenistany\u0148 \u00fdeten sepgitleri barada bellenip ge\u00e7ildi, \u015fe\u00fdle-de \u00fdurdumyzy\u0148 ynsanperwerlik, de\u0148lik we halkara hyzmatda\u015flyk \u00fd\u00f6relgelerine ygrarlydygy hakynda nygtaldy.<br \/>\n\u015ee\u00fdlelikde, T\u00fcrkmenistany\u0148 Gara\u015fsyzlygyny\u0148 34 \u00fdyllygy mynasybetli 2025-nji \u00fdyly\u0148 26-njy sent\u00fdabrynda Prezident Serdar Berdimuhamedowy\u0148 Permany bilen g\u00fcn\u00e4si ge\u00e7ilen 225 ra\u00fdat esasy jeza \u00e7\u00e4resini \u00e7ekmekden bo\u015fadyldy. Bu bolsa T\u00fcrkmenistany\u0148 kazy\u00fdet sy\u00fdasatyny\u0148 ynsanperwerlik h\u00e4si\u00fdetini \u00fdene bir gezek g\u00f6rkezdi.<br \/>\nT\u00fcrkmenistany\u0148 Prezidentini\u0148 Karary esasynda 15 milleti\u0148, 7 \u00fdurdu\u0148 wekili bolup dur\u00fdan 142 sany da\u015fary \u00fdurt ra\u00fdatyna T\u00fcrkmenistanda \u00fda\u015famak \u00fc\u00e7in ygty\u00fdarnama berildi.<br \/>\n2024-nji \u00fdylda Birle\u015fen Milletler Guramasyny\u0148 Bosgunlary\u0148 i\u015fi baradaky \u00ddokary komissaryny\u0148 m\u00fcdirligi T\u00fcrkmenistany\u0148 \u00f6z \u00e7\u00e4ginde ra\u00fdatsyzlygy\u0148 \u00e4hli m\u00e4lim bolan \u00fdagda\u00fdlaryny \u00fcst\u00fcnlikli d\u00fczg\u00fcnle\u015fdirendigini, \u015fe\u00fdlelik bilen BMG-ni\u0148 #IBelong \u00e4hlumumy kampani\u00fdasyny\u0148 \u00e7\u00e4klerinde \u00f6z bor\u00e7namalaryny berja\u00fd edendigini tassyklady. \u015ee\u00fdlelik-de, T\u00fcrkmenistan ra\u00fdatsyzlygy \u00fdok etmek meseleleri bo\u00fdun\u00e7a d\u00fcn\u00fd\u00e4de \u00f6\u0148debaryjy \u00fderi e\u00fdeledi. Bu bolsa \u00fdurdumyzy\u0148 halkara ynsanperwer standartlaryny berja\u00fd etmeklige ygrarlydygyny \u00fdene bir gezek g\u00f6rkezdi.<br \/>\n\u00c7yky\u015fy\u0148 dowamynda BMG-ni\u0148 Ba\u015f Assamble\u00fdasyny\u0148 80-nji sessi\u00fdasynda T\u00fcrkmenistany\u0148 K\u00f6pdilli diplomati\u00fdany\u0148 halkara g\u00fcn\u00fcni yglan etmek ba\u015flangyjy bilen \u00e7yky\u015f edendigi barada bellenip ge\u00e7ildi, bu bolsa T\u00fcrkmenistany\u0148 hallara dialoga, \u00f6zara d\u00fc\u015f\u00fcni\u015fmege we medeni, dil d\u00fcrl\u00fclige bolan hormata ygrarlydygyny g\u00f6rkez\u00fd\u00e4r.<br \/>\nT\u00fcrkmenistan demokratik gymmatlyklary, adam hukuklaryny we kanuny\u0148 h\u00f6km\u00fcrowanlygyny \u00f6\u0148e s\u00fcrmek maksady bilen \u00ddHHG, \u00ddHHG-ni\u0148 Demokratik institutlar we adam hukuklary bo\u00fdun\u00e7a b\u00fdurosy we be\u00fdleki halkara institutlar bilen ysny\u015fykly we konstruktiw gatna\u015fyklary dowam etm\u00e4ge ta\u00fd\u00fdardygyny tassykla\u00fdar.<\/p>\n","protected":false},"excerpt":{"rendered":"<p>6-njy okt\u00fdabrda \u00ddHHG-ni\u0148 \u00fdanyndaky T\u00fcrkmenistany\u0148 wekili\u00fdeti Finl\u00fdandi\u00fdany\u0148 hem-de \u00ddHHG-ni\u0148 Demokratik institutlar we adam hukuklary bo\u00fdun\u00e7a b\u00fdurosyny\u0148 guramagyndaky Adam \u00f6l\u00e7egleri bo\u00fdun\u00e7a War\u015fawa maslahatynda \u00e7yky\u015f etdi. T\u00fcrkmenistany\u0148 \u00ddHHG-ni\u0148 \u00fdanyndaky Hemi\u015felik wekili Hemra Amannazarow \u00e7yky\u015fynda T\u00fcrkmenistany\u0148 \u00ddHHG we onu\u0148 institutlary bilen hyzmatda\u015flygyna berk ygrarlydygyny tassyklady. Adam hukuklaryny goramak, ynsanperwer sy\u00fdasaty we sosial integrasi\u00fda ugurlarda T\u00fcrkmenistany\u0148 \u00fdeten sepgitleri barada [&hellip;]<\/p>\n","protected":false},"author":2,"featured_media":148287,"comment_status":"open","ping_status":"closed","sticky":false,"template":"","format":"standard","meta":{"footnotes":""},"categories":[3],"tags":[],"acf":[],"_links":{"self":[{"href":"https:\/\/zamanturkmenistan.com.tm\/index.php?rest_route=\/wp\/v2\/posts\/148281"}],"collection":[{"href":"https:\/\/zamanturkmenistan.com.tm\/index.php?rest_route=\/wp\/v2\/posts"}],"about":[{"href":"https:\/\/zamanturkmenistan.com.tm\/index.php?rest_route=\/wp\/v2\/types\/post"}],"author":[{"embeddable":true,"href":"https:\/\/zamanturkmenistan.com.tm\/index.php?rest_route=\/wp\/v2\/users\/2"}],"replies":[{"embeddable":true,"href":"https:\/\/zamanturkmenistan.com.tm\/index.php?rest_route=%2Fwp%2Fv2%2Fcomments&post=148281"}],"version-history":[{"count":1,"href":"https:\/\/zamanturkmenistan.com.tm\/index.php?rest_route=\/wp\/v2\/posts\/148281\/revisions"}],"predecessor-version":[{"id":148283,"href":"https:\/\/zamanturkmenistan.com.tm\/index.php?rest_route=\/wp\/v2\/posts\/148281\/revisions\/148283"}],"wp:featuredmedia":[{"embeddable":true,"href":"https:\/\/zamanturkmenistan.com.tm\/index.php?rest_route=\/wp\/v2\/media\/148287"}],"wp:attachment":[{"href":"https:\/\/zamanturkmenistan.com.tm\/index.php?rest_route=%2Fwp%2Fv2%2Fmedia&parent=148281"}],"wp:term":[{"taxonomy":"category","embeddable":true,"href":"https:\/\/zamanturkmenistan.com.tm\/index.php?rest_route=%2Fwp%2Fv2%2Fcategories&post=148281"},{"taxonomy":"post_tag","embeddable":true,"href":"https:\/\/zamanturkmenistan.com.tm\/index.php?rest_route=%2Fwp%2Fv2%2Ftags&post=148281"}],"curies":[{"name":"wp","href":"https:\/\/api.w.org\/{rel}","templated":true}]}}