{"id":148290,"date":"2025-10-11T10:51:12","date_gmt":"2025-10-11T05:51:12","guid":{"rendered":"https:\/\/zamanturkmenistan.com.tm\/?p=148290"},"modified":"2025-10-11T10:51:12","modified_gmt":"2025-10-11T05:51:12","slug":"makron-premyer-ministr-wezipesine-sebastyan-lekornunyyny-tazeden-belledi","status":"publish","type":"post","link":"https:\/\/zamanturkmenistan.com.tm\/?p=148290","title":{"rendered":"Makron Prem\u00fder-ministr wezipesine Sebast\u00fdan Lekornun\u00fdyny t\u00e4zeden belledi"},"content":{"rendered":"<p>Fransi\u00fdany\u0148 Prezidenti Emmanuel Makron, Sebast\u00fdan Lekorn\u00fduny i\u015finden \u00e7ekilenden birn\u00e4\u00e7e g\u00fcn so\u0148 Prem\u00fder-ministr wezipesine belledi. \u00ddelise\u00fd k\u00f6\u015fgi tarapyndan \u00fda\u00fdradylan maglumatlara g\u00f6r\u00e4, Makron Lekorn\u00fduny t\u00e4zeden belledi we o\u0148a t\u00e4ze h\u00f6k\u00fcmet gurmagy tab\u015fyrdy.<br \/>\nFransi\u00fdany\u0148 Prezidenti \u00ddelise\u00fd k\u00f6\u015fg\u00fcnde parlamentd\u00e4ki sy\u00fdasy parti\u00fdalary\u0148 wekilleri bilen dowam ed\u00fd\u00e4n h\u00f6k\u00fcmet \u00e7\u00f6kg\u00fcnligini ara alyp maslahatla\u015fmak \u00fc\u00e7in \u00fdygnak ge\u00e7irdi. Du\u015fu\u015fyga a\u015fa sag\u00e7y \u00abMilli bilele\u015figi\u0148\u00bb (RN) we \u00e7ep\u00e7i \u00ab\u00ddanbermez Fransi\u00fda\u00bb (LFI) parti\u00fdalaryny\u0148 wekilleri \u00e7agyrylmady.<br \/>\nMerkezi sag\u00e7y sy\u00fdasat\u00e7y Mi\u015fel Barneni\u0148 h\u00f6k\u00fcmeti bary-\u00fdogy \u00fc\u00e7 a\u00fd dowam etdi we 2025-nji \u00fdyly\u0148 b\u00fdujeti baradaky d\u00fc\u015f\u00fcni\u015fmezlikler seb\u00e4pli ynamsyzlyk sesi berlenden so\u0148, 2024-nji \u00fdyly\u0148 4-nji dekabrynda i\u015finden \u00e7ekildi.<br \/>\nMakron 2024-nji \u00fdyly\u0148 13-nji dekabrynda Fransua Ba\u00fdruny Prem\u00fder-ministr wezipesine belledi. D\u00f6wlet karzy seb\u00e4pli \u00e7ynlaka\u00fd kyn\u00e7ylyklara du\u00e7ar bolan \u00fdurtda b\u00fdujet ara alyp maslahatla\u015fmalary h\u00f6k\u00fcmet bilen parti\u00fdalary\u0148 arasyndaky esasy d\u00fc\u015f\u00fcni\u015fmezlige \u00f6wr\u00fcldi.<br \/>\nBa\u00fdru ozal 2026-njy \u00fdyldaky b\u00fdujet ses beri\u015fliginden \u00f6\u0148, h\u00f6k\u00fcmete bolan ynam sesini orta atmak isle\u00fd\u00e4ndigini m\u00e4lim etdi. Bu resminama, k\u00e4bir dyn\u00e7 aly\u015f g\u00fcnlerini \u00fdatyrmak arkaly, takmynan, 43 milliard \u00fdewro tyg\u015fytlamagy g\u00f6z \u00f6\u0148\u00fcnde tut\u00fdar.<br \/>\nBa\u00fdruny\u0148 Kabineti 8-nji sent\u00fdabrda ynam sesini alyp bilmedi, \u015fondan so\u0148 Makron 9-njy sent\u00fdabrda Goranmak ministri Sebast\u00fdan Lekorn\u00fduny Prem\u00fder-ministr wezipesine belledi. Lekorn\u00fdu 5-nji okt\u00fdabrda t\u00e4ze h\u00f6k\u00fcmet gurdy, \u00fd\u00f6ne jemgy\u00fdeti\u0148 n\u00e4gileligi seb\u00e4pli ertesi g\u00fcn i\u015finden \u00e7ekilipdi.<\/p>\n","protected":false},"excerpt":{"rendered":"<p>Fransi\u00fdany\u0148 Prezidenti Emmanuel Makron, Sebast\u00fdan Lekorn\u00fduny i\u015finden \u00e7ekilenden birn\u00e4\u00e7e g\u00fcn so\u0148 Prem\u00fder-ministr wezipesine belledi. \u00ddelise\u00fd k\u00f6\u015fgi tarapyndan \u00fda\u00fdradylan maglumatlara g\u00f6r\u00e4, Makron Lekorn\u00fduny t\u00e4zeden belledi we o\u0148a t\u00e4ze h\u00f6k\u00fcmet gurmagy tab\u015fyrdy. Fransi\u00fdany\u0148 Prezidenti \u00ddelise\u00fd k\u00f6\u015fg\u00fcnde parlamentd\u00e4ki sy\u00fdasy parti\u00fdalary\u0148 wekilleri bilen dowam ed\u00fd\u00e4n h\u00f6k\u00fcmet \u00e7\u00f6kg\u00fcnligini ara alyp maslahatla\u015fmak \u00fc\u00e7in \u00fdygnak ge\u00e7irdi. Du\u015fu\u015fyga a\u015fa sag\u00e7y \u00abMilli bilele\u015figi\u0148\u00bb (RN) [&hellip;]<\/p>\n","protected":false},"author":2,"featured_media":148293,"comment_status":"open","ping_status":"closed","sticky":false,"template":"","format":"standard","meta":{"footnotes":""},"categories":[5],"tags":[],"acf":[],"_links":{"self":[{"href":"https:\/\/zamanturkmenistan.com.tm\/index.php?rest_route=\/wp\/v2\/posts\/148290"}],"collection":[{"href":"https:\/\/zamanturkmenistan.com.tm\/index.php?rest_route=\/wp\/v2\/posts"}],"about":[{"href":"https:\/\/zamanturkmenistan.com.tm\/index.php?rest_route=\/wp\/v2\/types\/post"}],"author":[{"embeddable":true,"href":"https:\/\/zamanturkmenistan.com.tm\/index.php?rest_route=\/wp\/v2\/users\/2"}],"replies":[{"embeddable":true,"href":"https:\/\/zamanturkmenistan.com.tm\/index.php?rest_route=%2Fwp%2Fv2%2Fcomments&post=148290"}],"version-history":[{"count":1,"href":"https:\/\/zamanturkmenistan.com.tm\/index.php?rest_route=\/wp\/v2\/posts\/148290\/revisions"}],"predecessor-version":[{"id":148294,"href":"https:\/\/zamanturkmenistan.com.tm\/index.php?rest_route=\/wp\/v2\/posts\/148290\/revisions\/148294"}],"wp:featuredmedia":[{"embeddable":true,"href":"https:\/\/zamanturkmenistan.com.tm\/index.php?rest_route=\/wp\/v2\/media\/148293"}],"wp:attachment":[{"href":"https:\/\/zamanturkmenistan.com.tm\/index.php?rest_route=%2Fwp%2Fv2%2Fmedia&parent=148290"}],"wp:term":[{"taxonomy":"category","embeddable":true,"href":"https:\/\/zamanturkmenistan.com.tm\/index.php?rest_route=%2Fwp%2Fv2%2Fcategories&post=148290"},{"taxonomy":"post_tag","embeddable":true,"href":"https:\/\/zamanturkmenistan.com.tm\/index.php?rest_route=%2Fwp%2Fv2%2Ftags&post=148290"}],"curies":[{"name":"wp","href":"https:\/\/api.w.org\/{rel}","templated":true}]}}