{"id":32905,"date":"2020-08-22T18:32:54","date_gmt":"2020-08-22T13:32:54","guid":{"rendered":"https:\/\/zamanturkmenistan.com.tm\/?p=32905"},"modified":"2020-08-22T18:32:56","modified_gmt":"2020-08-22T13:32:56","slug":"suwasty-gecelge-gurlar-2","status":"publish","type":"post","link":"https:\/\/zamanturkmenistan.com.tm\/suwasty-gecelge-gurlar-2\/","title":{"rendered":"Su\u00adwas\u00adty ge\u00e7elge gur\u00adlar"},"content":{"rendered":"<p>Ita\u00adli\u00ad\u00fda\u00adda \u00fdur\u00addu\u0148 yk\u00adlym b\u00f6\u00adle\u00adgi\u00adni su\u00adwas\u00adty ge\u00ad\u00e7el\u00adge ar\u00adka\u00adly Si\u00adsi\u00adli\u00ad\u00fda ada\u00adsy bi\u00adlen bi\u00adrik\u00addir\u00admek bo\u00ad\u00fdun\u00ad\u00e7a tas\u00adla\u00adma h\u00f6\u00add\u00fcr\u00adlen\u00addi. \u00ddur\u00addu\u0148 ha\u00adbar be\u00adri\u015f se\u00adri\u015f\u00adde\u00adle\u00adri\u00adni\u0148 mag\u00adlu\u00admat\u00adla\u00adry\u00adna g\u00f6\u00adr\u00e4, Prem\u00ad\u00fder-mi\u00adnistr Ju\u00adzep\u00adpe Kon\u00adte bu taslamany tas\u00adsyk\u00adla\u00addy. Bel\u00adle\u00adni\u00adli\u00ad\u015fi \u00fda\u00adly, tunnel Mes\u00adsi\u00adna bo\u00adga\u00adzy\u00adny\u0148 a\u015fa\u00adgyn\u00addan \u2013 Si\u00adsi\u00adli\u00ad\u00fda\u00adny\u0148 g\u00fcn\u00addo\u00adgar ujy bi\u00adlen Ka\u00adlab\u00adri\u00ad\u00fda yk\u00adlym se\u00adbi\u00adti\u00adni\u0148 ara\u00adsyn\u00adda gur\u00adlar. Mun\u00addan ba\u015f\u00adga-da, bo\u00adga\u00adzy\u0148 i\u0148 dar b\u00f6\u00adle\u00adgi\u00adni\u0148 ini \u00fc\u00e7 ki\u00adlo\u00admet\u00adre de\u0148\u00addir. Si\u00adsi\u00adli\u00ad\u00fda\u00adny ga\u00addy\u00admy d\u00f6\u00adw\u00fcr\u00adler\u00adde-de yk\u00adlym bi\u00adlen bag\u00adla\u00adny\u015f\u00addyr\u00admak is\u00adl\u00e4p\u00addir\u00adler. \u00dd\u00f6\u00adne ol wagt\u00adlar k\u00f6p\u00adri gur\u00admak hak\u00adda g\u00fcr\u00adr\u00fc\u0148 gi\u00adden eken. In\u00ad\u017ee\u00adner\u00adle\u00adri\u0148 k\u00f6p san\u00adly tas\u00adla\u00adma\u00adla\u00adry d\u00f6\u00adre\u00adden\u00addi\u00adgi\u00adne ga\u00adra\u00admaz\u00addan, ola\u00adry\u0148 hi\u00e7 bi\u00adri\u00adsi ama\u00adla a\u015f\u00adman ga\u00adlyp\u00addyr.<br \/>\nSu\u00adwas\u00adty ge\u00ad\u00e7el\u00adg\u00e4\u00adni\u0148 tas\u00adla\u00adma\u00adsy in\u00ad\u017ee\u00ad\u00adner Jo\u00adwan\u00adni Sak\u00adka ta\u00adra\u00adpyn\u00addan \u00fc\u00e7 \u00fdyl mun\u00addan ozal i\u015f\u00adle\u00adnip d\u00fc\u00adz\u00fcl\u00addi. \u015ee\u00fd\u00adle-de bol\u00adsa, so\u0148\u00adky wag\u00adta \u00e7en\u00adli h\u00f6\u00adk\u00fc\u00admet gu\u00adtar\u00adnyk\u00adly ka\u00adra\u00adra ge\u00adlip bil\u00adme\u00addi. Tas\u00adla\u00adma\u00adny\u0148 b\u00e4\u015f \u00fdyl\u00adda ta\u00admam\u00adlan\u00adma\u00adgy\u00adna we 1,5 mil\u00adliard \u00fdew\u00adro sarp edil\u00adme\u00adgi\u00adne ga\u00adra\u00ad\u015fyl\u00ad\u00fdar. \u015eol bir wag\u00adty\u0148 \u00f6z\u00fcn\u00adde, gur\u00adlu\u00ad\u015fy\u00adgy\u0148 ug\u00adrun\u00adda\u00adky \u00fde\u00adras\u00adty \u00fdol\u00adla\u00adr, ara\u00adgat\u00adna\u00ad\u015fyk we ar\u00adheo\u00adlo\u00adgik bar\u00adlag\u00adlar bi\u00adlen tu\u00adtu\u015f tas\u00adla\u00adma\u00adny\u0148 ba\u00adha\u00adsy 5 mil\u00adliard dol\u00adla\u00adra de\u0148 bo\u00adlar.<br \/>\nMun\u00addan ba\u015f\u00adga-da, bu me\u00ad\u00fdil\u00adna\u00adma Ita\u00adli\u00ad\u00fda\u00addan Pa\u00adler\u00admo \u00e7en\u00adli \u00fdo\u00adka\u00adry tiz\u00adlik\u00adli de\u00admir \u00fdol ul\u00adga\u00admy\u00adny\u0148 do\u00adwam et\u00addi\u00adril\u00adme\u00adgi\u00adni \u00f6z i\u00e7i\u00adne al\u00ad\u00fdar. Tas\u00adla\u00adma \u00fc\u00e7in se\u00adri\u015f\u00adde\u00adler, \u00ddew\u00adro\u00adpa \u00fdurt\u00adla\u00adry\u00adny\u0148 yk\u00addy\u00adsa\u00addy\u00ad\u00fde\u00adti\u00adni gol\u00adda\u00admak \u00fc\u00e7in go\u00adla\u00fd\u00adda d\u00f6\u00adre\u00addi\u00adlen ykdysady di\u00adkel\u00addi\u015f gaz\u00adna\u00adsyn\u00addan ge\u00adler.<\/p>\n","protected":false},"excerpt":{"rendered":"<p>Ita\u00adli\u00ad\u00fda\u00adda \u00fdur\u00addu\u0148 yk\u00adlym b\u00f6\u00adle\u00adgi\u00adni su\u00adwas\u00adty ge\u00ad\u00e7el\u00adge ar\u00adka\u00adly Si\u00adsi\u00adli\u00ad\u00fda ada\u00adsy bi\u00adlen bi\u00adrik\u00addir\u00admek bo\u00ad\u00fdun\u00ad\u00e7a tas\u00adla\u00adma h\u00f6\u00add\u00fcr\u00adlen\u00addi. \u00ddur\u00addu\u0148 ha\u00adbar be\u00adri\u015f se\u00adri\u015f\u00adde\u00adle\u00adri\u00adni\u0148 mag\u00adlu\u00admat\u00adla\u00adry\u00adna g\u00f6\u00adr\u00e4, Prem\u00ad\u00fder-mi\u00adnistr Ju\u00adzep\u00adpe Kon\u00adte bu taslamany tas\u00adsyk\u00adla\u00addy. Bel\u00adle\u00adni\u00adli\u00ad\u015fi \u00fda\u00adly, tunnel Mes\u00adsi\u00adna bo\u00adga\u00adzy\u00adny\u0148 a\u015fa\u00adgyn\u00addan \u2013 Si\u00adsi\u00adli\u00ad\u00fda\u00adny\u0148 g\u00fcn\u00addo\u00adgar ujy bi\u00adlen Ka\u00adlab\u00adri\u00ad\u00fda yk\u00adlym se\u00adbi\u00adti\u00adni\u0148 ara\u00adsyn\u00adda gur\u00adlar. Mun\u00addan ba\u015f\u00adga-da, bo\u00adga\u00adzy\u0148 i\u0148 dar b\u00f6\u00adle\u00adgi\u00adni\u0148 ini \u00fc\u00e7 ki\u00adlo\u00admet\u00adre de\u0148\u00addir. Si\u00adsi\u00adli\u00ad\u00fda\u00adny ga\u00addy\u00admy d\u00f6\u00adw\u00fcr\u00adler\u00adde-de [&hellip;]<\/p>\n","protected":false},"author":1,"featured_media":32912,"comment_status":"open","ping_status":"closed","sticky":false,"template":"","format":"standard","meta":{"footnotes":""},"categories":[5],"tags":[],"class_list":["post-32905","post","type-post","status-publish","format-standard","has-post-thumbnail","hentry","category-2dunya"],"_links":{"self":[{"href":"https:\/\/zamanturkmenistan.com.tm\/wp-json\/wp\/v2\/posts\/32905","targetHints":{"allow":["GET"]}}],"collection":[{"href":"https:\/\/zamanturkmenistan.com.tm\/wp-json\/wp\/v2\/posts"}],"about":[{"href":"https:\/\/zamanturkmenistan.com.tm\/wp-json\/wp\/v2\/types\/post"}],"author":[{"embeddable":true,"href":"https:\/\/zamanturkmenistan.com.tm\/wp-json\/wp\/v2\/users\/1"}],"replies":[{"embeddable":true,"href":"https:\/\/zamanturkmenistan.com.tm\/wp-json\/wp\/v2\/comments?post=32905"}],"version-history":[{"count":0,"href":"https:\/\/zamanturkmenistan.com.tm\/wp-json\/wp\/v2\/posts\/32905\/revisions"}],"wp:featuredmedia":[{"embeddable":true,"href":"https:\/\/zamanturkmenistan.com.tm\/wp-json\/wp\/v2\/media\/32912"}],"wp:attachment":[{"href":"https:\/\/zamanturkmenistan.com.tm\/wp-json\/wp\/v2\/media?parent=32905"}],"wp:term":[{"taxonomy":"category","embeddable":true,"href":"https:\/\/zamanturkmenistan.com.tm\/wp-json\/wp\/v2\/categories?post=32905"},{"taxonomy":"post_tag","embeddable":true,"href":"https:\/\/zamanturkmenistan.com.tm\/wp-json\/wp\/v2\/tags?post=32905"}],"curies":[{"name":"wp","href":"https:\/\/api.w.org\/{rel}","templated":true}]}}