{"id":35270,"date":"2020-10-29T16:46:30","date_gmt":"2020-10-29T11:46:30","guid":{"rendered":"https:\/\/zamanturkmenistan.com.tm\/?p=35270"},"modified":"2020-10-29T16:46:32","modified_gmt":"2020-10-29T11:46:32","slug":"italiyada-garasylmadyk-yenis","status":"publish","type":"post","link":"https:\/\/zamanturkmenistan.com.tm\/italiyada-garasylmadyk-yenis\/","title":{"rendered":"Itali\u00fdada gara\u015fylmadyk \u00fde\u0148i\u015f"},"content":{"rendered":"\n<p>\n\n\n\n\n\n\n\n\n\n\n\n\n\n\n\n\nWelosport \u201cGran Tur\u201d \u00fdol \u00fdary\u015flaryny\u0148 i\u0148 esasy 2-nji b\u00e4sle\u015figi \u201cGiro\nd\u2019Italia\u201d tamamlandy. Pandemi\u00fda seb\u00e4pli adaty ge\u00e7iril\u00fd\u00e4n wagtyndan 4 a\u00fd so\u0148\nguralan \u00fdary\u015fda Be\u00fdik britani\u00fdaly Teo Ge\u00fdgan Hart \u00fde\u0148iji boldy. Britani\u00fdany\u0148 \u201c<a href=\"https:\/\/en.wikipedia.org\/wiki\/Ineos_Grenadiers\">Ineos Grenadiers<\/a>\u201d toparyny\u0148 25 \u00fda\u015fly s\u00fcr\u00fcjisi so\u0148ky tapgyrda umumy\nsanawda 1-nji orny e\u00fdel\u00e4p, gara\u015fylmadyk \u00fde\u0148i\u015f gazandy. Di\u0148e 15-nji we 21-nji\ntapgyrlarda \u00fde\u0148iji bolan Teo Ge\u00fdgan Hart so\u0148ky tapgyrda Je\u00fd Hindliden \u00f6\u0148e\nsa\u00fdlanmagy ba\u015fardy. Hart 3361,4 kilometrlik aralygy 85 sagat 40 minut 21\nsekuntda tamamlamagy ba\u015fardy. Gara\u015fylmadyk bu \u00fde\u0148i\u015f 25 \u00fda\u015fly t\u00fcrgeni\u0148 ilkinji\n\u00e7empionlygy boldy. 103-nji gezek ge\u00e7irilen \u00fdary\u015fda \u00fde\u0148ijiden 39 sekunt yza\ngalan \u201cTeam Subway\u201d toparyny\u0148 t\u00fcrgeni Je\u00fd Hindli 2-nji, topary\u0148 ba\u015fga\nwelosport\u00e7ysy, 18-19-njy tapgyrlarda umumy sanawda \u00f6\u0148e sa\u00fdlanan Wilko Kelderman\n3-nji \u00fderi e\u00fdeledi. 3-nji tapgyrda g\u00fclg\u00fcne k\u00f6\u00fdnek\u00e7\u00e4ni ge\u00fdip, 17-nji tapgyra\n\u00e7enli umumy sanawda i\u0148 \u00f6\u0148d\u00e4ki orny \u00f6z\u00fcnde saklan \u017doao Almeida 4-nji \u00fder bilen\no\u0148\u0148ut etmeli boldy.\n\n\n\n<\/p>\n","protected":false},"excerpt":{"rendered":"<p>Welosport \u201cGran Tur\u201d \u00fdol \u00fdary\u015flaryny\u0148 i\u0148 esasy 2-nji b\u00e4sle\u015figi \u201cGiro d\u2019Italia\u201d tamamlandy. Pandemi\u00fda seb\u00e4pli adaty ge\u00e7iril\u00fd\u00e4n wagtyndan 4 a\u00fd so\u0148 guralan \u00fdary\u015fda Be\u00fdik britani\u00fdaly Teo Ge\u00fdgan Hart \u00fde\u0148iji boldy. Britani\u00fdany\u0148 \u201cIneos Grenadiers\u201d toparyny\u0148 25 \u00fda\u015fly s\u00fcr\u00fcjisi so\u0148ky tapgyrda umumy sanawda 1-nji orny e\u00fdel\u00e4p, gara\u015fylmadyk \u00fde\u0148i\u015f gazandy. Di\u0148e 15-nji we 21-nji tapgyrlarda \u00fde\u0148iji bolan Teo Ge\u00fdgan [&hellip;]<\/p>\n","protected":false},"author":2,"featured_media":35271,"comment_status":"open","ping_status":"closed","sticky":false,"template":"","format":"standard","meta":{"footnotes":""},"categories":[13],"tags":[],"class_list":["post-35270","post","type-post","status-publish","format-standard","has-post-thumbnail","hentry","category-3sport"],"_links":{"self":[{"href":"https:\/\/zamanturkmenistan.com.tm\/wp-json\/wp\/v2\/posts\/35270","targetHints":{"allow":["GET"]}}],"collection":[{"href":"https:\/\/zamanturkmenistan.com.tm\/wp-json\/wp\/v2\/posts"}],"about":[{"href":"https:\/\/zamanturkmenistan.com.tm\/wp-json\/wp\/v2\/types\/post"}],"author":[{"embeddable":true,"href":"https:\/\/zamanturkmenistan.com.tm\/wp-json\/wp\/v2\/users\/2"}],"replies":[{"embeddable":true,"href":"https:\/\/zamanturkmenistan.com.tm\/wp-json\/wp\/v2\/comments?post=35270"}],"version-history":[{"count":0,"href":"https:\/\/zamanturkmenistan.com.tm\/wp-json\/wp\/v2\/posts\/35270\/revisions"}],"wp:featuredmedia":[{"embeddable":true,"href":"https:\/\/zamanturkmenistan.com.tm\/wp-json\/wp\/v2\/media\/35271"}],"wp:attachment":[{"href":"https:\/\/zamanturkmenistan.com.tm\/wp-json\/wp\/v2\/media?parent=35270"}],"wp:term":[{"taxonomy":"category","embeddable":true,"href":"https:\/\/zamanturkmenistan.com.tm\/wp-json\/wp\/v2\/categories?post=35270"},{"taxonomy":"post_tag","embeddable":true,"href":"https:\/\/zamanturkmenistan.com.tm\/wp-json\/wp\/v2\/tags?post=35270"}],"curies":[{"name":"wp","href":"https:\/\/api.w.org\/{rel}","templated":true}]}}