{"id":35802,"date":"2020-11-13T12:03:19","date_gmt":"2020-11-13T07:03:19","guid":{"rendered":"https:\/\/zamanturkmenistan.com.tm\/?p=35802"},"modified":"2020-11-13T12:03:19","modified_gmt":"2020-11-13T07:03:19","slug":"asean-yn-37-nji-sammiti-gecirilyar","status":"publish","type":"post","link":"https:\/\/zamanturkmenistan.com.tm\/asean-yn-37-nji-sammiti-gecirilyar\/","title":{"rendered":"ASEAN-y\u0148 37-nji sam\u00admi\u00adti ge\u00ad\u00e7i\u00adri\u00adl\u00fd\u00e4r"},"content":{"rendered":"<p>W\u00fdet\u00adna\u00admy\u0148 Prem\u00ad\u00fder-mi\u00adnist\u00adri Nguen Su\u00adan Fuku\u0148 ba\u015flyklyk etmeginde 37-nji ASEAN sam\u00admi\u00adti\u00ad we o\u0148a de\u00adgi\u015f\u00adli \u00fdyg\u00adnak\u00adla\u00adr wi\u00addeo kon\u00adfe\u00adren\u00adsi\u00ad\u00fda ar\u00adka\u00adly ge\u00e7iril\u00ad\u00fd\u00e4r. Mas\u00adla\u00adha\u00adty\u0148 do\u00adwa\u00admyn\u00adda Prem\u00ad\u00fder-mi\u00adnistr Nguen Su\u00adan Fuk we ASEAN-a ag\u00adza \u00fdurt\u00adla\u00adry\u0148 \u00fdol\u00adba\u015f\u00ad\u00e7y\u00adla\u00adry gu\u00adra\u00adma\u00adny\u0148 gel\u00adjek\u00adde ile\u00adri tut\u00ad\u00fdan ugur\u00adla\u00adry\u00adny we ba\u015f\u00adlan\u00adgy\u00e7\u00adla\u00adry\u00adny \u00f6s\u00add\u00fcr\u00adme\u00adgi\u0148, \u015fe\u00fd\u00adle hem, hyz\u00admat\u00adda\u015f\u00adlyk gat\u00adna\u00ad\u015fyk\u00adla\u00adry\u00adny has-da ber\u00adkit\u00adme\u00adgi\u0148 me\u00adse\u00adle\u00adle\u00adri\u00adni ara alyp mas\u00adla\u00adhat\u00adla\u00ad\u015fdy\u00adlar.<br \/>\nWi\u00addeo kon\u00adfe\u00adren\u00adsi\u00ad\u00fda ar\u00adka\u00adly ge\u00ad\u00e7i\u00adril\u00ad\u00fd\u00e4n sam\u00admi\u00adti\u0148 do\u00adwa\u00admyn\u00adda ta\u00adrap\u00adlar gy\u00adzyk\u00adlan\u00adma bil\u00addi\u00adril\u00ad\u00fd\u00e4n hal\u00adka\u00adra we se\u00adbi\u00adta\u00adra me\u00adse\u00adle\u00adle\u00adri bo\u00ad\u00fdun\u00ad\u00e7a pi\u00adkir al\u00ad\u015fyp, d\u00fcn\u00ad\u00fd\u00e4\u00adde eme\u00adle ge\u00adlen \u00e7yl\u00ad\u015fy\u00adrym\u00adly \u00fdag\u00adda\u00fd\u00adlar\u00adda gu\u00adra\u00adma\u00adny\u0148 esa\u00adsy or\u00adnu\u00adny kes\u00adgit\u00adle\u00addi\u00adler. Sam\u00admit\u00adde gu\u00adra\u00adma\u00adny\u0148 ag\u00adza \u00fdurt\u00adla\u00adryn\u00addan we hyz\u00admat\u00adda\u015f\u00adla\u00adryn\u00addan jem\u00adle\u00adnen ma\u00adli\u00ad\u00fde se\u00adri\u015f\u00adde\u00adle\u00adri\u00adni\u0148 ha\u00adsa\u00adby\u00adna d\u00fcn\u00ad\u00fd\u00e4\u00adde eme\u00adle ge\u00adlen \u00e7yl\u00ad\u015fy\u00adrym\u00adly \u00fdag\u00adda\u00fd\u00adla\u00adra g\u00f6\u00adn\u00fck\u00addir\u00adm\u00e4\u00adge ni\u00ad\u00fdet\u00adle\u00adnen gaz\u00adna\u00adny\u0148 esas\u00adlan\u00addy\u00adry\u00adlan\u00addy\u00adgy ha\u00adbar be\u00adril\u00addi. \u015ee\u00fd\u00adle hem 37-nji ASEAN sam\u00admi\u00adtin\u00adde se\u00adbit \u00fc\u00e7in luk\u00adman\u00ad\u00e7y\u00adlyk mak\u00adsat\u00adly \u00e4ti\u00ad\u00fda\u00e7\u00adlyk go\u00adru\u00adny we sag\u00adlyk mer\u00adkez\u00adle\u00adri\u00adni\u0148 ul\u00adga\u00admy\u00adny d\u00f6\u00adret\u00admek ba\u00adra\u00adda ka\u00adrar ka\u00adbul edi\u00adldi.<br \/>\nG\u00fc\u00adnor\u00adta-G\u00fcn\u00addo\u00adgar Azi\u00ad\u00fda \u00fdurt\u00adla\u00adry\u00adny\u0148 as\u00adso\u00adsia\u00adsi\u00ad\u00fda\u00adsy\u00adny\u0148 (ASEAN) Bru\u00adne\u00fd, Kam\u00adbo\u00adja, In\u00addo\u00adne\u00adzi\u00ad\u00fda, La\u00ados, Ma\u00adla\u00fd\u00adzi\u00ad\u00fda, M\u00fdan\u00adma, Fi\u00adlip\u00adpin\u00adler, Sin\u00adga\u00adpur, Ta\u00fd\u00adland we W\u00fdet\u00adnam \u00fda\u00adly 10 ag\u00adza d\u00f6w\u00adle\u00adti bar.<\/p>\n<p>12-nji no\u00ad\u00fdabr\u00adda \u00f6z i\u015fine ba\u015flan \u00fdokary derejeli halkara \u00fdygnak 15-nji no\u00ad\u00fdabra \u00e7enli dowam eder.<\/p>\n","protected":false},"excerpt":{"rendered":"<p>W\u00fdet\u00adna\u00admy\u0148 Prem\u00ad\u00fder-mi\u00adnist\u00adri Nguen Su\u00adan Fuku\u0148 ba\u015flyklyk etmeginde 37-nji ASEAN sam\u00admi\u00adti\u00ad we o\u0148a de\u00adgi\u015f\u00adli \u00fdyg\u00adnak\u00adla\u00adr wi\u00addeo kon\u00adfe\u00adren\u00adsi\u00ad\u00fda ar\u00adka\u00adly ge\u00e7iril\u00ad\u00fd\u00e4r. Mas\u00adla\u00adha\u00adty\u0148 do\u00adwa\u00admyn\u00adda Prem\u00ad\u00fder-mi\u00adnistr Nguen Su\u00adan Fuk we ASEAN-a ag\u00adza \u00fdurt\u00adla\u00adry\u0148 \u00fdol\u00adba\u015f\u00ad\u00e7y\u00adla\u00adry gu\u00adra\u00adma\u00adny\u0148 gel\u00adjek\u00adde ile\u00adri tut\u00ad\u00fdan ugur\u00adla\u00adry\u00adny we ba\u015f\u00adlan\u00adgy\u00e7\u00adla\u00adry\u00adny \u00f6s\u00add\u00fcr\u00adme\u00adgi\u0148, \u015fe\u00fd\u00adle hem, hyz\u00admat\u00adda\u015f\u00adlyk gat\u00adna\u00ad\u015fyk\u00adla\u00adry\u00adny has-da ber\u00adkit\u00adme\u00adgi\u0148 me\u00adse\u00adle\u00adle\u00adri\u00adni ara alyp mas\u00adla\u00adhat\u00adla\u00ad\u015fdy\u00adlar. Wi\u00addeo kon\u00adfe\u00adren\u00adsi\u00ad\u00fda ar\u00adka\u00adly ge\u00ad\u00e7i\u00adril\u00ad\u00fd\u00e4n sam\u00admi\u00adti\u0148 do\u00adwa\u00admyn\u00adda ta\u00adrap\u00adlar gy\u00adzyk\u00adlan\u00adma [&hellip;]<\/p>\n","protected":false},"author":2,"featured_media":35803,"comment_status":"open","ping_status":"closed","sticky":false,"template":"","format":"standard","meta":{"footnotes":""},"categories":[3],"tags":[],"class_list":["post-35802","post","type-post","status-publish","format-standard","has-post-thumbnail","hentry","category-habarlar"],"_links":{"self":[{"href":"https:\/\/zamanturkmenistan.com.tm\/wp-json\/wp\/v2\/posts\/35802","targetHints":{"allow":["GET"]}}],"collection":[{"href":"https:\/\/zamanturkmenistan.com.tm\/wp-json\/wp\/v2\/posts"}],"about":[{"href":"https:\/\/zamanturkmenistan.com.tm\/wp-json\/wp\/v2\/types\/post"}],"author":[{"embeddable":true,"href":"https:\/\/zamanturkmenistan.com.tm\/wp-json\/wp\/v2\/users\/2"}],"replies":[{"embeddable":true,"href":"https:\/\/zamanturkmenistan.com.tm\/wp-json\/wp\/v2\/comments?post=35802"}],"version-history":[{"count":0,"href":"https:\/\/zamanturkmenistan.com.tm\/wp-json\/wp\/v2\/posts\/35802\/revisions"}],"wp:featuredmedia":[{"embeddable":true,"href":"https:\/\/zamanturkmenistan.com.tm\/wp-json\/wp\/v2\/media\/35803"}],"wp:attachment":[{"href":"https:\/\/zamanturkmenistan.com.tm\/wp-json\/wp\/v2\/media?parent=35802"}],"wp:term":[{"taxonomy":"category","embeddable":true,"href":"https:\/\/zamanturkmenistan.com.tm\/wp-json\/wp\/v2\/categories?post=35802"},{"taxonomy":"post_tag","embeddable":true,"href":"https:\/\/zamanturkmenistan.com.tm\/wp-json\/wp\/v2\/tags?post=35802"}],"curies":[{"name":"wp","href":"https:\/\/api.w.org\/{rel}","templated":true}]}}