{"id":36698,"date":"2020-12-10T12:51:45","date_gmt":"2020-12-10T07:51:45","guid":{"rendered":"https:\/\/zamanturkmenistan.com.tm\/?p=36698"},"modified":"2020-12-10T12:51:45","modified_gmt":"2020-12-10T07:51:45","slug":"real-madrid-25-nji-gezek-2-nji-tapgyra-cykdy-inter-ucin-yewrokuboklar-tamamlandy","status":"publish","type":"post","link":"https:\/\/zamanturkmenistan.com.tm\/real-madrid-25-nji-gezek-2-nji-tapgyra-cykdy-inter-ucin-yewrokuboklar-tamamlandy\/","title":{"rendered":"\u201cReal Madrid\u201d 25-nji gezek 2-nji tapgyra \u00e7ykdy, \u201cInter\u201d \u00fc\u00e7in \u00ddewrokuboklar tamamlandy"},"content":{"rendered":"<p>UEFA \u00c7empionlar ligasynda topar\u00e7alardaky du\u015fu\u015fyklar tamamlanyp, 1\/8 finalda \u00e7yky\u015f etjek klublar belli boldy. \u201cB\u201d topar\u00e7ada \u201cReal Madrid\u201d Karim Benzemany\u0148 (9, 32) gollary bilen 2-0 hasabynda \u00fde\u0148ip, 1-nji \u00fderi e\u00fdeledi. O\u00fdunda \u00fdene-de birn\u00e4\u00e7e amatly pursatlardan \u00fderlikli pe\u00fddalanyp bilmedi. \u015ee\u00fdlelikde, \u00fdary\u015f \u00c7empionlar ligasyny adyny alaly b\u00e4ri 25-nji gezek gatna\u015f\u00fdan \u201cReal Madrid\u201d 25-nji gezek 2-nji tapgyra (ple\u00fd-off) \u00e7ykmagy ba\u015fardy. Benzema 527-nji gezek Realy\u0148 k\u00f6\u00fdnek\u00e7esini ge\u00fdip, bu ugurda Realy\u0148 i\u0148 k\u00f6p du\u015fu\u015fyk ge\u00e7iren da\u015fary \u00fdurtly futbol\u00e7ysy Roberto Karlosy\u0148 rekordyna \u015f\u00e4rik boldy.<\/p>\n<p>Be\u00fdleki o\u00fdunda \u201cInter\u201d \u00f6z me\u00fddan\u00e7asynda \u201c\u015eaht\u00fdor Donesk\u201d bilen golsuz de\u0148me-de\u0148 o\u00fdnap, \u00ddewrokuboklary\u0148 da\u015fynda galdy. Bu de\u0148likden so\u0148, \u201cBorussi\u00fda M\u201d topary \u201cReal Madrid\u201d bilen bilelikde taryhynda ilkinji gezek 1\/8 finala adyny \u00fdazdyrdy. \u201cBorussi\u00fda M\u201d topary bij\u00e4 4-nji torbadan go\u015fulypdy.<\/p>\n","protected":false},"excerpt":{"rendered":"<p>UEFA \u00c7empionlar ligasynda topar\u00e7alardaky du\u015fu\u015fyklar tamamlanyp, 1\/8 finalda \u00e7yky\u015f etjek klublar belli boldy. \u201cB\u201d topar\u00e7ada \u201cReal Madrid\u201d Karim Benzemany\u0148 (9, 32) gollary bilen 2-0 hasabynda \u00fde\u0148ip, 1-nji \u00fderi e\u00fdeledi. O\u00fdunda \u00fdene-de birn\u00e4\u00e7e amatly pursatlardan \u00fderlikli pe\u00fddalanyp bilmedi. \u015ee\u00fdlelikde, \u00fdary\u015f \u00c7empionlar ligasyny adyny alaly b\u00e4ri 25-nji gezek gatna\u015f\u00fdan \u201cReal Madrid\u201d 25-nji gezek 2-nji tapgyra (ple\u00fd-off) \u00e7ykmagy [&hellip;]<\/p>\n","protected":false},"author":2,"featured_media":36699,"comment_status":"open","ping_status":"closed","sticky":false,"template":"","format":"standard","meta":{"footnotes":""},"categories":[13],"tags":[],"class_list":["post-36698","post","type-post","status-publish","format-standard","has-post-thumbnail","hentry","category-3sport"],"_links":{"self":[{"href":"https:\/\/zamanturkmenistan.com.tm\/wp-json\/wp\/v2\/posts\/36698","targetHints":{"allow":["GET"]}}],"collection":[{"href":"https:\/\/zamanturkmenistan.com.tm\/wp-json\/wp\/v2\/posts"}],"about":[{"href":"https:\/\/zamanturkmenistan.com.tm\/wp-json\/wp\/v2\/types\/post"}],"author":[{"embeddable":true,"href":"https:\/\/zamanturkmenistan.com.tm\/wp-json\/wp\/v2\/users\/2"}],"replies":[{"embeddable":true,"href":"https:\/\/zamanturkmenistan.com.tm\/wp-json\/wp\/v2\/comments?post=36698"}],"version-history":[{"count":0,"href":"https:\/\/zamanturkmenistan.com.tm\/wp-json\/wp\/v2\/posts\/36698\/revisions"}],"wp:featuredmedia":[{"embeddable":true,"href":"https:\/\/zamanturkmenistan.com.tm\/wp-json\/wp\/v2\/media\/36699"}],"wp:attachment":[{"href":"https:\/\/zamanturkmenistan.com.tm\/wp-json\/wp\/v2\/media?parent=36698"}],"wp:term":[{"taxonomy":"category","embeddable":true,"href":"https:\/\/zamanturkmenistan.com.tm\/wp-json\/wp\/v2\/categories?post=36698"},{"taxonomy":"post_tag","embeddable":true,"href":"https:\/\/zamanturkmenistan.com.tm\/wp-json\/wp\/v2\/tags?post=36698"}],"curies":[{"name":"wp","href":"https:\/\/api.w.org\/{rel}","templated":true}]}}