{"id":37003,"date":"2020-12-19T12:11:45","date_gmt":"2020-12-19T07:11:45","guid":{"rendered":"https:\/\/zamanturkmenistan.com.tm\/?p=37003"},"modified":"2020-12-19T12:11:45","modified_gmt":"2020-12-19T07:11:45","slug":"wef-in-maslahaty-singapurda-guralar","status":"publish","type":"post","link":"https:\/\/zamanturkmenistan.com.tm\/wef-in-maslahaty-singapurda-guralar\/","title":{"rendered":"WEF-i\u0148 mas\u00adla\u00adha\u00adty Sin\u00adga\u00adpur\u00adda guralar"},"content":{"rendered":"<p>Her \u00fdyl \u015ewe\u00fd\u00adsa\u00adri\u00ad\u00fda\u00adda gu\u00adral\u00ad\u00fdan B\u00fc\u00adtin\u00add\u00fcn\u00ad\u00fd\u00e4 yk\u00addy\u00adsa\u00addy fo\u00adru\u00admy (WEF) in\u00addi\u00adki \u00fdyl il\u00adkin\u00adji ge\u00adzek Sin\u00adga\u00adpur\u00adda ge\u00ad\u00e7i\u00adri\u00adler. Bu ba\u00adra\u00adda WEF-i\u0148 \u00fde\u00adri\u00adne \u00fde\u00adti\u00adri\u00adji di\u00adrek\u00adto\u00adry Ad\u00adri\u00adan Monk:<br \/>\n\u2013 B\u00fc\u00adtin\u00add\u00fcn\u00ad\u00fd\u00e4 yk\u00addy\u00adsa\u00addy fo\u00adru\u00admy her \u00fdyl\u00adda gu\u00adra\u00ad\u00fdan \u00fd\u00f6\u00adri\u00adte mas\u00adla\u00adha\u00adty\u00adny 2021-nji \u00fdy\u00adly\u0148 13-16-njy ma\u00fd ara\u00adly\u00adgyn\u00adda Sin\u00adga\u00adpur\u00adda ge\u00ad\u00e7i\u00adrer. Mas\u00adla\u00adha\u00adty\u0148 ge\u00ad\u00e7i\u00adril\u00ad\u00fd\u00e4n \u00fde\u00adri\u00adni \u00fc\u00fdt\u00adget\u00admek ba\u00adra\u00adda\u00adky ka\u00adrar d\u00fcn\u00ad\u00fd\u00e4\u00adde eme\u00adle ge\u00adlen \u00e7yl\u00ad\u015fy\u00adrym\u00adly \u00fdag\u00adda\u00fd\u00adlar bi\u00adlen bag\u00adla\u00adny\u00ad\u015fyk\u00adly ka\u00adbul edil\u00addi. Du\u00ad\u015fu\u00ad\u015fy\u00adgy ge\u00ad\u00e7ir\u00admek \u00fc\u00e7in Sin\u00adga\u00adpur i\u0148 amat\u00adly \u00fder di\u00fd\u00adlip ka\u00adra\u00adra ge\u00adlin\u00addi \u2013 di\u00ad\u00fdip, bel\u00adle\u00addi. WEF-i\u0148 Sin\u00adga\u00adpur\u00adda gu\u00adra\u00adjak mas\u00adla\u00adha\u00adty\u00adny\u0148 glo\u00adbal di\u00adke\u00adldi\u00ad\u015fe ba\u00adgy\u015f\u00adla\u00adnan il\u00adkin\u00adji sy\u00ad\u00fda\u00adsy \u00e7\u00e4\u00adre\u00addi\u00adgi\u00adni bel\u00adl\u00e4n Ad\u00adri\u00adan Monk, bu fo\u00adru\u00admy\u0148 d\u00fcn\u00ad\u00fd\u00e4\u00adni\u0148 i\u0148 m\u00f6\u00adh\u00fcm me\u00adse\u00adle\u00adle\u00adri\u00adni\u0148 \u00e7\u00f6z\u00adg\u00fct\u00adle\u00adri\u00adni i\u015f\u00adl\u00e4p d\u00fcz\u00admek\u00adde a\u00fd\u00adra\u00adtyn \u00e4h\u00admi\u00ad\u00fde\u00adte e\u00fde bol\u00adjak\u00addy\u00adgy\u00adny tassyklady.<br \/>\n\u2013 Sin\u00adga\u00adpur sam\u00admi\u00adti di\u00adkel\u00addi\u015f i\u015f\u00adle\u00adri\u00adni n\u00e4\u00adhi\u00adli ter\u00adtip\u00adde alyp bar\u00adma\u00adly\u00addy\u00adgy\u00admy\u00adzy mas\u00adla\u00adhat\u00adla\u015f\u00admak \u00fc\u00e7in m\u00f6\u00adh\u00fcm esas bo\u00adlup hyz\u00admat eder. Mas\u00adla\u00adha\u00adty\u0148 do\u00adwa\u00admyn\u00adda d\u00fcn\u00ad\u00fd\u00e4\u00adde eme\u00adle ge\u00adlen \u00e7yl\u00ad\u015fy\u00adrym\u00adly \u00fdag\u00adda\u00fd\u00adlar ba\u015f\u00adla\u00adly b\u00e4\u00adri i\u015fe\u00adw\u00fcr\u00adler, h\u00f6\u00adk\u00fc\u00admet we ra\u00ad\u00fdat jem\u00adgy\u00ad\u00fdet\u00adle\u00adri\u00adni\u0148 \u00fdol\u00adba\u015f\u00ad\u00e7y\u00adla\u00adry il\u00adkin\u00adji ge\u00adzek \u00fd\u00fcz\u00adbe-\u00fd\u00fcz du\u00ad\u015fu\u00ad\u015far\u00adlar \u2013 di\u00ad\u00fdip, WEF-i\u0148 ba\u015f\u00adly\u00adgy we esas\u00adlan\u00addy\u00adry\u00adjy\u00adsy Klaus \u015ewab a\u00fdt\u00addy. \u015ee\u00fd\u00adle hem ol bu mas\u00adla\u00adha\u00adty\u0148 2022-nji \u00fdyl\u00adda \u00fde\u00adne-de \u015ewe\u00fd\u00adsa\u00adri\u00ad\u00fda\u00adny\u0148 Da\u00adwos \u015f\u00e4\u00adhe\u00adrin\u00adde ge\u00ad\u00e7i\u00adril\u00adjek\u00addi\u00adgi\u00adni ha\u00adbar ber\u00addi.<br \/>\nWEF mun\u00addan ozal d\u00e4p bo\u00adlup gel\u00ad\u00fd\u00e4n Da\u00adwos hep\u00adde\u00adli\u00adgi\u00adni 2021-nji \u00fdy\u00adly\u0148 25-29-njy \u00fdan\u00adwa\u00adr ara\u00adly\u00adgyn\u00adda on\u00adla\u00fdn ter\u00adtip\u00adde ge\u00ad\u00e7ir\u00adme\u00adgi me\u00ad\u00fdil\u00adle\u015f\u00addi\u00adrip\u00addi. \u00c7\u00e4\u00adr\u00e4\u00adni gu\u00adra\u00fd\u00adjy\u00adlar bu mas\u00adla\u00adhat\u00adda, esa\u00adsan, \u00f6za\u00adra yna\u00admy di\u00adkelt\u00admek, 2021-nji \u00fdyl \u00fc\u00e7in ze\u00adrur \u00fd\u00f6\u00adrel\u00adge\u00adle\u00adri, sy\u00ad\u00fda\u00adsat\u00adla\u00adry we hyz\u00admat\u00adda\u015f\u00adly\u00adgy i\u015f\u00adl\u00e4p d\u00fcz\u00admek \u00fda\u00adly m\u00f6\u00adh\u00fcm me\u00adse\u00adle\u00adle\u00adri\u0148 ara al\u00adnyp mas\u00adla\u00adhat\u00adla\u00ad\u015fyl\u00adjak\u00addy\u00adgy\u00adny ha\u00adbar be\u00adrip\u00addi.<\/p>\n","protected":false},"excerpt":{"rendered":"<p>Her \u00fdyl \u015ewe\u00fd\u00adsa\u00adri\u00ad\u00fda\u00adda gu\u00adral\u00ad\u00fdan B\u00fc\u00adtin\u00add\u00fcn\u00ad\u00fd\u00e4 yk\u00addy\u00adsa\u00addy fo\u00adru\u00admy (WEF) in\u00addi\u00adki \u00fdyl il\u00adkin\u00adji ge\u00adzek Sin\u00adga\u00adpur\u00adda ge\u00ad\u00e7i\u00adri\u00adler. Bu ba\u00adra\u00adda WEF-i\u0148 \u00fde\u00adri\u00adne \u00fde\u00adti\u00adri\u00adji di\u00adrek\u00adto\u00adry Ad\u00adri\u00adan Monk: \u2013 B\u00fc\u00adtin\u00add\u00fcn\u00ad\u00fd\u00e4 yk\u00addy\u00adsa\u00addy fo\u00adru\u00admy her \u00fdyl\u00adda gu\u00adra\u00ad\u00fdan \u00fd\u00f6\u00adri\u00adte mas\u00adla\u00adha\u00adty\u00adny 2021-nji \u00fdy\u00adly\u0148 13-16-njy ma\u00fd ara\u00adly\u00adgyn\u00adda Sin\u00adga\u00adpur\u00adda ge\u00ad\u00e7i\u00adrer. Mas\u00adla\u00adha\u00adty\u0148 ge\u00ad\u00e7i\u00adril\u00ad\u00fd\u00e4n \u00fde\u00adri\u00adni \u00fc\u00fdt\u00adget\u00admek ba\u00adra\u00adda\u00adky ka\u00adrar d\u00fcn\u00ad\u00fd\u00e4\u00adde eme\u00adle ge\u00adlen \u00e7yl\u00ad\u015fy\u00adrym\u00adly \u00fdag\u00adda\u00fd\u00adlar bi\u00adlen bag\u00adla\u00adny\u00ad\u015fyk\u00adly ka\u00adbul edil\u00addi. Du\u00ad\u015fu\u00ad\u015fy\u00adgy ge\u00ad\u00e7ir\u00admek [&hellip;]<\/p>\n","protected":false},"author":1,"featured_media":37010,"comment_status":"open","ping_status":"closed","sticky":false,"template":"","format":"standard","meta":{"footnotes":""},"categories":[5],"tags":[],"class_list":["post-37003","post","type-post","status-publish","format-standard","has-post-thumbnail","hentry","category-2dunya"],"_links":{"self":[{"href":"https:\/\/zamanturkmenistan.com.tm\/wp-json\/wp\/v2\/posts\/37003","targetHints":{"allow":["GET"]}}],"collection":[{"href":"https:\/\/zamanturkmenistan.com.tm\/wp-json\/wp\/v2\/posts"}],"about":[{"href":"https:\/\/zamanturkmenistan.com.tm\/wp-json\/wp\/v2\/types\/post"}],"author":[{"embeddable":true,"href":"https:\/\/zamanturkmenistan.com.tm\/wp-json\/wp\/v2\/users\/1"}],"replies":[{"embeddable":true,"href":"https:\/\/zamanturkmenistan.com.tm\/wp-json\/wp\/v2\/comments?post=37003"}],"version-history":[{"count":0,"href":"https:\/\/zamanturkmenistan.com.tm\/wp-json\/wp\/v2\/posts\/37003\/revisions"}],"wp:featuredmedia":[{"embeddable":true,"href":"https:\/\/zamanturkmenistan.com.tm\/wp-json\/wp\/v2\/media\/37010"}],"wp:attachment":[{"href":"https:\/\/zamanturkmenistan.com.tm\/wp-json\/wp\/v2\/media?parent=37003"}],"wp:term":[{"taxonomy":"category","embeddable":true,"href":"https:\/\/zamanturkmenistan.com.tm\/wp-json\/wp\/v2\/categories?post=37003"},{"taxonomy":"post_tag","embeddable":true,"href":"https:\/\/zamanturkmenistan.com.tm\/wp-json\/wp\/v2\/tags?post=37003"}],"curies":[{"name":"wp","href":"https:\/\/api.w.org\/{rel}","templated":true}]}}