{"id":37256,"date":"2020-12-24T17:13:50","date_gmt":"2020-12-24T12:13:50","guid":{"rendered":"https:\/\/zamanturkmenistan.com.tm\/?p=37256"},"modified":"2020-12-24T17:13:50","modified_gmt":"2020-12-24T12:13:50","slug":"germaniyada-parlament-saylawlary-geciriler","status":"publish","type":"post","link":"https:\/\/zamanturkmenistan.com.tm\/germaniyada-parlament-saylawlary-geciriler\/","title":{"rendered":"Germani\u00fdada parlament sa\u00fdlawlary ge\u00e7iriler"},"content":{"rendered":"<p>Germani\u00fdany\u0148 Prezidenti Frank-Walter \u015eta\u00fdnma\u00fder \u00fdurtda 2021-nji \u00fdyly\u0148 ahyrynda Parlament (Bundestag) sa\u00fdlawlaryny\u0148 ge\u00e7iriljekdigini m\u00e4lim etdi. Bundestagy\u0148 20-nji \u00e7agyry\u015fyna sa\u00fdlawlar 2021-nji \u00fdyly\u0148 26-njy sent\u00fdabrynda ge\u00e7iriler.<\/p>\n<p>Germani\u00fdada ge\u00e7iriljek sa\u00fdlawlary\u0148 netijeleri, di\u0148e bir Bundestagy\u0148 d\u00fcz\u00fcmini d\u00e4l, e\u00fdsem, Kansleri\u0148 \u00fdolba\u015f\u00e7ylygyndaky Ministrler Kabinetini\u0148 d\u00fcz\u00fcmini hem kesgitl\u00e4r. \u00ddurdu\u0148 ra\u00fdatlary parti\u00fdalara ses ber\u00fd\u00e4rler, olary\u0148 her biri h\u00f6k\u00fcmet ba\u015ftutany wezipesine \u00f6z dala\u015fg\u00e4rini h\u00f6d\u00fcrle\u00fd\u00e4r. Netijede, Ministrler Kabineti absal\u00fdut k\u00f6pl\u00fcge e\u00fde bolan parti\u00fda \u00fda-da birn\u00e4\u00e7e sy\u00fdasy g\u00fc\u00fd\u00e7den ybarat bilele\u015fik (koalisi\u00fda) tarapyndan d\u00fcz\u00fcl\u00fd\u00e4r.<\/p>\n<p>H\u00e4zirki wagtda Germani\u00fdany Hristian-demokratik bilele\u015figi, Hristian-sosial bilele\u015figi we Germani\u00fdany\u0148 sosial-demokratik parti\u00fdasy dolandyr\u00fdar. I\u00fdul a\u00fdyny\u0148 ba\u015fynda habar beri\u015f seri\u015fdeleri Angela Merkeli \u201c\u00ddewropa Bilele\u015figini\u0148 hereketlendiriji g\u00fc\u00fdji\u201d di\u00fdip atlandyrypdy. \u00c7\u00fcnki d\u00fcn\u00fd\u00e4de emele gelen \u00e7yl\u015fyrymly \u00fdagda\u00fdlary\u0148 netijesinde d\u00f6r\u00e4n ykdysady \u00e7\u00f6kg\u00fcnliklere gar\u015fy g\u00f6re\u015fmekde 750 milliard \u00fdewrolyk gaznany d\u00f6retmek baradaky \u00ddewropa Bilele\u015figini\u0148 \u00fdolba\u015f\u00e7ylaryny\u0148 ylala\u015fygyny\u0148 gazanylmagynda Kansler \u00fdardam berdi.<\/p>\n","protected":false},"excerpt":{"rendered":"<p>Germani\u00fdany\u0148 Prezidenti Frank-Walter \u015eta\u00fdnma\u00fder \u00fdurtda 2021-nji \u00fdyly\u0148 ahyrynda Parlament (Bundestag) sa\u00fdlawlaryny\u0148 ge\u00e7iriljekdigini m\u00e4lim etdi. Bundestagy\u0148 20-nji \u00e7agyry\u015fyna sa\u00fdlawlar 2021-nji \u00fdyly\u0148 26-njy sent\u00fdabrynda ge\u00e7iriler. Germani\u00fdada ge\u00e7iriljek sa\u00fdlawlary\u0148 netijeleri, di\u0148e bir Bundestagy\u0148 d\u00fcz\u00fcmini d\u00e4l, e\u00fdsem, Kansleri\u0148 \u00fdolba\u015f\u00e7ylygyndaky Ministrler Kabinetini\u0148 d\u00fcz\u00fcmini hem kesgitl\u00e4r. \u00ddurdu\u0148 ra\u00fdatlary parti\u00fdalara ses ber\u00fd\u00e4rler, olary\u0148 her biri h\u00f6k\u00fcmet ba\u015ftutany wezipesine \u00f6z dala\u015fg\u00e4rini h\u00f6d\u00fcrle\u00fd\u00e4r. Netijede, [&hellip;]<\/p>\n","protected":false},"author":2,"featured_media":37257,"comment_status":"open","ping_status":"closed","sticky":false,"template":"","format":"standard","meta":{"footnotes":""},"categories":[5],"tags":[],"class_list":["post-37256","post","type-post","status-publish","format-standard","has-post-thumbnail","hentry","category-2dunya"],"_links":{"self":[{"href":"https:\/\/zamanturkmenistan.com.tm\/wp-json\/wp\/v2\/posts\/37256","targetHints":{"allow":["GET"]}}],"collection":[{"href":"https:\/\/zamanturkmenistan.com.tm\/wp-json\/wp\/v2\/posts"}],"about":[{"href":"https:\/\/zamanturkmenistan.com.tm\/wp-json\/wp\/v2\/types\/post"}],"author":[{"embeddable":true,"href":"https:\/\/zamanturkmenistan.com.tm\/wp-json\/wp\/v2\/users\/2"}],"replies":[{"embeddable":true,"href":"https:\/\/zamanturkmenistan.com.tm\/wp-json\/wp\/v2\/comments?post=37256"}],"version-history":[{"count":0,"href":"https:\/\/zamanturkmenistan.com.tm\/wp-json\/wp\/v2\/posts\/37256\/revisions"}],"wp:featuredmedia":[{"embeddable":true,"href":"https:\/\/zamanturkmenistan.com.tm\/wp-json\/wp\/v2\/media\/37257"}],"wp:attachment":[{"href":"https:\/\/zamanturkmenistan.com.tm\/wp-json\/wp\/v2\/media?parent=37256"}],"wp:term":[{"taxonomy":"category","embeddable":true,"href":"https:\/\/zamanturkmenistan.com.tm\/wp-json\/wp\/v2\/categories?post=37256"},{"taxonomy":"post_tag","embeddable":true,"href":"https:\/\/zamanturkmenistan.com.tm\/wp-json\/wp\/v2\/tags?post=37256"}],"curies":[{"name":"wp","href":"https:\/\/api.w.org\/{rel}","templated":true}]}}