{"id":37560,"date":"2021-01-04T12:42:08","date_gmt":"2021-01-04T07:42:08","guid":{"rendered":"https:\/\/zamanturkmenistan.com.tm\/?p=37560"},"modified":"2021-01-04T12:42:08","modified_gmt":"2021-01-04T07:42:08","slug":"germaniyada-parlament-saylawlary-geciriler-2","status":"publish","type":"post","link":"https:\/\/zamanturkmenistan.com.tm\/germaniyada-parlament-saylawlary-geciriler-2\/","title":{"rendered":"Ger\u00adma\u00adni\u00ad\u00fda\u00adda Par\u00adla\u00adment sa\u00fd\u00adlaw\u00adla\u00adry ge\u00ad\u00e7i\u00adri\u00adler"},"content":{"rendered":"<p>Ger\u00adma\u00adni\u00ad\u00fda\u00adny\u0148 Pre\u00adzi\u00adden\u00adti Frank-Wal\u00adter \u015eta\u00fdn\u00adma\u00ad\u00fder 2021-nji \u00fdy\u00adly\u0148 ahy\u00adryn\u00adda \u00fdurt\u00adda Par\u00adla\u00adment (Bun\u00addes\u00adtag) sa\u00fd\u00adlaw\u00adla\u00adry\u00adny\u0148 ge\u00ad\u00e7i\u00adril\u00adjek\u00addi\u00adgi\u00adni m\u00e4\u00adlim et\u00addi. Par\u00adla\u00admen\u00adti\u0148 20-nji \u00e7a\u00adgy\u00adry\u00ad\u015fy\u00adna sa\u00fd\u00adlaw\u00adlar 2021-nji \u00fdy\u00adly\u0148 26-njy sent\u00ad\u00fdab\u00adryn\u00adda ge\u00ad\u00e7i\u00adri\u00adler. Mun\u00addan ozal hem Germani\u00fdany\u0148 h\u00f6\u00adk\u00fc\u00adme\u00adti \u015fol d\u00f6\u00adw\u00fcr\u00adde sa\u00fd\u00adlaw ge\u00ad\u00e7ir\u00adme\u00adgi tek\u00adlip edip\u00addi. \u00ddurtda ge\u00ad\u00e7i\u00adril\u00adjek sa\u00fd\u00adlaw\u00adla\u00adry\u0148 ne\u00adti\u00adje\u00adle\u00adri, di\u00ad\u0148e bir Par\u00adla\u00admen\u00adti\u0148 d\u00fc\u00adz\u00fc\u00admi\u00adni d\u00e4l, e\u00fd\u00adsem, Kans\u00adle\u00adri\u0148 \u00fdol\u00adba\u015f\u00ad\u00e7y\u00adly\u00adgyn\u00adda\u00adky Mi\u00adnistr\u00adler Ka\u00adbi\u00adne\u00adti\u00adni\u0148 d\u00fc\u00adz\u00fc\u00admi\u00adni hem kes\u00adgit\u00adl\u00e4r. \u00ddur\u00addu\u0148 ra\u00ad\u00fdat\u00adla\u00adry par\u00adti\u00ad\u00fda\u00adla\u00adra ses ber\u00ad\u00fd\u00e4r\u00adler, ola\u00adry\u0148 her bi\u00adri h\u00f6\u00adk\u00fc\u00admet Ba\u015f\u00adtu\u00adta\u00adny we\u00adzi\u00adpe\u00adsi\u00adne \u00f6z da\u00adla\u015f\u00adg\u00e4\u00adri\u00adni h\u00f6\u00add\u00fcr\u00adle\u00ad\u00fd\u00e4r. Ne\u00adti\u00adje\u00adde, Mi\u00adnistr\u00adler Ka\u00adbi\u00adne\u00adti ab\u00adsal\u00ad\u00fdut k\u00f6p\u00adl\u00fc\u00adge e\u00fde bo\u00adlan par\u00adti\u00ad\u00fda\u00addan \u00fda-da bir\u00adn\u00e4\u00ad\u00e7e sy\u00ad\u00fda\u00adsy g\u00fc\u00fd\u00e7\u00adler\u00adden yba\u00adrat bi\u00adle\u00adle\u00ad\u015fik ta\u00adra\u00adpyn\u00addan d\u00fc\u00adz\u00fcl\u00ad\u00fd\u00e4r.<br \/>\nH\u00e4\u00adzir\u00adki wagt\u00adda Ger\u00adma\u00adni\u00ad\u00fda\u00adny Hris\u00adti\u00adan-de\u00admok\u00adra\u00adtik bi\u00adle\u00adle\u00ad\u015fi\u00adgi, Hris\u00adti\u00adan-so\u00adsi\u00adal bi\u00adle\u00adle\u00ad\u015fi\u00adgi we Ger\u00adma\u00adni\u00ad\u00fda\u00adny\u0148 so\u00adsi\u00adal-de\u00admok\u00adra\u00adtik par\u00adti\u00ad\u00fda\u00adsy do\u00adlan\u00addyr\u00ad\u00fdar. I\u00fdul a\u00fdy\u00adny\u0148 ba\u00ad\u015fyn\u00adda ha\u00adbar be\u00adri\u015f se\u00adri\u015f\u00adde\u00adle\u00adri An\u00adge\u00adla Mer\u00adke\u00adli \u00ab\u00ddew\u00adro\u00adpa Bi\u00adle\u00adle\u00ad\u015fi\u00adgi\u00adni\u0148 he\u00adre\u00adket\u00adlen\u00addi\u00adri\u00adji g\u00fc\u00fd\u00adji\u00bb di\u00ad\u00fdip at\u00adlan\u00addy\u00adryp\u00addy. \u00c7\u00fcn\u00adki d\u00fcn\u00ad\u00fd\u00e4\u00adde eme\u00adle ge\u00adlen \u00e7yl\u00ad\u015fy\u00adrym\u00adly \u00fdag\u00adda\u00fd\u00adla\u00adry\u0148 ne\u00adti\u00adje\u00adsin\u00adde d\u00f6\u00adr\u00e4n yk\u00addy\u00adsa\u00addy \u00e7\u00f6k\u00adg\u00fcn\u00adlik\u00adle\u00adre gar\u00ad\u015fy g\u00f6\u00adre\u015f\u00admek\u00adde 750 mil\u00adliard \u00fdew\u00adro\u00adlyk gaz\u00adna\u00adny d\u00f6\u00adret\u00admek ba\u00adra\u00adda\u00adky \u00ddew\u00adro\u00adpa Bi\u00adle\u00adle\u00ad\u015fi\u00adgi\u00adni\u0148 \u00fdol\u00adba\u015f\u00ad\u00e7y\u00adla\u00adry\u00adny\u0148 yla\u00adla\u00ad\u015fy\u00adgy\u00adny\u0148 ga\u00adza\u00adnyl\u00adma\u00adgyn\u00adda An\u00adge\u00adla Mer\u00adke\u00adl \u00fdar\u00addam ber\u00addi.<\/p>\n","protected":false},"excerpt":{"rendered":"<p>Ger\u00adma\u00adni\u00ad\u00fda\u00adny\u0148 Pre\u00adzi\u00adden\u00adti Frank-Wal\u00adter \u015eta\u00fdn\u00adma\u00ad\u00fder 2021-nji \u00fdy\u00adly\u0148 ahy\u00adryn\u00adda \u00fdurt\u00adda Par\u00adla\u00adment (Bun\u00addes\u00adtag) sa\u00fd\u00adlaw\u00adla\u00adry\u00adny\u0148 ge\u00ad\u00e7i\u00adril\u00adjek\u00addi\u00adgi\u00adni m\u00e4\u00adlim et\u00addi. Par\u00adla\u00admen\u00adti\u0148 20-nji \u00e7a\u00adgy\u00adry\u00ad\u015fy\u00adna sa\u00fd\u00adlaw\u00adlar 2021-nji \u00fdy\u00adly\u0148 26-njy sent\u00ad\u00fdab\u00adryn\u00adda ge\u00ad\u00e7i\u00adri\u00adler. Mun\u00addan ozal hem Germani\u00fdany\u0148 h\u00f6\u00adk\u00fc\u00adme\u00adti \u015fol d\u00f6\u00adw\u00fcr\u00adde sa\u00fd\u00adlaw ge\u00ad\u00e7ir\u00adme\u00adgi tek\u00adlip edip\u00addi. \u00ddurtda ge\u00ad\u00e7i\u00adril\u00adjek sa\u00fd\u00adlaw\u00adla\u00adry\u0148 ne\u00adti\u00adje\u00adle\u00adri, di\u00ad\u0148e bir Par\u00adla\u00admen\u00adti\u0148 d\u00fc\u00adz\u00fc\u00admi\u00adni d\u00e4l, e\u00fd\u00adsem, Kans\u00adle\u00adri\u0148 \u00fdol\u00adba\u015f\u00ad\u00e7y\u00adly\u00adgyn\u00adda\u00adky Mi\u00adnistr\u00adler Ka\u00adbi\u00adne\u00adti\u00adni\u0148 d\u00fc\u00adz\u00fc\u00admi\u00adni hem kes\u00adgit\u00adl\u00e4r. \u00ddur\u00addu\u0148 ra\u00ad\u00fdat\u00adla\u00adry par\u00adti\u00ad\u00fda\u00adla\u00adra ses [&hellip;]<\/p>\n","protected":false},"author":1,"featured_media":37561,"comment_status":"open","ping_status":"closed","sticky":false,"template":"","format":"standard","meta":{"footnotes":""},"categories":[5],"tags":[],"class_list":["post-37560","post","type-post","status-publish","format-standard","has-post-thumbnail","hentry","category-2dunya"],"_links":{"self":[{"href":"https:\/\/zamanturkmenistan.com.tm\/wp-json\/wp\/v2\/posts\/37560","targetHints":{"allow":["GET"]}}],"collection":[{"href":"https:\/\/zamanturkmenistan.com.tm\/wp-json\/wp\/v2\/posts"}],"about":[{"href":"https:\/\/zamanturkmenistan.com.tm\/wp-json\/wp\/v2\/types\/post"}],"author":[{"embeddable":true,"href":"https:\/\/zamanturkmenistan.com.tm\/wp-json\/wp\/v2\/users\/1"}],"replies":[{"embeddable":true,"href":"https:\/\/zamanturkmenistan.com.tm\/wp-json\/wp\/v2\/comments?post=37560"}],"version-history":[{"count":0,"href":"https:\/\/zamanturkmenistan.com.tm\/wp-json\/wp\/v2\/posts\/37560\/revisions"}],"wp:featuredmedia":[{"embeddable":true,"href":"https:\/\/zamanturkmenistan.com.tm\/wp-json\/wp\/v2\/media\/37561"}],"wp:attachment":[{"href":"https:\/\/zamanturkmenistan.com.tm\/wp-json\/wp\/v2\/media?parent=37560"}],"wp:term":[{"taxonomy":"category","embeddable":true,"href":"https:\/\/zamanturkmenistan.com.tm\/wp-json\/wp\/v2\/categories?post=37560"},{"taxonomy":"post_tag","embeddable":true,"href":"https:\/\/zamanturkmenistan.com.tm\/wp-json\/wp\/v2\/tags?post=37560"}],"curies":[{"name":"wp","href":"https:\/\/api.w.org\/{rel}","templated":true}]}}