{"id":37626,"date":"2021-01-05T14:46:39","date_gmt":"2021-01-05T09:46:39","guid":{"rendered":"https:\/\/zamanturkmenistan.com.tm\/?p=37626"},"modified":"2021-01-05T14:46:39","modified_gmt":"2021-01-05T09:46:39","slug":"baslyklyk-portugaliya-gecdi","status":"publish","type":"post","link":"https:\/\/zamanturkmenistan.com.tm\/?p=37626","title":{"rendered":"Ba\u015flyklyk Portugali\u00fda ge\u00e7di"},"content":{"rendered":"<p>1-nji \u00fdanwardan ba\u015flap \u00ddewropa Bilele\u015figini\u0148 ba\u015flyklygy Germani\u00fdadan Portugali\u00fda ge\u00e7di. Ol alty a\u00fd dowam eder we 1-nji i\u00fdulda Sloweni\u00fda ge\u00e7iriler. Portugali\u00fda \u00fc\u00e7in bu e\u00fd\u00fd\u00e4m \u00ddewropa Bilele\u015figini\u0148 Ge\u0148e\u015finde d\u00f6rd\u00fcnji ba\u015flyklygydyr. Mundan \u00f6\u0148 Respublikany\u0148 Prem\u00fder-ministri Antonio Ko\u015fta Portugali\u00fdany\u0148 ba\u015flyklygy \u00fc\u00e7in &#8220;Ykdysady dikeldi\u015f, sosial ulgamy berkitmek we d\u00fcn\u00fd\u00e4 \u00fc\u00e7in has a\u00e7yk \u00ddewropany d\u00f6retmek&#8221; \u00fdaly \u00fc\u00e7 sany ileri tutul\u00fdan ugry yglan etdi.<\/p>\n<p>5-nji \u00fdanwarda \u00ddewropa Ge\u0148e\u015fini\u0148 ba\u015flygy \u00c7arlz Mi\u015fel Lissabona baryp, \u00ddewropa Bilele\u015figini\u0148 Ge\u0148e\u015finde Respublikany\u0148 ba\u015flyklygyny\u0148 maksatnamasyny h\u00f6d\u00fcrledi. Portugali\u00fda bu d\u00f6w\u00fcrde, esasan, d\u00fcn\u00fd\u00e4de emele gelen \u00e7yl\u015fyrymly \u00fdagda\u00fdlary \u00fde\u0148ip ge\u00e7mek, t\u00e4ze amerikan administrasi\u00fdasy bilen gatna\u015fyk gurmak we migrasi\u00fda \u00fdaly meselelere \u00fcns berer.<\/p>\n<p><strong>Esasy ileri tutul\u00fdan ugurlar<\/strong><\/p>\n<p>D\u00fcn\u00fd\u00e4de emele gelen \u00e7yl\u015fyrymly \u00fdagda\u00fdlar Portugali\u00fdany\u0148 \u00ddewropa Bilele\u015figini\u0148 Ge\u0148e\u015fini\u0148 ba\u015flygy d\u00f6wr\u00fcnde m\u00f6h\u00fcm meseleleri\u0148 biri bolar. Portugali\u00fdany\u0148 Da\u015fary i\u015fler ministri Awgu\u015ftu Santu Silwany\u0148 pikiri\u00e7e, ileri tutul\u00fdan ugurlary\u0148 biri &#8220;saglyk \u00fc\u00e7in hakyky bilele\u015fik&#8221; d\u00f6retmek we d\u00fcn\u00fd\u00e4de emele gelen \u00e7yl\u015fyrymly \u00fdagda\u00fdlar bilen bagly strategi\u00fdany \u00f6\u0148e s\u00fcrmek bolar. Portugali\u00fdany\u0148 Da\u015fary i\u015fler ministri &#8220;\u00ddewropa d\u00fcn\u00fd\u00e4ni\u0148 \u00e4hli ugurlaryna seretmeli&#8221; di\u00fdip hasapla\u00fdar. \u015eu nukda\u00fdnazardan, Demokrat Jozef Ba\u00fddeni\u0148 sa\u00fdlawlarda \u00fde\u0148i\u015f gazanmagyndan so\u0148 AB\u015e bilen gatna\u015fyklary t\u00e4zelemekden ba\u015fga-da, Portugali\u00fda \u00ddewropa liderlerini Hindistany\u0148 \u00fdolba\u015f\u00e7ylary bilen du\u015fu\u015fygyny\u00a0 gurnamaga \u00fdardam berer. \u00ddene bir m\u00f6h\u00fcm kyn\u00e7ylyk migrasi\u00fda meselesi bolup, &#8211; I\u0148 esasy meseleleri\u0148 biri &#8211; di\u00fdip belledi. Bu mesel\u00e4ni ara alyp maslahatla\u015fmak \u00fc\u00e7in Respublikany\u0148 h\u00e4kimi\u00fdetleri fewral a\u00fdynda I\u00e7eri i\u015fler ministrligini\u0148 we \u00fdurtlary\u0148 da\u015fary i\u015fler ministrliklerini\u0148 &#8211; \u00ddewropa Bilele\u015figini\u0148 agzalary derejesinde \u00fdygnak ta\u00fd\u00fdarla\u00fdarlar.<\/p>\n<p>Da\u015fary i\u015fler ministri Portugali\u00fdany\u0148 \u00ddewropa Bilele\u015figi Ge\u0148e\u015fine ba\u015flyklygy d\u00f6wr\u00fcnde m\u00f6h\u00fcm meseleleri\u0148 &#8220;\u00ddewropany\u0148 strategik \u00f6zba\u015fdaklygy&#8221; bilen baglany\u015fykly meseleleri\u0148 boljakdygyny a\u00fdtdy. Mundan ba\u015fga-da, \u00fdakyn alty a\u00fdy\u0148 dowamynda Respublikany\u0148 \u00fcns merkezinde&#8221; \u00ddewropa bIlele\u015figini howany\u0148 \u00fc\u00fdtgemegine gar\u015fy g\u00f6re\u015fde \u00f6\u0148debaryjy h\u00f6km\u00fcnde \u00f6\u0148e s\u00fcrmek&#8221; we &#8220;Sanly innowasi\u00fda we sanly ykdysady\u00fdet bo\u00fdun\u00e7a \u00ddewropa liderligi&#8221; \u00fcnsi jeml\u00e4r.<\/p>\n","protected":false},"excerpt":{"rendered":"<p>1-nji \u00fdanwardan ba\u015flap \u00ddewropa Bilele\u015figini\u0148 ba\u015flyklygy Germani\u00fdadan Portugali\u00fda ge\u00e7di. Ol alty a\u00fd dowam eder we 1-nji i\u00fdulda Sloweni\u00fda ge\u00e7iriler. Portugali\u00fda \u00fc\u00e7in bu e\u00fd\u00fd\u00e4m \u00ddewropa Bilele\u015figini\u0148 Ge\u0148e\u015finde d\u00f6rd\u00fcnji ba\u015flyklygydyr. Mundan \u00f6\u0148 Respublikany\u0148 Prem\u00fder-ministri Antonio Ko\u015fta Portugali\u00fdany\u0148 ba\u015flyklygy \u00fc\u00e7in &#8220;Ykdysady dikeldi\u015f, sosial ulgamy berkitmek we d\u00fcn\u00fd\u00e4 \u00fc\u00e7in has a\u00e7yk \u00ddewropany d\u00f6retmek&#8221; \u00fdaly \u00fc\u00e7 sany ileri tutul\u00fdan ugry [&hellip;]<\/p>\n","protected":false},"author":2,"featured_media":37627,"comment_status":"open","ping_status":"closed","sticky":false,"template":"","format":"standard","meta":{"footnotes":""},"categories":[5],"tags":[],"acf":[],"_links":{"self":[{"href":"https:\/\/zamanturkmenistan.com.tm\/index.php?rest_route=\/wp\/v2\/posts\/37626"}],"collection":[{"href":"https:\/\/zamanturkmenistan.com.tm\/index.php?rest_route=\/wp\/v2\/posts"}],"about":[{"href":"https:\/\/zamanturkmenistan.com.tm\/index.php?rest_route=\/wp\/v2\/types\/post"}],"author":[{"embeddable":true,"href":"https:\/\/zamanturkmenistan.com.tm\/index.php?rest_route=\/wp\/v2\/users\/2"}],"replies":[{"embeddable":true,"href":"https:\/\/zamanturkmenistan.com.tm\/index.php?rest_route=%2Fwp%2Fv2%2Fcomments&post=37626"}],"version-history":[{"count":0,"href":"https:\/\/zamanturkmenistan.com.tm\/index.php?rest_route=\/wp\/v2\/posts\/37626\/revisions"}],"wp:featuredmedia":[{"embeddable":true,"href":"https:\/\/zamanturkmenistan.com.tm\/index.php?rest_route=\/wp\/v2\/media\/37627"}],"wp:attachment":[{"href":"https:\/\/zamanturkmenistan.com.tm\/index.php?rest_route=%2Fwp%2Fv2%2Fmedia&parent=37626"}],"wp:term":[{"taxonomy":"category","embeddable":true,"href":"https:\/\/zamanturkmenistan.com.tm\/index.php?rest_route=%2Fwp%2Fv2%2Fcategories&post=37626"},{"taxonomy":"post_tag","embeddable":true,"href":"https:\/\/zamanturkmenistan.com.tm\/index.php?rest_route=%2Fwp%2Fv2%2Ftags&post=37626"}],"curies":[{"name":"wp","href":"https:\/\/api.w.org\/{rel}","templated":true}]}}