{"id":37998,"date":"2021-01-15T12:34:09","date_gmt":"2021-01-15T07:34:09","guid":{"rendered":"https:\/\/zamanturkmenistan.com.tm\/?p=37998"},"modified":"2021-01-15T12:34:09","modified_gmt":"2021-01-15T07:34:09","slug":"kerki-sibirgan-elektrik-gecirijisi-ise-girizildi","status":"publish","type":"post","link":"https:\/\/zamanturkmenistan.com.tm\/kerki-sibirgan-elektrik-gecirijisi-ise-girizildi\/","title":{"rendered":"Kerki \u2013 \u015eibirgan  elektrik ge\u00e7irijisi i\u015fe girizildi"},"content":{"rendered":"<p>14-nji \u00fdanwarda T\u00fcrkmenistany\u0148 we Owganystan Yslam Respublikasyny\u0148 Prezidentlerini\u0148 gatna\u015fmaklarynda Kerki (T\u00fcrkmenistan) \u2013 \u015eibirgan (Owganystan) ugry bo\u00fdun\u00e7a elektrik ge\u00e7iriji ulgamy dabaraly \u00fdagda\u00fdda i\u015fe girizildi.<\/p>\n<p>Bu elektrik ge\u00e7iriji ulgamyny\u0148 i\u015fe girizilmeginden \u00f6\u0148 T\u00fcrkmenistany\u0148 Energetika ministri hem-de Owganystany\u0148 suw we energetika meselelerini\u0148 sazla\u015fdyrylmagy bo\u00fdun\u00e7a m\u00fcdirligini\u0148 Ba\u015f direktory Han Mohammad Takal dagylar \u00e7yky\u015f etdiler. Olar \u00f6z \u00e7yky\u015flarynda \u00e7\u00e4r\u00e4 gatna\u015fyjylara bu desgany\u0148 gurlu\u015fygyny\u0148 bar\u015fy hakynda g\u00fcrr\u00fc\u0148 berdiler hem-de onu\u0148 i\u015fe girizilm\u00e4ge ta\u00fd\u00fdarlygy barada hasabat berdiler.<\/p>\n<p>T\u00fcrkmenistany\u0148 Prezidenti Gurbanguly Berdimuhamedowy\u0148 we Owganystan Yslam Respublikasyny\u0148 Prezidenti Mohammad A\u015fraf Ganini\u0148 Kerki-\u015eibirgan ugry bo\u00fdun\u00e7a elektrik ge\u00e7iriji ulgamyny\u0148 i\u015fe girizilmegine ak pata berenlerinden so\u0148ra,\u00a0 \u00e7\u00e4r\u00e4 gatna\u015fyjylar monitorda elektrik ge\u00e7irijisine g\u00fc\u00fdjenm\u00e4ni\u0148 berilmegini\u0148 tehnologiki g\u00f6rn\u00fc\u015fine toma\u015fa etdiler.<\/p>\n<p>Kerki (T\u00fcrkmenistan) \u2013 \u015eibirgan (Owganystan) ugry bo\u00fdun\u00e7a elektrik ge\u00e7iriji ulgamyny\u0148 uzynlygy 153 kilometre we kuwwaty 500 kW barabar bolup, ol \u00ab\u0422\u00fcrkmenistan \u2013 Owganystan \u2013 Pakistan\u00bb elektrik ge\u00e7iriji ulgamyny\u0148 bir b\u00f6legini d\u00fcz\u00fd\u00e4ndir hem-de \u00fc\u00e7 \u00fdurdu\u0148 arasynda elektrik energi\u00fdasyny\u0148 eksport we import edilmegi \u00fc\u00e7in zerur infrastrukturalary\u0148 d\u00f6redilmegine g\u00f6n\u00fckdirilendir. \u015eunlukda T\u00fcrkmenistany\u0148 elektrik energi\u00fdasy Owganystany\u0148 birn\u00e4\u00e7e \u015f\u00e4herlerine, hususan-da Mazari-\u015earif \u015f\u00e4herine, so\u0148ralygy bilen hem Pakistany\u0148 \u015f\u00e4herlerine ugradylar.<\/p>\n","protected":false},"excerpt":{"rendered":"<p>14-nji \u00fdanwarda T\u00fcrkmenistany\u0148 we Owganystan Yslam Respublikasyny\u0148 Prezidentlerini\u0148 gatna\u015fmaklarynda Kerki (T\u00fcrkmenistan) \u2013 \u015eibirgan (Owganystan) ugry bo\u00fdun\u00e7a elektrik ge\u00e7iriji ulgamy dabaraly \u00fdagda\u00fdda i\u015fe girizildi. Bu elektrik ge\u00e7iriji ulgamyny\u0148 i\u015fe girizilmeginden \u00f6\u0148 T\u00fcrkmenistany\u0148 Energetika ministri hem-de Owganystany\u0148 suw we energetika meselelerini\u0148 sazla\u015fdyrylmagy bo\u00fdun\u00e7a m\u00fcdirligini\u0148 Ba\u015f direktory Han Mohammad Takal dagylar \u00e7yky\u015f etdiler. Olar \u00f6z \u00e7yky\u015flarynda \u00e7\u00e4r\u00e4 gatna\u015fyjylara [&hellip;]<\/p>\n","protected":false},"author":2,"featured_media":37999,"comment_status":"open","ping_status":"closed","sticky":false,"template":"","format":"standard","meta":{"footnotes":""},"categories":[3],"tags":[],"class_list":["post-37998","post","type-post","status-publish","format-standard","has-post-thumbnail","hentry","category-habarlar"],"_links":{"self":[{"href":"https:\/\/zamanturkmenistan.com.tm\/wp-json\/wp\/v2\/posts\/37998","targetHints":{"allow":["GET"]}}],"collection":[{"href":"https:\/\/zamanturkmenistan.com.tm\/wp-json\/wp\/v2\/posts"}],"about":[{"href":"https:\/\/zamanturkmenistan.com.tm\/wp-json\/wp\/v2\/types\/post"}],"author":[{"embeddable":true,"href":"https:\/\/zamanturkmenistan.com.tm\/wp-json\/wp\/v2\/users\/2"}],"replies":[{"embeddable":true,"href":"https:\/\/zamanturkmenistan.com.tm\/wp-json\/wp\/v2\/comments?post=37998"}],"version-history":[{"count":0,"href":"https:\/\/zamanturkmenistan.com.tm\/wp-json\/wp\/v2\/posts\/37998\/revisions"}],"wp:featuredmedia":[{"embeddable":true,"href":"https:\/\/zamanturkmenistan.com.tm\/wp-json\/wp\/v2\/media\/37999"}],"wp:attachment":[{"href":"https:\/\/zamanturkmenistan.com.tm\/wp-json\/wp\/v2\/media?parent=37998"}],"wp:term":[{"taxonomy":"category","embeddable":true,"href":"https:\/\/zamanturkmenistan.com.tm\/wp-json\/wp\/v2\/categories?post=37998"},{"taxonomy":"post_tag","embeddable":true,"href":"https:\/\/zamanturkmenistan.com.tm\/wp-json\/wp\/v2\/tags?post=37998"}],"curies":[{"name":"wp","href":"https:\/\/api.w.org\/{rel}","templated":true}]}}