{"id":38039,"date":"2021-01-15T13:54:59","date_gmt":"2021-01-15T08:54:59","guid":{"rendered":"https:\/\/zamanturkmenistan.com.tm\/?p=38039"},"modified":"2021-01-15T15:43:40","modified_gmt":"2021-01-15T10:43:40","slug":"kosmosa-iberilen-uzum-yzyna-getirildi","status":"publish","type":"post","link":"https:\/\/zamanturkmenistan.com.tm\/kosmosa-iberilen-uzum-yzyna-getirildi\/","title":{"rendered":"Kos\u00admo\u00adsa  ibe\u00adri\u00adlen \u00fcz\u00fcm  yzy\u00adna ge\u00adti\u00adril\u00addi"},"content":{"rendered":"<p>Hal\u00adka\u00adra kos\u00admos be\u00adke\u00addin\u00adde di\u00ad\u0148e ast\u00adro\u00adno\u00admi\u00ad\u00fda d\u00e4l, e\u00fd\u00adsem, d\u00fcr\u00adli ugur\u00adla\u00adra de\u00adgi\u015f\u00adli yl\u00admy-bar\u00adlag\u00adlar ge\u00ad\u00e7i\u00adril\u00ad\u00fd\u00e4r. \u00dde\u00adri\u0148 dar\u00adty\u015f g\u00fc\u00fd\u00adj\u00fc\u00adni\u0148 \u00fdok bo\u00adlan \u00fde\u00adri t\u00e4\u00adze a\u00e7y\u015f\u00adla\u00adry et\u00adm\u00e4\u00adge has k\u00f6p m\u00fcm\u00adkin\u00ad\u00e7i\u00adlik ber\u00ad\u00fd\u00e4r. Ol \u00fder\u00adde azyk we oba ho\u00adja\u00adly\u00adgy\u00adny \u00f6s\u00add\u00fcr\u00adm\u00e4\u00adge de\u00adgi\u015f\u00adli tas\u00adla\u00adma\u00adlar hem ta\u00fd\u00ad\u00fdar\u00adlan\u00ad\u00fdar. Be\u00adket\u00adde \u00fd\u00f6\u00adri\u00adte la\u00adbo\u00adra\u00adto\u00adri\u00ad\u00fda\u00adda d\u00fcr\u00adli ot\u00adlar we be\u00fd\u00adle\u00adki ekin\u00adler \u00f6s\u00add\u00fc\u00adri\u00adlip \u00fde\u00adti\u015f\u00addi\u00adril\u00ad\u00fd\u00e4r. Ge\u00ad\u00e7en \u00fdyl\u00adlar\u00adda hal\u00adka\u00adra kos\u00admos be\u00adke\u00addi\u00adne \u00fcz\u00fc\u00admi\u0148 na\u00adha\u00adly ibe\u00adri\u00adlip\u00addi. 2019-njy \u00fdy\u00adly\u0148 no\u00ad\u00fdab\u00adryn\u00addan 2020-nji \u00fdy\u00adly\u0148 mart a\u00fdy\u00adna \u00e7en\u00adli kos\u00admos be\u00adke\u00addi\u00adne je\u00admi 320 na\u00adhal ibe\u00adril\u00addi. Bu na\u00adhal\u00adlar \u00abSpaceX Dra\u00adgon\u00bb kap\u00adsu\u00adla\u00adsy bi\u00adlen yzy\u00adna ge\u00adti\u00adril\u00addi. \u00dcz\u00fcm na\u00adhal\u00adla\u00adry \u00abMis\u00adsi\u00adon Wi\u00adse\u00bb at\u00adly tas\u00adla\u00adma\u00adny\u0148 \u00e7\u00e4k\u00adle\u00adrin\u00adde kos\u00admo\u00adsa ibe\u00adril\u00addi. AB\u015e-ny\u0148 ta\u00fd\u00ad\u00fdar\u00adla\u00ad\u00fdan bu mak\u00adsat\u00adna\u00adma\u00adsy adam\u00adza\u00addy\u0148 azyk \u00fcp\u00adj\u00fcn\u00ad\u00e7i\u00adli\u00adgi\u00adni \u00fdo\u00adkar\u00adlan\u00addyr\u00adma\u00adgy mak\u00adsat edin\u00ad\u00fd\u00e4r. Kos\u00admos\u00addan ge\u00adti\u00adri\u00adlen \u00fcz\u00fcm na\u00adhal\u00adla\u00adry\u00adny\u0148 \u00dde\u00adri\u0148 dar\u00adty\u015f g\u00fc\u00fd\u00adj\u00fc\u00adni\u0148 \u00f6r\u00e4n az \u00fde\u00adrin\u00adde n\u00e4\u00adhi\u00adli \u00fc\u00fdt\u00adge\u015f\u00adm\u00e4\u00adni ba\u015f\u00addan ge\u00ad\u00e7i\u00adren\u00addi\u00adgi \u00f6w\u00adre\u00adni\u00adler. Alym\u00adlar bu \u00f6s\u00fcm\u00adlik\u00adle\u00adri d\u00fcr\u00adli te\u00adbi\u00adgy \u015fert\u00adler\u00adde \u00f6s\u00add\u00fc\u00adrip \u00fde\u00adti\u015f\u00addir\u00adme\u00adgi \u00f6w\u00adre\u00adner\u00adler.<\/p>\n<p style=\"text-align: right;\"><strong>Hak\u00adber\u00addi Nu\u00adry\u00ad\u00fdew, <\/strong><br \/>\n<strong>S. A. Ny\u00ad\u00fda\u00adzow adyn\u00adda\u00adky T\u00fcrk\u00admen oba ho\u00adja\u00adlyk uni\u00adwer\u00adsi\u00adte\u00adti\u00adni\u0148 ta\u00adly\u00adby.<\/strong><\/p>\n","protected":false},"excerpt":{"rendered":"<p>Hal\u00adka\u00adra kos\u00admos be\u00adke\u00addin\u00adde di\u00ad\u0148e ast\u00adro\u00adno\u00admi\u00ad\u00fda d\u00e4l, e\u00fd\u00adsem, d\u00fcr\u00adli ugur\u00adla\u00adra de\u00adgi\u015f\u00adli yl\u00admy-bar\u00adlag\u00adlar ge\u00ad\u00e7i\u00adril\u00ad\u00fd\u00e4r. \u00dde\u00adri\u0148 dar\u00adty\u015f g\u00fc\u00fd\u00adj\u00fc\u00adni\u0148 \u00fdok bo\u00adlan \u00fde\u00adri t\u00e4\u00adze a\u00e7y\u015f\u00adla\u00adry et\u00adm\u00e4\u00adge has k\u00f6p m\u00fcm\u00adkin\u00ad\u00e7i\u00adlik ber\u00ad\u00fd\u00e4r. Ol \u00fder\u00adde azyk we oba ho\u00adja\u00adly\u00adgy\u00adny \u00f6s\u00add\u00fcr\u00adm\u00e4\u00adge de\u00adgi\u015f\u00adli tas\u00adla\u00adma\u00adlar hem ta\u00fd\u00ad\u00fdar\u00adlan\u00ad\u00fdar. Be\u00adket\u00adde \u00fd\u00f6\u00adri\u00adte la\u00adbo\u00adra\u00adto\u00adri\u00ad\u00fda\u00adda d\u00fcr\u00adli ot\u00adlar we be\u00fd\u00adle\u00adki ekin\u00adler \u00f6s\u00add\u00fc\u00adri\u00adlip \u00fde\u00adti\u015f\u00addi\u00adril\u00ad\u00fd\u00e4r. Ge\u00ad\u00e7en \u00fdyl\u00adlar\u00adda hal\u00adka\u00adra kos\u00admos be\u00adke\u00addi\u00adne \u00fcz\u00fc\u00admi\u0148 na\u00adha\u00adly ibe\u00adri\u00adlip\u00addi. 2019-njy [&hellip;]<\/p>\n","protected":false},"author":1,"featured_media":38040,"comment_status":"open","ping_status":"closed","sticky":false,"template":"","format":"standard","meta":{"footnotes":""},"categories":[8],"tags":[],"class_list":["post-38039","post","type-post","status-publish","format-standard","has-post-thumbnail","hentry","category-ylymwetehnologiya"],"_links":{"self":[{"href":"https:\/\/zamanturkmenistan.com.tm\/wp-json\/wp\/v2\/posts\/38039","targetHints":{"allow":["GET"]}}],"collection":[{"href":"https:\/\/zamanturkmenistan.com.tm\/wp-json\/wp\/v2\/posts"}],"about":[{"href":"https:\/\/zamanturkmenistan.com.tm\/wp-json\/wp\/v2\/types\/post"}],"author":[{"embeddable":true,"href":"https:\/\/zamanturkmenistan.com.tm\/wp-json\/wp\/v2\/users\/1"}],"replies":[{"embeddable":true,"href":"https:\/\/zamanturkmenistan.com.tm\/wp-json\/wp\/v2\/comments?post=38039"}],"version-history":[{"count":0,"href":"https:\/\/zamanturkmenistan.com.tm\/wp-json\/wp\/v2\/posts\/38039\/revisions"}],"wp:featuredmedia":[{"embeddable":true,"href":"https:\/\/zamanturkmenistan.com.tm\/wp-json\/wp\/v2\/media\/38040"}],"wp:attachment":[{"href":"https:\/\/zamanturkmenistan.com.tm\/wp-json\/wp\/v2\/media?parent=38039"}],"wp:term":[{"taxonomy":"category","embeddable":true,"href":"https:\/\/zamanturkmenistan.com.tm\/wp-json\/wp\/v2\/categories?post=38039"},{"taxonomy":"post_tag","embeddable":true,"href":"https:\/\/zamanturkmenistan.com.tm\/wp-json\/wp\/v2\/tags?post=38039"}],"curies":[{"name":"wp","href":"https:\/\/api.w.org\/{rel}","templated":true}]}}