{"id":39316,"date":"2021-02-13T22:28:23","date_gmt":"2021-02-13T17:28:23","guid":{"rendered":"https:\/\/zamanturkmenistan.com.tm\/?p=39316"},"modified":"2021-02-13T22:28:23","modified_gmt":"2021-02-13T17:28:23","slug":"italiyanyn-taze-hokumeti-kasam-kabul-etdi","status":"publish","type":"post","link":"https:\/\/zamanturkmenistan.com.tm\/italiyanyn-taze-hokumeti-kasam-kabul-etdi\/","title":{"rendered":"Itali\u00fdany\u0148 t\u00e4ze h\u00f6k\u00fcmeti kasam kabul etdi"},"content":{"rendered":"<p>\u00ddewropany\u0148 Merkezi bankyny\u0148 \u00f6\u0148ki ba\u015flygy Mario Dragini\u0148 \u00fdolba\u015f\u00e7ylygyndaky Itali\u00fdany\u0148 t\u00e4ze h\u00f6k\u00fcmeti, prezident Serjo Mattarellany\u0148 gatna\u015fmagynda kasam kabul etdi. Dabara Kwirinalsk k\u00f6\u015fg\u00fcnde ge\u00e7irildi. Prem\u00fder-ministr we ministrler Itali\u00fdany\u0148 abadan\u00e7ylygy \u00fc\u00e7in hyzmat etjekdiklerine kasam edip, degi\u015fli resminamalara gol \u00e7ekdiler.<\/p>\n<p>Esasy wezipeleri\u0148 k\u00f6p\u00fcsini \u00f6\u0148ki prem\u00fder-ministr Juzeppe Konteni\u0148 h\u00f6k\u00fcmetini\u0148 ministrleri e\u00fdelediler. Juzeppe Konte 26-njy \u00fdanwarda i\u015finden \u00e7ekil\u00fd\u00e4ndigini m\u00e4lim edipdi. Mario Dragi 12-nji fewralda \u00fdurdu\u0148 prezidenti bilen geple\u015fik ge\u00e7irenden so\u0148, Itali\u00fdany\u0148 t\u00e4ze h\u00f6k\u00fcmetine \u00fdolba\u015f\u00e7ylyk etm\u00e4ge razy boldy.<\/p>\n","protected":false},"excerpt":{"rendered":"<p>\u00ddewropany\u0148 Merkezi bankyny\u0148 \u00f6\u0148ki ba\u015flygy Mario Dragini\u0148 \u00fdolba\u015f\u00e7ylygyndaky Itali\u00fdany\u0148 t\u00e4ze h\u00f6k\u00fcmeti, prezident Serjo Mattarellany\u0148 gatna\u015fmagynda kasam kabul etdi. Dabara Kwirinalsk k\u00f6\u015fg\u00fcnde ge\u00e7irildi. Prem\u00fder-ministr we ministrler Itali\u00fdany\u0148 abadan\u00e7ylygy \u00fc\u00e7in hyzmat etjekdiklerine kasam edip, degi\u015fli resminamalara gol \u00e7ekdiler. Esasy wezipeleri\u0148 k\u00f6p\u00fcsini \u00f6\u0148ki prem\u00fder-ministr Juzeppe Konteni\u0148 h\u00f6k\u00fcmetini\u0148 ministrleri e\u00fdelediler. Juzeppe Konte 26-njy \u00fdanwarda i\u015finden \u00e7ekil\u00fd\u00e4ndigini m\u00e4lim edipdi. Mario [&hellip;]<\/p>\n","protected":false},"author":2,"featured_media":39317,"comment_status":"open","ping_status":"closed","sticky":false,"template":"","format":"standard","meta":{"footnotes":""},"categories":[5],"tags":[],"class_list":["post-39316","post","type-post","status-publish","format-standard","has-post-thumbnail","hentry","category-2dunya"],"_links":{"self":[{"href":"https:\/\/zamanturkmenistan.com.tm\/wp-json\/wp\/v2\/posts\/39316","targetHints":{"allow":["GET"]}}],"collection":[{"href":"https:\/\/zamanturkmenistan.com.tm\/wp-json\/wp\/v2\/posts"}],"about":[{"href":"https:\/\/zamanturkmenistan.com.tm\/wp-json\/wp\/v2\/types\/post"}],"author":[{"embeddable":true,"href":"https:\/\/zamanturkmenistan.com.tm\/wp-json\/wp\/v2\/users\/2"}],"replies":[{"embeddable":true,"href":"https:\/\/zamanturkmenistan.com.tm\/wp-json\/wp\/v2\/comments?post=39316"}],"version-history":[{"count":0,"href":"https:\/\/zamanturkmenistan.com.tm\/wp-json\/wp\/v2\/posts\/39316\/revisions"}],"wp:featuredmedia":[{"embeddable":true,"href":"https:\/\/zamanturkmenistan.com.tm\/wp-json\/wp\/v2\/media\/39317"}],"wp:attachment":[{"href":"https:\/\/zamanturkmenistan.com.tm\/wp-json\/wp\/v2\/media?parent=39316"}],"wp:term":[{"taxonomy":"category","embeddable":true,"href":"https:\/\/zamanturkmenistan.com.tm\/wp-json\/wp\/v2\/categories?post=39316"},{"taxonomy":"post_tag","embeddable":true,"href":"https:\/\/zamanturkmenistan.com.tm\/wp-json\/wp\/v2\/tags?post=39316"}],"curies":[{"name":"wp","href":"https:\/\/api.w.org\/{rel}","templated":true}]}}