{"id":43684,"date":"2021-05-31T17:29:24","date_gmt":"2021-05-31T12:29:24","guid":{"rendered":"https:\/\/zamanturkmenistan.com.tm\/?p=43684"},"modified":"2021-05-31T17:29:24","modified_gmt":"2021-05-31T12:29:24","slug":"celsi-13-nji-klub-tuhel-7-nji-talimci","status":"publish","type":"post","link":"https:\/\/zamanturkmenistan.com.tm\/celsi-13-nji-klub-tuhel-7-nji-talimci\/","title":{"rendered":"\u201c\u00c7elsi\u201d 13-nji klub, Tuhel 7-nji t\u00e4lim\u00e7i"},"content":{"rendered":"<p>Futbol b\u00e4sle\u015fiklerini\u0148 i\u0148 na\u00fdba\u015fy hasaplan\u00fdan UEFA \u00c7empionlar ligasyny\u0148 2020\/20 m\u00f6ws\u00fcmi \u201c\u00c7elsini\u0148\u201d \u00e7empionlygy bilen tamamlandy. Portugali\u00fdany\u0148 Porto \u015f\u00e4herind\u00e4ki \u201cDragao\u201d stadionynda o\u00fdnalan finalda iki i\u0148lis kluby \u201cMan\u00e7ester Siti\u201d bilen \u201c\u00c7elsi\u201d toparlary du\u015fu\u015fdy.<img loading=\"lazy\" decoding=\"async\" class=\" wp-image-43691 alignright\" src=\"https:\/\/zamanturkmenistan.com.tm\/wp-content\/uploads\/2021\/05\/E2ltQCiXMAEx2rP-259x300.jpg\" alt=\"\" width=\"181\" height=\"210\" srcset=\"https:\/\/zamanturkmenistan.com.tm\/wp-content\/uploads\/2021\/05\/E2ltQCiXMAEx2rP-259x300.jpg 259w, https:\/\/zamanturkmenistan.com.tm\/wp-content\/uploads\/2021\/05\/E2ltQCiXMAEx2rP-768x890.jpg 768w, https:\/\/zamanturkmenistan.com.tm\/wp-content\/uploads\/2021\/05\/E2ltQCiXMAEx2rP-884x1024.jpg 884w, https:\/\/zamanturkmenistan.com.tm\/wp-content\/uploads\/2021\/05\/E2ltQCiXMAEx2rP-696x806.jpg 696w, https:\/\/zamanturkmenistan.com.tm\/wp-content\/uploads\/2021\/05\/E2ltQCiXMAEx2rP-1068x1237.jpg 1068w, https:\/\/zamanturkmenistan.com.tm\/wp-content\/uploads\/2021\/05\/E2ltQCiXMAEx2rP-363x420.jpg 363w, https:\/\/zamanturkmenistan.com.tm\/wp-content\/uploads\/2021\/05\/E2ltQCiXMAEx2rP-1920x2224.jpg 1920w\" sizes=\"auto, (max-width: 181px) 100vw, 181px\" \/> Ispani\u00fdaly Antonio Mateo Lahozy\u0148 j\u00fcrlew\u00fck \u00e7alan o\u00fdnuna 14110 jank\u00f6\u00fder toma\u015fa etdi.<\/p>\n<p>\u00c7ekele\u015fikli ge\u00e7en o\u00fdnu\u0148 birinji \u00fdarymy has gyzykly bolup, toparlar gar\u015fylykla\u00fdyn yzly-yzyna birn\u00e4\u00e7e h\u00fcj\u00fcm ge\u00e7irdiler, howply pursatlar d\u00f6retdiler. O\u00fdnu\u0148 42-nji minutynda Me\u00fdson Maunty\u0148 uzakdan owadan pasyndan so\u0148 Kai Hawerts topy derwez\u00e4 girizdi. Ederson bilen \u00fdekeme-\u00fdek\u00e4 galan germani\u00fdaly h\u00fcj\u00fcm\u00e7i Hawertsi brazili\u00fdaly derweze\u00e7ini ge\u00e7ip, topy bo\u015f derwez\u00e4 girizdi. Bu onu\u0148 \u00c7empionlar ligasynda \u015fu m\u00f6ws\u00fcmd\u00e4ki ilkinji goly boldy.<\/p>\n<p>Ikinji \u00fdarymda \u201cMan\u00e7ester Siti\u201d h\u00fcj\u00fcmde artykma\u00e7lyk g\u00f6rkezdi. \u201c\u00c7elsi\u201d bolsa goragda <img loading=\"lazy\" decoding=\"async\" class=\" wp-image-43692 alignright\" src=\"https:\/\/zamanturkmenistan.com.tm\/wp-content\/uploads\/2021\/05\/E2oHIxYWQAMgU6O-300x300.jpg\" alt=\"\" width=\"183\" height=\"183\" srcset=\"https:\/\/zamanturkmenistan.com.tm\/wp-content\/uploads\/2021\/05\/E2oHIxYWQAMgU6O-300x300.jpg 300w, https:\/\/zamanturkmenistan.com.tm\/wp-content\/uploads\/2021\/05\/E2oHIxYWQAMgU6O-150x150.jpg 150w, https:\/\/zamanturkmenistan.com.tm\/wp-content\/uploads\/2021\/05\/E2oHIxYWQAMgU6O-768x768.jpg 768w, https:\/\/zamanturkmenistan.com.tm\/wp-content\/uploads\/2021\/05\/E2oHIxYWQAMgU6O-1024x1024.jpg 1024w, https:\/\/zamanturkmenistan.com.tm\/wp-content\/uploads\/2021\/05\/E2oHIxYWQAMgU6O-696x696.jpg 696w, https:\/\/zamanturkmenistan.com.tm\/wp-content\/uploads\/2021\/05\/E2oHIxYWQAMgU6O-1068x1068.jpg 1068w, https:\/\/zamanturkmenistan.com.tm\/wp-content\/uploads\/2021\/05\/E2oHIxYWQAMgU6O-420x420.jpg 420w, https:\/\/zamanturkmenistan.com.tm\/wp-content\/uploads\/2021\/05\/E2oHIxYWQAMgU6O-1920x1920.jpg 1920w\" sizes=\"auto, (max-width: 183px) 100vw, 183px\" \/>bolup, gar\u015fylykla\u00fdyn h\u00fcj\u00fcmler bilen jogap berdi. Toparlary\u0148 ikisine-de hasaby \u00fc\u00fdtgetmek ba\u015fartmady. Netijede, dartgynly we \u00e7ekele\u015fikli ge\u00e7en o\u00fdun 1-0 hasabynda \u201c\u00c7elsini\u0148\u201d pe\u00fddasyna tamamlandy. \u015ee\u00fdlelikde, \u201c\u00c7elsi\u201d 3-nji finalynda, 2012-nji \u00fdyldan so\u0148, 2-nji gezek UEFA \u00c7empionlar ligasyny\u0148 kubogyna mynasyp boldy. \u201c\u00c7elsi\u201d bu kubogy 2 gezek alan 13-nji klub h\u00f6km\u00fcnde taryha girdi. Bu i\u0148lis klublaryny\u0148 UEFA-ny\u0148 birinji derejeli b\u00e4sle\u015figind\u00e4ki 14-nji \u00e7empionlygydyr. 10 i\u0148lis kluby-da finalda \u00fde\u0148li\u015fe sezewar boldy. Du\u015fu\u015fygy\u0148 gahrymany di\u00fdlip \u201c\u00c7elsini\u0148\u201d \u00fdarymgorag\u00e7ysy N\u2019Golo Kante sa\u00fdlandy.<\/p>\n<p><strong>T\u00e4ze final\u00e7ylara \u00e7empionlyk \u00fdene-de ba\u015fartmady<\/strong><\/p>\n<p>41-nji final\u00e7y h\u00f6km\u00fcnde \u00fdary\u015fa adyny \u00fdazdyran \u201cMan\u00e7ester Siti\u201d toparyna ilkinji finalyn<img loading=\"lazy\" decoding=\"async\" class=\"size-medium wp-image-43687 alignright\" src=\"https:\/\/zamanturkmenistan.com.tm\/wp-content\/uploads\/2021\/05\/E2k_jFJXIAIU7pz-300x200.jpg\" alt=\"\" width=\"300\" height=\"200\" srcset=\"https:\/\/zamanturkmenistan.com.tm\/wp-content\/uploads\/2021\/05\/E2k_jFJXIAIU7pz-300x200.jpg 300w, https:\/\/zamanturkmenistan.com.tm\/wp-content\/uploads\/2021\/05\/E2k_jFJXIAIU7pz-768x512.jpg 768w, https:\/\/zamanturkmenistan.com.tm\/wp-content\/uploads\/2021\/05\/E2k_jFJXIAIU7pz-1024x683.jpg 1024w, https:\/\/zamanturkmenistan.com.tm\/wp-content\/uploads\/2021\/05\/E2k_jFJXIAIU7pz-696x464.jpg 696w, https:\/\/zamanturkmenistan.com.tm\/wp-content\/uploads\/2021\/05\/E2k_jFJXIAIU7pz-1068x712.jpg 1068w, https:\/\/zamanturkmenistan.com.tm\/wp-content\/uploads\/2021\/05\/E2k_jFJXIAIU7pz-630x420.jpg 630w, https:\/\/zamanturkmenistan.com.tm\/wp-content\/uploads\/2021\/05\/E2k_jFJXIAIU7pz-1920x1280.jpg 1920w\" sizes=\"auto, (max-width: 300px) 100vw, 300px\" \/>da \u00e7empion bolmaklyk ba\u015fartmady. So\u0148ky 3 \u00fdylda \u00fdary\u015fy\u0148 finalynda ilkinji gezek o\u00fdn an klublary\u0148 hi\u00e7 biri-de kubogy e\u00fdel\u00e4p bilmedi. Ba\u015fga\u00e7a a\u00fddylanda, \u00c7empionlar ligasynda i\u0148 so\u0148ky t\u00e4ze \u00e7empion \u201c\u00c7elsi\u201d bolupdy we londonlylar h\u00e4zirlik\u00e7e bu derejelerini goramagyny dowam etdir\u00fd\u00e4rler. I\u0148 so\u0148ky gezek 1997-nji \u00fdylda \u201cBorussi\u00fda Dortmund\u201d topary ilkinji final o\u00fdnunda kubogy e\u00fdel\u00e4pdi.<\/p>\n<p><strong>Nemes t\u00e4lim\u00e7ilerini\u0148 10-njy \u00e7empionlygy<\/strong><\/p>\n<p>Yzly-yzyna iki d\u00fcrli klub bilen finala \u00e7ykan t\u00e4lim\u00e7i Tomas Tuhel kar\u00fderasyndaky ilkinji \u00c7empionlar ligasy kubogyny asmana g\u00f6terdi. \u00ddary\u015fda so\u0148ky 3 m\u00f6ws\u00fcmden b\u00e4ri nemes t\u00e4lim\u00e7ileri kubogy e\u00fdel\u00e4p gel\u00fd\u00e4r. Umumylykda-da bu \u00fde\u0148i\u015f germani\u00fdaly t\u00e4lim\u00e7ileri\u0148 \u015fu b\u00e4sle\u015fikd\u00e4ki 10-njy kubogy bolup, ispanlar bilen de\u0148le\u015fdiler. Tuhel \u00c7empionlar lig<img loading=\"lazy\" decoding=\"async\" class=\"size-medium wp-image-43686 alignright\" src=\"https:\/\/zamanturkmenistan.com.tm\/wp-content\/uploads\/2021\/05\/E2ofMSkWEAENHST-300x200.jpg\" alt=\"\" width=\"300\" height=\"200\" srcset=\"https:\/\/zamanturkmenistan.com.tm\/wp-content\/uploads\/2021\/05\/E2ofMSkWEAENHST-300x200.jpg 300w, https:\/\/zamanturkmenistan.com.tm\/wp-content\/uploads\/2021\/05\/E2ofMSkWEAENHST-768x512.jpg 768w, https:\/\/zamanturkmenistan.com.tm\/wp-content\/uploads\/2021\/05\/E2ofMSkWEAENHST-1024x683.jpg 1024w, https:\/\/zamanturkmenistan.com.tm\/wp-content\/uploads\/2021\/05\/E2ofMSkWEAENHST-696x464.jpg 696w, https:\/\/zamanturkmenistan.com.tm\/wp-content\/uploads\/2021\/05\/E2ofMSkWEAENHST-1068x712.jpg 1068w, https:\/\/zamanturkmenistan.com.tm\/wp-content\/uploads\/2021\/05\/E2ofMSkWEAENHST-630x420.jpg 630w, https:\/\/zamanturkmenistan.com.tm\/wp-content\/uploads\/2021\/05\/E2ofMSkWEAENHST-1920x1280.jpg 1920w\" sizes=\"auto, (max-width: 300px) 100vw, 300px\" \/>asyny\u0148 kubogyny e\u00fdel\u00e4n germani\u00fdaly 7-nji t\u00e4lim\u00e7i boldy.<\/p>\n<p>Du\u015fu\u015fykdan so\u0148 kubogy gazanmak \u00fc\u00e7in \u00e4hli tagallalary edendiklerini, \u00fd\u00f6ne mu\u0148a garamazdan ba\u015faryp bilm\u00e4ndiklerini be\u00fdan eden \u201cMan\u00e7ester Sitini\u0148\u201d t\u00e4lim\u00e7isi \u00c7empionlar ligasyny\u0148 finalynda ilkinji gezek \u00fde\u0148ildi. Ol 2009-njy we 2011-nji \u00fdyllarda \u201cBarselona\u201d bilen kubogy e\u00fdel\u00e4pdi.<\/p>\n","protected":false},"excerpt":{"rendered":"<p>Futbol b\u00e4sle\u015fiklerini\u0148 i\u0148 na\u00fdba\u015fy hasaplan\u00fdan UEFA \u00c7empionlar ligasyny\u0148 2020\/20 m\u00f6ws\u00fcmi \u201c\u00c7elsini\u0148\u201d \u00e7empionlygy bilen tamamlandy. Portugali\u00fdany\u0148 Porto \u015f\u00e4herind\u00e4ki \u201cDragao\u201d stadionynda o\u00fdnalan finalda iki i\u0148lis kluby \u201cMan\u00e7ester Siti\u201d bilen \u201c\u00c7elsi\u201d toparlary du\u015fu\u015fdy. Ispani\u00fdaly Antonio Mateo Lahozy\u0148 j\u00fcrlew\u00fck \u00e7alan o\u00fdnuna 14110 jank\u00f6\u00fder toma\u015fa etdi. \u00c7ekele\u015fikli ge\u00e7en o\u00fdnu\u0148 birinji \u00fdarymy has gyzykly bolup, toparlar gar\u015fylykla\u00fdyn yzly-yzyna birn\u00e4\u00e7e h\u00fcj\u00fcm ge\u00e7irdiler, [&hellip;]<\/p>\n","protected":false},"author":2,"featured_media":43685,"comment_status":"open","ping_status":"closed","sticky":false,"template":"","format":"standard","meta":{"footnotes":""},"categories":[302,13],"tags":[697,685,739,1092,639],"class_list":["post-43684","post","type-post","status-publish","format-standard","has-post-thumbnail","hentry","category-futbol","category-3sport","tag-celsi","tag-mancester-siti","tag-pep-guardiola","tag-tomas-tuhel","tag-uefa-cempionlar-ligasy"],"_links":{"self":[{"href":"https:\/\/zamanturkmenistan.com.tm\/wp-json\/wp\/v2\/posts\/43684","targetHints":{"allow":["GET"]}}],"collection":[{"href":"https:\/\/zamanturkmenistan.com.tm\/wp-json\/wp\/v2\/posts"}],"about":[{"href":"https:\/\/zamanturkmenistan.com.tm\/wp-json\/wp\/v2\/types\/post"}],"author":[{"embeddable":true,"href":"https:\/\/zamanturkmenistan.com.tm\/wp-json\/wp\/v2\/users\/2"}],"replies":[{"embeddable":true,"href":"https:\/\/zamanturkmenistan.com.tm\/wp-json\/wp\/v2\/comments?post=43684"}],"version-history":[{"count":0,"href":"https:\/\/zamanturkmenistan.com.tm\/wp-json\/wp\/v2\/posts\/43684\/revisions"}],"wp:featuredmedia":[{"embeddable":true,"href":"https:\/\/zamanturkmenistan.com.tm\/wp-json\/wp\/v2\/media\/43685"}],"wp:attachment":[{"href":"https:\/\/zamanturkmenistan.com.tm\/wp-json\/wp\/v2\/media?parent=43684"}],"wp:term":[{"taxonomy":"category","embeddable":true,"href":"https:\/\/zamanturkmenistan.com.tm\/wp-json\/wp\/v2\/categories?post=43684"},{"taxonomy":"post_tag","embeddable":true,"href":"https:\/\/zamanturkmenistan.com.tm\/wp-json\/wp\/v2\/tags?post=43684"}],"curies":[{"name":"wp","href":"https:\/\/api.w.org\/{rel}","templated":true}]}}