{"id":43716,"date":"2021-06-02T11:13:47","date_gmt":"2021-06-02T06:13:47","guid":{"rendered":"https:\/\/zamanturkmenistan.com.tm\/?p=43716"},"modified":"2021-06-02T11:13:47","modified_gmt":"2021-06-02T06:13:47","slug":"real-yene-de-onki-talimcisini-wezipa-belledi","status":"publish","type":"post","link":"https:\/\/zamanturkmenistan.com.tm\/real-yene-de-onki-talimcisini-wezipa-belledi\/","title":{"rendered":"&#8220;Real&#8221; \u00fdene-de \u00f6\u0148ki t\u00e4lim\u00e7isini wezip\u00e4 belledi"},"content":{"rendered":"<p>Zinedin Zidany\u0148 wezipesini ta\u015flamagyndan so\u0148, t\u00e4lim\u00e7i g\u00f6zlegine \u00e7ykan \u201cReal Madrid\u201d \u00fdene-de \u00f6\u0148ki t\u00e4lim\u00e7ilerini\u0148 biri bilen ylala\u015fyk gazandy. Madridliler itali\u00fdaly me\u015fhur t\u00e4lim\u00e7i Karlo An\u00e7elotti bilen 3 \u00fdyllyk \u015fertnama bagla\u015fdylar. An\u00e7elotti t\u00e4zeden \u201cReala\u201d dolany\u015fy barada: \u201cMen Ewertonda ma\u0148a goldaw berenleri\u0148 hemmesine \u00f6z minnetdarlygymy bildir\u00fd\u00e4rin. Bu \u00fderde aja\u00fdyp 2 \u00fdylym ge\u00e7di. Gara\u015fylmadyk teklip \u00fd\u00fcze \u00e7ykdy. \u015eol seb\u00e4pli-de gitmeli bol\u00fdaryn\u201d di\u00fddi. 61 \u00fda\u015fly t\u00e4lim\u00e7i \u201cRealdan\u201d her m\u00f6ws\u00fcmi \u00fc\u00e7in azyndan 6 million \u00fdewro m\u00f6\u00e7berinde hak alar. An\u00e7elotti ozal hem 2013-2015-nji \u00fdyllar aralygynda 2 m\u00f6ws\u00fcm \u201cReal Madride\u201d t\u00e4lim beripdi. \u015eondan tejribeli t\u00e4lim\u00e7i \u201cReal Madride\u201d 12 \u00fdyldan so\u0148 10-njy \u00c7empionlar ligasyny\u0148 kubogyny gazandyrypdy. \u00ddewropany\u0148 TOP 5 ligasyny\u0148 4-sinde \u00e7empionlyk gazanan An\u00e7elotti \u201cRealdaky\u201d ikinji ba\u015fdange\u00e7irmesinde belki-de olary\u0148 sanyny 5-e \u00e7ykarar. \u00dderi gelende a\u00fdtsak, Zidany\u0148 ornuna Antonio Konte, Maurisio Po\u00e7ettino \u00fdaly t\u00e4lim\u00e7ileri\u0148 hem atlary agzal\u00fdardy.<\/p>\n","protected":false},"excerpt":{"rendered":"<p>Zinedin Zidany\u0148 wezipesini ta\u015flamagyndan so\u0148, t\u00e4lim\u00e7i g\u00f6zlegine \u00e7ykan \u201cReal Madrid\u201d \u00fdene-de \u00f6\u0148ki t\u00e4lim\u00e7ilerini\u0148 biri bilen ylala\u015fyk gazandy. Madridliler itali\u00fdaly me\u015fhur t\u00e4lim\u00e7i Karlo An\u00e7elotti bilen 3 \u00fdyllyk \u015fertnama bagla\u015fdylar. An\u00e7elotti t\u00e4zeden \u201cReala\u201d dolany\u015fy barada: \u201cMen Ewertonda ma\u0148a goldaw berenleri\u0148 hemmesine \u00f6z minnetdarlygymy bildir\u00fd\u00e4rin. Bu \u00fderde aja\u00fdyp 2 \u00fdylym ge\u00e7di. Gara\u015fylmadyk teklip \u00fd\u00fcze \u00e7ykdy. \u015eol seb\u00e4pli-de gitmeli [&hellip;]<\/p>\n","protected":false},"author":2,"featured_media":43717,"comment_status":"open","ping_status":"closed","sticky":false,"template":"","format":"standard","meta":{"footnotes":""},"categories":[13,412],"tags":[1099,1098,737],"class_list":["post-43716","post","type-post","status-publish","format-standard","has-post-thumbnail","hentry","category-3sport","category-transfer-tazelikleri","tag-ewerton","tag-karlo-ancelotti","tag-real-madrid"],"_links":{"self":[{"href":"https:\/\/zamanturkmenistan.com.tm\/wp-json\/wp\/v2\/posts\/43716","targetHints":{"allow":["GET"]}}],"collection":[{"href":"https:\/\/zamanturkmenistan.com.tm\/wp-json\/wp\/v2\/posts"}],"about":[{"href":"https:\/\/zamanturkmenistan.com.tm\/wp-json\/wp\/v2\/types\/post"}],"author":[{"embeddable":true,"href":"https:\/\/zamanturkmenistan.com.tm\/wp-json\/wp\/v2\/users\/2"}],"replies":[{"embeddable":true,"href":"https:\/\/zamanturkmenistan.com.tm\/wp-json\/wp\/v2\/comments?post=43716"}],"version-history":[{"count":0,"href":"https:\/\/zamanturkmenistan.com.tm\/wp-json\/wp\/v2\/posts\/43716\/revisions"}],"wp:featuredmedia":[{"embeddable":true,"href":"https:\/\/zamanturkmenistan.com.tm\/wp-json\/wp\/v2\/media\/43717"}],"wp:attachment":[{"href":"https:\/\/zamanturkmenistan.com.tm\/wp-json\/wp\/v2\/media?parent=43716"}],"wp:term":[{"taxonomy":"category","embeddable":true,"href":"https:\/\/zamanturkmenistan.com.tm\/wp-json\/wp\/v2\/categories?post=43716"},{"taxonomy":"post_tag","embeddable":true,"href":"https:\/\/zamanturkmenistan.com.tm\/wp-json\/wp\/v2\/tags?post=43716"}],"curies":[{"name":"wp","href":"https:\/\/api.w.org\/{rel}","templated":true}]}}