{"id":54899,"date":"2022-01-29T17:08:41","date_gmt":"2022-01-29T12:08:41","guid":{"rendered":"https:\/\/zamanturkmenistan.com.tm\/?p=54899"},"modified":"2022-01-29T17:21:48","modified_gmt":"2022-01-29T12:21:48","slug":"wlahowicin-ornuna-taze-hujumci","status":"publish","type":"post","link":"https:\/\/zamanturkmenistan.com.tm\/wlahowicin-ornuna-taze-hujumci\/","title":{"rendered":"Wlahowi\u00e7i\u0148 ornuna t\u00e4ze h\u00fcj\u00fcm\u00e7i"},"content":{"rendered":"<p>Itali\u00fdany\u0148 Fiorentina topary d\u00fc\u00fdn \u00fda\u015f \u00fdyldyz futbol\u00e7ysy Du\u015fan Wlahowi\u00e7i \u00dduwentusa 75 million \u00fdewro baha satdy. Topar onu\u0148 ornuna Bazeli\u0148 brazili\u00fdaly h\u00fcj\u00fcm\u00e7isi Artur Kabraly transfer etdi. Ital\u00fdan topary 23 \u00fda\u015fyndaky gol\u00e7y o\u00fdun\u00e7y \u00fc\u00e7in \u015fwe\u00fdsar klubuna 16 million \u00fdewro t\u00f6l\u00e4r. 9-njy belgide \u00e7yky\u015f etjek futbol\u00e7y 4,5 \u00fdyllyk \u015fertnama bagla\u015fdy. Kabral ge\u00e7en m\u00f6ws\u00fcmde Bazelde 31 o\u00fdunda 27 gol ge\u00e7irip, 8 golu\u0148 pasyny berdi. 2019-njy \u00fdylda Bazeli\u0148 d\u00fcz\u00fcmine go\u015fulan Kabral umumylykda 106 o\u00fdunda 65 gol ge\u00e7irdi. Ol Bazelden ozal \u00fdurduny\u0148 Seara Sporting Klub hem-de Palmerias toparlarynda o\u00fdnapdy.<\/p>\n","protected":false},"excerpt":{"rendered":"<p>Itali\u00fdany\u0148 Fiorentina topary d\u00fc\u00fdn \u00fda\u015f \u00fdyldyz futbol\u00e7ysy Du\u015fan Wlahowi\u00e7i \u00dduwentusa 75 million \u00fdewro baha satdy. Topar onu\u0148 ornuna Bazeli\u0148 brazili\u00fdaly h\u00fcj\u00fcm\u00e7isi Artur Kabraly transfer etdi. Ital\u00fdan topary 23 \u00fda\u015fyndaky gol\u00e7y o\u00fdun\u00e7y \u00fc\u00e7in \u015fwe\u00fdsar klubuna 16 million \u00fdewro t\u00f6l\u00e4r. 9-njy belgide \u00e7yky\u015f etjek futbol\u00e7y 4,5 \u00fdyllyk \u015fertnama bagla\u015fdy. Kabral ge\u00e7en m\u00f6ws\u00fcmde Bazelde 31 o\u00fdunda 27 gol [&hellip;]<\/p>\n","protected":false},"author":2,"featured_media":54900,"comment_status":"open","ping_status":"closed","sticky":false,"template":"","format":"standard","meta":{"footnotes":""},"categories":[13,412],"tags":[2964,2963,2764,1057],"class_list":["post-54899","post","type-post","status-publish","format-standard","has-post-thumbnail","hentry","category-3sport","category-transfer-tazelikleri","tag-artur-kabral","tag-bazel","tag-dusan-wlahowic","tag-fiorentina"],"_links":{"self":[{"href":"https:\/\/zamanturkmenistan.com.tm\/wp-json\/wp\/v2\/posts\/54899","targetHints":{"allow":["GET"]}}],"collection":[{"href":"https:\/\/zamanturkmenistan.com.tm\/wp-json\/wp\/v2\/posts"}],"about":[{"href":"https:\/\/zamanturkmenistan.com.tm\/wp-json\/wp\/v2\/types\/post"}],"author":[{"embeddable":true,"href":"https:\/\/zamanturkmenistan.com.tm\/wp-json\/wp\/v2\/users\/2"}],"replies":[{"embeddable":true,"href":"https:\/\/zamanturkmenistan.com.tm\/wp-json\/wp\/v2\/comments?post=54899"}],"version-history":[{"count":0,"href":"https:\/\/zamanturkmenistan.com.tm\/wp-json\/wp\/v2\/posts\/54899\/revisions"}],"wp:featuredmedia":[{"embeddable":true,"href":"https:\/\/zamanturkmenistan.com.tm\/wp-json\/wp\/v2\/media\/54900"}],"wp:attachment":[{"href":"https:\/\/zamanturkmenistan.com.tm\/wp-json\/wp\/v2\/media?parent=54899"}],"wp:term":[{"taxonomy":"category","embeddable":true,"href":"https:\/\/zamanturkmenistan.com.tm\/wp-json\/wp\/v2\/categories?post=54899"},{"taxonomy":"post_tag","embeddable":true,"href":"https:\/\/zamanturkmenistan.com.tm\/wp-json\/wp\/v2\/tags?post=54899"}],"curies":[{"name":"wp","href":"https:\/\/api.w.org\/{rel}","templated":true}]}}