{"id":61247,"date":"2022-07-15T15:50:45","date_gmt":"2022-07-15T10:50:45","guid":{"rendered":"https:\/\/zamanturkmenistan.com.tm\/?p=61247"},"modified":"2022-07-15T15:59:13","modified_gmt":"2022-07-15T10:59:13","slug":"turkmenistanyn-prezidenti-samarkant-saherindaki-taryhy-medeni-yadygarlikler-toplumlaryna-baryp-gordi","status":"publish","type":"post","link":"https:\/\/zamanturkmenistan.com.tm\/?p=61247","title":{"rendered":"T\u00fcrkmenistany\u0148 Prezidenti Samarkant \u015f\u00e4herind\u00e4ki taryhy-medeni \u00fdadyg\u00e4rlikler toplumlaryna baryp g\u00f6rdi"},"content":{"rendered":"\n<p>\u015eu g\u00fcn \u00d6zbegistana d\u00f6wlet saparyny\u0148 ikinji g\u00fcn\u00fcnde hormatly Prezidentimiz Serdar Berdimuhamedow Samarkant \u015f\u00e4heri\u0148 taryhy-medeni \u00fdadyg\u00e4rlikler toplumyna baryp g\u00f6rdi we bu \u015f\u00e4heri\u0148 i\u0148 me\u015fhur k\u00fcnjeklerind\u00e4ki desgalary\u0148 a\u00fdratynlyklary bilen \u00fdakyndan tany\u015fdy. Bu barada \u00abT\u00fcrkmenistan\u00bb gazetini\u0148 elektron go\u015fundysy habar berdi.<\/p>\n\n\n\n<figure class=\"wp-block-image size-large\"><img decoding=\"async\" loading=\"lazy\" width=\"1024\" height=\"682\" src=\"https:\/\/zamanturkmenistan.com.tm\/wp-content\/uploads\/2022\/07\/samarkand-uzbekistan-lkk-1-1024x682.jpg\" alt=\"\" class=\"wp-image-61250\" srcset=\"https:\/\/zamanturkmenistan.com.tm\/wp-content\/uploads\/2022\/07\/samarkand-uzbekistan-lkk-1-1024x682.jpg 1024w, https:\/\/zamanturkmenistan.com.tm\/wp-content\/uploads\/2022\/07\/samarkand-uzbekistan-lkk-1-300x200.jpg 300w, https:\/\/zamanturkmenistan.com.tm\/wp-content\/uploads\/2022\/07\/samarkand-uzbekistan-lkk-1-768x511.jpg 768w, https:\/\/zamanturkmenistan.com.tm\/wp-content\/uploads\/2022\/07\/samarkand-uzbekistan-lkk-1-696x463.jpg 696w, https:\/\/zamanturkmenistan.com.tm\/wp-content\/uploads\/2022\/07\/samarkand-uzbekistan-lkk-1-1068x711.jpg 1068w, https:\/\/zamanturkmenistan.com.tm\/wp-content\/uploads\/2022\/07\/samarkand-uzbekistan-lkk-1-631x420.jpg 631w, https:\/\/zamanturkmenistan.com.tm\/wp-content\/uploads\/2022\/07\/samarkand-uzbekistan-lkk-1.jpg 1280w\" sizes=\"(max-width: 1024px) 100vw, 1024px\" \/><\/figure>\n\n\n\n<p>\u00d6zbegistany\u0148 a\u00e7yk asmany\u0148 astyndaky muze\u00fd hasaplan\u00fdan taryhy k\u00fcnjeginde \u2014 Samarkant \u015f\u00e4herinde d\u00f6wlet Ba\u015ftutanymyz Prezident \u015eawkat Mirzi\u00fdo\u00fdew bilen bilelikde Orta asyrlara degi\u015fli bolan Ulugbegi\u0148 me\u015fhur obserwatori\u00fdasyny\u0148 \u00f6zbolu\u015fly a\u00fdratynlyklary bilen tany\u015fdylar.<\/p>\n\n\n\n<figure class=\"wp-block-image size-large\"><img decoding=\"async\" loading=\"lazy\" width=\"1024\" height=\"591\" src=\"https:\/\/zamanturkmenistan.com.tm\/wp-content\/uploads\/2022\/07\/samarkand-uzbek-ulugbek-observatory-apsor-1024x591.jpg\" alt=\"\" class=\"wp-image-61251\" srcset=\"https:\/\/zamanturkmenistan.com.tm\/wp-content\/uploads\/2022\/07\/samarkand-uzbek-ulugbek-observatory-apsor-1024x591.jpg 1024w, https:\/\/zamanturkmenistan.com.tm\/wp-content\/uploads\/2022\/07\/samarkand-uzbek-ulugbek-observatory-apsor-300x173.jpg 300w, https:\/\/zamanturkmenistan.com.tm\/wp-content\/uploads\/2022\/07\/samarkand-uzbek-ulugbek-observatory-apsor-768x444.jpg 768w, https:\/\/zamanturkmenistan.com.tm\/wp-content\/uploads\/2022\/07\/samarkand-uzbek-ulugbek-observatory-apsor-696x402.jpg 696w, https:\/\/zamanturkmenistan.com.tm\/wp-content\/uploads\/2022\/07\/samarkand-uzbek-ulugbek-observatory-apsor-1068x617.jpg 1068w, https:\/\/zamanturkmenistan.com.tm\/wp-content\/uploads\/2022\/07\/samarkand-uzbek-ulugbek-observatory-apsor-727x420.jpg 727w, https:\/\/zamanturkmenistan.com.tm\/wp-content\/uploads\/2022\/07\/samarkand-uzbek-ulugbek-observatory-apsor.jpg 1198w\" sizes=\"(max-width: 1024px) 100vw, 1024px\" \/><\/figure>\n\n\n\n<p>Ulugbegi\u0148 obserwatori\u00fdasy 1424 \u2014 1428-nji \u00fdyllarda Samarkandy\u0148 gola\u00fdynda \u00fderle\u015f\u00fd\u00e4n Kuhat ba\u00fdrynda gurlan obserwatori\u00fdany\u0148 galyndylaryny \u00f6z\u00fcnde jemle\u00fd\u00e4r. O\u0148a emir Te\u00fdmiri\u0148 \u015fol d\u00f6w\u00fcrlerde Samarkandy\u0148 h\u00f6k\u00fcmdary bolan agtygy Ulugbegi\u0148 hut \u00f6zi \u00fdolba\u015f\u00e7ylyk edip, obserwatori\u00fdada alnyp barlan ylmy i\u015fleri \u00fdakyndan goldapdyr we alymlary has-da h\u00f6weslendiripdir. Silindr g\u00f6rn\u00fc\u015fli \u00fc\u00e7 gatly binany\u0148 be\u00fdikligi 30 metr bolup, ol \u00fderde \u00f6l\u00e7e\u00fdji gural \u2014 sekstant go\u00fdlupdyr. \u015eonu\u0148 k\u00f6megi bilen G\u00fcne, A\u00fda, be\u00fdleki asman jisimlerine g\u00f6zeg\u00e7ilik edilipdir.<\/p>\n\n\n\n<figure class=\"wp-block-image size-large\"><img decoding=\"async\" loading=\"lazy\" width=\"1024\" height=\"682\" src=\"https:\/\/zamanturkmenistan.com.tm\/wp-content\/uploads\/2022\/07\/samarkand-uzbekistan-madrasah-1024x682.jpg\" alt=\"\" class=\"wp-image-61252\" srcset=\"https:\/\/zamanturkmenistan.com.tm\/wp-content\/uploads\/2022\/07\/samarkand-uzbekistan-madrasah-1024x682.jpg 1024w, https:\/\/zamanturkmenistan.com.tm\/wp-content\/uploads\/2022\/07\/samarkand-uzbekistan-madrasah-300x200.jpg 300w, https:\/\/zamanturkmenistan.com.tm\/wp-content\/uploads\/2022\/07\/samarkand-uzbekistan-madrasah-768x511.jpg 768w, https:\/\/zamanturkmenistan.com.tm\/wp-content\/uploads\/2022\/07\/samarkand-uzbekistan-madrasah-696x463.jpg 696w, https:\/\/zamanturkmenistan.com.tm\/wp-content\/uploads\/2022\/07\/samarkand-uzbekistan-madrasah-1068x711.jpg 1068w, https:\/\/zamanturkmenistan.com.tm\/wp-content\/uploads\/2022\/07\/samarkand-uzbekistan-madrasah-631x420.jpg 631w, https:\/\/zamanturkmenistan.com.tm\/wp-content\/uploads\/2022\/07\/samarkand-uzbekistan-madrasah.jpg 1280w\" sizes=\"(max-width: 1024px) 100vw, 1024px\" \/><\/figure>\n\n\n\n<p>So\u0148ra hormatly Prezidentimiz Serdar Berdimuhamedow Te\u00fdmirle\u0148i\u0148 mawzole\u00fdine we Samarkandy\u0148 me\u015fhur k\u00fcnjeklerini\u0148 biri hasaplan\u00fdan Registan me\u00fddanyna baryp g\u00f6rdi.<\/p>\n\n\n\n<figure class=\"wp-block-image size-large\"><img decoding=\"async\" loading=\"lazy\" width=\"1024\" height=\"619\" src=\"https:\/\/zamanturkmenistan.com.tm\/wp-content\/uploads\/2022\/07\/samarkand-rehistan-square-meydan-maydan-uzbekistan-1024x619.jpg\" alt=\"\" class=\"wp-image-61253\" srcset=\"https:\/\/zamanturkmenistan.com.tm\/wp-content\/uploads\/2022\/07\/samarkand-rehistan-square-meydan-maydan-uzbekistan-1024x619.jpg 1024w, https:\/\/zamanturkmenistan.com.tm\/wp-content\/uploads\/2022\/07\/samarkand-rehistan-square-meydan-maydan-uzbekistan-300x181.jpg 300w, https:\/\/zamanturkmenistan.com.tm\/wp-content\/uploads\/2022\/07\/samarkand-rehistan-square-meydan-maydan-uzbekistan-768x464.jpg 768w, https:\/\/zamanturkmenistan.com.tm\/wp-content\/uploads\/2022\/07\/samarkand-rehistan-square-meydan-maydan-uzbekistan-696x421.jpg 696w, https:\/\/zamanturkmenistan.com.tm\/wp-content\/uploads\/2022\/07\/samarkand-rehistan-square-meydan-maydan-uzbekistan-1068x646.jpg 1068w, https:\/\/zamanturkmenistan.com.tm\/wp-content\/uploads\/2022\/07\/samarkand-rehistan-square-meydan-maydan-uzbekistan-695x420.jpg 695w, https:\/\/zamanturkmenistan.com.tm\/wp-content\/uploads\/2022\/07\/samarkand-rehistan-square-meydan-maydan-uzbekistan.jpg 1280w\" sizes=\"(max-width: 1024px) 100vw, 1024px\" \/><\/figure>\n\n\n\n<p>M\u00e4lim bol\u015fy \u00fdaly, emir Te\u00fdmirle\u0148 \u00f6z d\u00f6wr\u00fcnde \u00fdurdu\u0148 pa\u00fdtagtyny Samarkanda ge\u00e7irip, \u015f\u00e4heri medeni, ykdysady we binag\u00e4rlik babatda g\u00fclledip \u00f6sd\u00fcrmek ugrunda tagalla edipdir. Te\u00fdmirle\u0148 \u00abGur-emir\u00bb&nbsp;aramg\u00e4hini 1404-nji \u00fdylda agtygy \u00fc\u00e7in gurdursa-da, bir \u00fdyldan so\u0148ra du\u00fddansyz aradan \u00e7ykmagy bilen, me\u015fhur h\u00f6k\u00fcmdary\u0148 \u00f6zi hem \u015fol \u00fderde ja\u00fdlanypdyr.<\/p>\n\n\n\n<figure class=\"wp-block-image size-large\"><img decoding=\"async\" loading=\"lazy\" width=\"1024\" height=\"682\" src=\"https:\/\/zamanturkmenistan.com.tm\/wp-content\/uploads\/2022\/07\/samarkand-uzbekistan-history-1024x682.jpg\" alt=\"\" class=\"wp-image-61254\" srcset=\"https:\/\/zamanturkmenistan.com.tm\/wp-content\/uploads\/2022\/07\/samarkand-uzbekistan-history-1024x682.jpg 1024w, https:\/\/zamanturkmenistan.com.tm\/wp-content\/uploads\/2022\/07\/samarkand-uzbekistan-history-300x200.jpg 300w, https:\/\/zamanturkmenistan.com.tm\/wp-content\/uploads\/2022\/07\/samarkand-uzbekistan-history-768x511.jpg 768w, https:\/\/zamanturkmenistan.com.tm\/wp-content\/uploads\/2022\/07\/samarkand-uzbekistan-history-696x463.jpg 696w, https:\/\/zamanturkmenistan.com.tm\/wp-content\/uploads\/2022\/07\/samarkand-uzbekistan-history-1068x711.jpg 1068w, https:\/\/zamanturkmenistan.com.tm\/wp-content\/uploads\/2022\/07\/samarkand-uzbekistan-history-631x420.jpg 631w, https:\/\/zamanturkmenistan.com.tm\/wp-content\/uploads\/2022\/07\/samarkand-uzbekistan-history.jpg 1280w\" sizes=\"(max-width: 1024px) 100vw, 1024px\" \/><\/figure>\n\n\n\n<p>Registan me\u00fddanynda XV \u2014 XVII asyrlara degi\u015fli medreseleri\u0148 3-si \u00fderle\u015fip, olar bir bitewi binag\u00e4rlik gurlu\u015fyny emele getir\u00fd\u00e4r. Bu medreseler \u015fol d\u00f6w\u00fcrlerde yslam dinini \u00f6wrenmek isle\u00fd\u00e4nler \u00fc\u00e7in ruhy bilim merkezleri bolup hyzmat edipdir. Her medres\u00e4ni\u0148 \u00f6z \u00fda\u015fa\u00fdy\u015f otaglary, metjidi hem-de i\u00e7erki howlusy bolupdyr. Bizi\u0148 g\u00fcnlerimize \u00e7enli abat \u00fdagda\u00fdda gelip \u00fdeten bu arhitektura toplumy \u00ddUNESKO-ny\u0148 B\u00fctind\u00fcn\u00fd\u00e4 mirasyny\u0148 sanawyna girizilendir. \u015ee\u00fdle hem &nbsp;hormatly Prezidentimiz Samarkant \u015f\u00e4herinde \u00d6zbegistany\u0148 g\u00f6rn\u00fckli sy\u00fdasy i\u015fg\u00e4ri, ilkinji Prezidenti Yslam Karimowy\u0148 hormatyna Samarkantda gurlan mawzole\u00fde baryp, g\u00fcl dessesini go\u00fddy we d\u00e4p bolan dostlukly t\u00fcrkmen-\u00f6zbek gatna\u015fyklaryny\u0148 \u00f6sd\u00fcrilmegine go\u015fant go\u015fan g\u00f6rn\u00fckli d\u00f6wlet i\u015fg\u00e4rini\u0148 \u00fdagty \u00fdadyg\u00e4rligini hatyralady.<\/p>\n","protected":false},"excerpt":{"rendered":"<p>\u015eu g\u00fcn \u00d6zbegistana d\u00f6wlet saparyny\u0148 ikinji g\u00fcn\u00fcnde hormatly Prezidentimiz Serdar Berdimuhamedow Samarkant \u015f\u00e4heri\u0148 taryhy-medeni \u00fdadyg\u00e4rlikler toplumyna baryp g\u00f6rdi we bu \u015f\u00e4heri\u0148 i\u0148 me\u015fhur k\u00fcnjeklerind\u00e4ki desgalary\u0148 a\u00fdratynlyklary bilen \u00fdakyndan tany\u015fdy. Bu barada \u00abT\u00fcrkmenistan\u00bb gazetini\u0148 elektron go\u015fundysy habar berdi. \u00d6zbegistany\u0148 a\u00e7yk asmany\u0148 astyndaky muze\u00fd hasaplan\u00fdan taryhy k\u00fcnjeginde \u2014 Samarkant \u015f\u00e4herinde d\u00f6wlet Ba\u015ftutanymyz Prezident \u015eawkat Mirzi\u00fdo\u00fdew bilen bilelikde [&hellip;]<\/p>\n","protected":false},"author":2,"featured_media":61260,"comment_status":"open","ping_status":"closed","sticky":false,"template":"","format":"standard","meta":{"footnotes":""},"categories":[3],"tags":[],"acf":[],"_links":{"self":[{"href":"https:\/\/zamanturkmenistan.com.tm\/index.php?rest_route=\/wp\/v2\/posts\/61247"}],"collection":[{"href":"https:\/\/zamanturkmenistan.com.tm\/index.php?rest_route=\/wp\/v2\/posts"}],"about":[{"href":"https:\/\/zamanturkmenistan.com.tm\/index.php?rest_route=\/wp\/v2\/types\/post"}],"author":[{"embeddable":true,"href":"https:\/\/zamanturkmenistan.com.tm\/index.php?rest_route=\/wp\/v2\/users\/2"}],"replies":[{"embeddable":true,"href":"https:\/\/zamanturkmenistan.com.tm\/index.php?rest_route=%2Fwp%2Fv2%2Fcomments&post=61247"}],"version-history":[{"count":2,"href":"https:\/\/zamanturkmenistan.com.tm\/index.php?rest_route=\/wp\/v2\/posts\/61247\/revisions"}],"predecessor-version":[{"id":61261,"href":"https:\/\/zamanturkmenistan.com.tm\/index.php?rest_route=\/wp\/v2\/posts\/61247\/revisions\/61261"}],"wp:featuredmedia":[{"embeddable":true,"href":"https:\/\/zamanturkmenistan.com.tm\/index.php?rest_route=\/wp\/v2\/media\/61260"}],"wp:attachment":[{"href":"https:\/\/zamanturkmenistan.com.tm\/index.php?rest_route=%2Fwp%2Fv2%2Fmedia&parent=61247"}],"wp:term":[{"taxonomy":"category","embeddable":true,"href":"https:\/\/zamanturkmenistan.com.tm\/index.php?rest_route=%2Fwp%2Fv2%2Fcategories&post=61247"},{"taxonomy":"post_tag","embeddable":true,"href":"https:\/\/zamanturkmenistan.com.tm\/index.php?rest_route=%2Fwp%2Fv2%2Ftags&post=61247"}],"curies":[{"name":"wp","href":"https:\/\/api.w.org\/{rel}","templated":true}]}}