{"id":66197,"date":"2022-10-21T09:55:13","date_gmt":"2022-10-21T04:55:13","guid":{"rendered":"https:\/\/zamanturkmenistan.com.tm\/?p=66197"},"modified":"2022-10-21T09:55:13","modified_gmt":"2022-10-21T04:55:13","slug":"halkara-yuk-dasamalary-ucin-tolegler-we-yygymlar-kesgitlendi","status":"publish","type":"post","link":"https:\/\/zamanturkmenistan.com.tm\/?p=66197","title":{"rendered":"Halkara \u00fd\u00fck da\u015famalary \u00fc\u00e7in t\u00f6legler we \u00fdygymlar kesgitlendi"},"content":{"rendered":"<p>\u00ddurdumyzda da\u015fary \u00fdurt d\u00f6wletlerini\u0148 \u00fd\u00fck awtoulag tirkegleri we \u00fdarym tirkegleri bilen \u00fd\u00fck da\u015famagy d\u00fczg\u00fcnle\u015fdirmek we ulaglar ulgamyny\u0148 halkara gatnawlarda b\u00e4sde\u015flige ukyplylygyny \u00fdokarlandyrmak maksady bilen, T\u00fcrkmenistany\u0148 Prezidenti Karara gol \u00e7ekdi. Resminama la\u00fdyklykda, Halkara ulag we \u00fcsta\u015fyr ge\u00e7elgesini d\u00f6retmek hakynda E\u00fdran Yslam Respublikasyny\u0148, Oman Soltanlygyny\u0148, T\u00fcrkmenistany\u0148 we \u00d6zbegistan Respublikasyny\u0148 H\u00f6k\u00fcmetlerini\u0148 arasynda Ylala\u015fyga (A\u015fgabat Ylala\u015fygyna), \u00dcsta\u015fyr we ulag hyzmatda\u015flygy hakynda Ylala\u015fyga (Lapis Lazuli ugry bo\u00fdun\u00e7a Ylala\u015fyga) agza d\u00f6wletlerden \u00fda-da bu d\u00f6wletleri\u0148 \u00fcsti bilen da\u015fary \u00fdurt d\u00f6wletlerini\u0148 \u00fd\u00fck awtoulag tirkegleri we \u00fdarym tirkegleri T\u00fcrkmenistana getirilende we onu\u0148 \u00e7\u00e4ginden \u00fcsta\u015fyr ge\u00e7irilende, da\u015fary \u00fdurt d\u00f6wletlerini\u0148 tirkeg \u00e7ekiji awtomobili ulanylmadyk \u00fdagda\u00fdynda, olary\u0148 e\u00fdelerinden alyn\u00fdan \u00fdygymlar hem-de t\u00f6legler 2022-nji \u00fdyly\u0148 15-nji no\u00fdabryndan 2023-nji \u00fdyly\u0148 15-nji no\u00fdabryna \u00e7enli d\u00f6w\u00fcr \u00fc\u00e7in bellenildi.<\/p>\n<p>Oba hojalyk we da\u015fky gur\u015fawy goramak ministrligi, D\u00f6wlet g\u00fcmr\u00fck gullugy, T\u00fcrkmenistany\u0148 Ministrler Kabinetini\u0148 \u00fdanyndaky Ulag we kommunikasi\u00fdalar agentligi Adalat ministrligi bilen bilelikde Karardan gelip \u00e7yk\u00fdan \u00fc\u00fdtgetmeleri we go\u015fma\u00e7alary T\u00fcrkmenistany\u0148 kanun\u00e7ylygyna girizmek baradaky teklipleri bir a\u00fd m\u00f6hletde ta\u00fd\u00fdarlamaga we Ministrler Kabinetine berm\u00e4ge bor\u00e7ly edildi.<\/p>\n","protected":false},"excerpt":{"rendered":"<p>\u00ddurdumyzda da\u015fary \u00fdurt d\u00f6wletlerini\u0148 \u00fd\u00fck awtoulag tirkegleri we \u00fdarym tirkegleri bilen \u00fd\u00fck da\u015famagy d\u00fczg\u00fcnle\u015fdirmek we ulaglar ulgamyny\u0148 halkara gatnawlarda b\u00e4sde\u015flige ukyplylygyny \u00fdokarlandyrmak maksady bilen, T\u00fcrkmenistany\u0148 Prezidenti Karara gol \u00e7ekdi. Resminama la\u00fdyklykda, Halkara ulag we \u00fcsta\u015fyr ge\u00e7elgesini d\u00f6retmek hakynda E\u00fdran Yslam Respublikasyny\u0148, Oman Soltanlygyny\u0148, T\u00fcrkmenistany\u0148 we \u00d6zbegistan Respublikasyny\u0148 H\u00f6k\u00fcmetlerini\u0148 arasynda Ylala\u015fyga (A\u015fgabat Ylala\u015fygyna), \u00dcsta\u015fyr we ulag [&hellip;]<\/p>\n","protected":false},"author":2,"featured_media":50069,"comment_status":"open","ping_status":"closed","sticky":false,"template":"","format":"standard","meta":{"footnotes":""},"categories":[3],"tags":[],"acf":[],"_links":{"self":[{"href":"https:\/\/zamanturkmenistan.com.tm\/index.php?rest_route=\/wp\/v2\/posts\/66197"}],"collection":[{"href":"https:\/\/zamanturkmenistan.com.tm\/index.php?rest_route=\/wp\/v2\/posts"}],"about":[{"href":"https:\/\/zamanturkmenistan.com.tm\/index.php?rest_route=\/wp\/v2\/types\/post"}],"author":[{"embeddable":true,"href":"https:\/\/zamanturkmenistan.com.tm\/index.php?rest_route=\/wp\/v2\/users\/2"}],"replies":[{"embeddable":true,"href":"https:\/\/zamanturkmenistan.com.tm\/index.php?rest_route=%2Fwp%2Fv2%2Fcomments&post=66197"}],"version-history":[{"count":1,"href":"https:\/\/zamanturkmenistan.com.tm\/index.php?rest_route=\/wp\/v2\/posts\/66197\/revisions"}],"predecessor-version":[{"id":66198,"href":"https:\/\/zamanturkmenistan.com.tm\/index.php?rest_route=\/wp\/v2\/posts\/66197\/revisions\/66198"}],"wp:featuredmedia":[{"embeddable":true,"href":"https:\/\/zamanturkmenistan.com.tm\/index.php?rest_route=\/wp\/v2\/media\/50069"}],"wp:attachment":[{"href":"https:\/\/zamanturkmenistan.com.tm\/index.php?rest_route=%2Fwp%2Fv2%2Fmedia&parent=66197"}],"wp:term":[{"taxonomy":"category","embeddable":true,"href":"https:\/\/zamanturkmenistan.com.tm\/index.php?rest_route=%2Fwp%2Fv2%2Fcategories&post=66197"},{"taxonomy":"post_tag","embeddable":true,"href":"https:\/\/zamanturkmenistan.com.tm\/index.php?rest_route=%2Fwp%2Fv2%2Ftags&post=66197"}],"curies":[{"name":"wp","href":"https:\/\/api.w.org\/{rel}","templated":true}]}}