{"id":67294,"date":"2022-11-11T16:24:31","date_gmt":"2022-11-11T11:24:31","guid":{"rendered":"https:\/\/zamanturkmenistan.com.tm\/?p=67294"},"modified":"2022-11-11T18:01:35","modified_gmt":"2022-11-11T13:01:35","slug":"samarkant-sammitinde-agac-nahallary-oturdyldy","status":"publish","type":"post","link":"https:\/\/zamanturkmenistan.com.tm\/samarkant-sammitinde-agac-nahallary-oturdyldy\/","title":{"rendered":"Samarkant sammitinde aga\u00e7 nahallary oturdyldy"},"content":{"rendered":"<p>\u015eu g\u00fcn T\u00fcrki D\u00f6wletleri\u0148 Guramasyny\u0148 d\u00f6wlet Ba\u015ftutanlaryny\u0148 Ge\u0148e\u015fini\u0148 mejlisi \u00d6zbegistany\u0148 Samarkant \u015f\u00e4herinde ge\u00e7irildi. Onu\u0148 i\u015fine T\u00fcrkmenistany\u0148 Milli Ge\u0148e\u015fini\u0148 Halk Maslahatyny\u0148 Ba\u015flygy Gurbanguly Berdimuhamedow gatna\u015fdy.<\/p>\n<p>Sammiti\u0148 i\u015fi tamamlanandan so\u0148ra o\u0148a gatna\u015fan d\u00f6wlet \u00fdolba\u015f\u00e7ylary Samarkant \u015f\u00e4herini\u0148 taryhy Registan me\u00fddanynda aga\u00e7 nahallaryny oturdylar.<\/p>\n<p>T\u00fcrki d\u00fcn\u00fd\u00e4sini\u0148 jebisligini\u0148 has-da pugtalandyrylmagy \u00fc\u00e7in ge\u00e7irilen aga\u00e7 nahallaryny oturtmak \u00e7\u00e4resi \u015fol bir wagtda \u00d6zbegistany\u0148 14 wela\u00fdatynda, \u015fe\u00fdle hem Gazagystany\u0148 T\u00fcrk\u00fcstan \u015f\u00e4herinde, T\u00fcrki\u00fd\u00e4ni\u0148, T\u00fcrkmenistany\u0148, Azerba\u00fdjany\u0148, Gyrgyz Respublikasyny\u0148 hem-de Wengri\u00fdany\u0148 pa\u00fdtagtynda hem ge\u00e7irildi.<\/p>\n","protected":false},"excerpt":{"rendered":"<p>\u015eu g\u00fcn T\u00fcrki D\u00f6wletleri\u0148 Guramasyny\u0148 d\u00f6wlet Ba\u015ftutanlaryny\u0148 Ge\u0148e\u015fini\u0148 mejlisi \u00d6zbegistany\u0148 Samarkant \u015f\u00e4herinde ge\u00e7irildi. Onu\u0148 i\u015fine T\u00fcrkmenistany\u0148 Milli Ge\u0148e\u015fini\u0148 Halk Maslahatyny\u0148 Ba\u015flygy Gurbanguly Berdimuhamedow gatna\u015fdy. Sammiti\u0148 i\u015fi tamamlanandan so\u0148ra o\u0148a gatna\u015fan d\u00f6wlet \u00fdolba\u015f\u00e7ylary Samarkant \u015f\u00e4herini\u0148 taryhy Registan me\u00fddanynda aga\u00e7 nahallaryny oturdylar. T\u00fcrki d\u00fcn\u00fd\u00e4sini\u0148 jebisligini\u0148 has-da pugtalandyrylmagy \u00fc\u00e7in ge\u00e7irilen aga\u00e7 nahallaryny oturtmak \u00e7\u00e4resi \u015fol bir wagtda \u00d6zbegistany\u0148 [&hellip;]<\/p>\n","protected":false},"author":2,"featured_media":67299,"comment_status":"open","ping_status":"closed","sticky":false,"template":"","format":"standard","meta":{"footnotes":""},"categories":[3],"tags":[],"class_list":["post-67294","post","type-post","status-publish","format-standard","has-post-thumbnail","hentry","category-habarlar","format-default"],"_links":{"self":[{"href":"https:\/\/zamanturkmenistan.com.tm\/wp-json\/wp\/v2\/posts\/67294","targetHints":{"allow":["GET"]}}],"collection":[{"href":"https:\/\/zamanturkmenistan.com.tm\/wp-json\/wp\/v2\/posts"}],"about":[{"href":"https:\/\/zamanturkmenistan.com.tm\/wp-json\/wp\/v2\/types\/post"}],"author":[{"embeddable":true,"href":"https:\/\/zamanturkmenistan.com.tm\/wp-json\/wp\/v2\/users\/2"}],"replies":[{"embeddable":true,"href":"https:\/\/zamanturkmenistan.com.tm\/wp-json\/wp\/v2\/comments?post=67294"}],"version-history":[{"count":3,"href":"https:\/\/zamanturkmenistan.com.tm\/wp-json\/wp\/v2\/posts\/67294\/revisions"}],"predecessor-version":[{"id":67343,"href":"https:\/\/zamanturkmenistan.com.tm\/wp-json\/wp\/v2\/posts\/67294\/revisions\/67343"}],"wp:featuredmedia":[{"embeddable":true,"href":"https:\/\/zamanturkmenistan.com.tm\/wp-json\/wp\/v2\/media\/67299"}],"wp:attachment":[{"href":"https:\/\/zamanturkmenistan.com.tm\/wp-json\/wp\/v2\/media?parent=67294"}],"wp:term":[{"taxonomy":"category","embeddable":true,"href":"https:\/\/zamanturkmenistan.com.tm\/wp-json\/wp\/v2\/categories?post=67294"},{"taxonomy":"post_tag","embeddable":true,"href":"https:\/\/zamanturkmenistan.com.tm\/wp-json\/wp\/v2\/tags?post=67294"}],"curies":[{"name":"wp","href":"https:\/\/api.w.org\/{rel}","templated":true}]}}