{"id":84542,"date":"2023-08-16T12:21:18","date_gmt":"2023-08-16T07:21:18","guid":{"rendered":"https:\/\/zamanturkmenistan.com.tm\/?p=84542"},"modified":"2023-08-16T12:25:22","modified_gmt":"2023-08-16T07:25:22","slug":"mancester-sitinin-esasy-yyldyzy-indiki-yyla-cenli-meydanca-cykyp-bilmez","status":"publish","type":"post","link":"https:\/\/zamanturkmenistan.com.tm\/mancester-sitinin-esasy-yyldyzy-indiki-yyla-cenli-meydanca-cykyp-bilmez\/","title":{"rendered":"\u201cMan\u00e7ester Sitini\u0148\u201d esasy \u00fdyldyzy indiki \u00fdyla \u00e7enli me\u00fddan\u00e7a \u00e7ykyp bilmez"},"content":{"rendered":"<p>T\u00e4ze m\u00f6ws\u00fcmi\u0148 badalga berlen \u015fu g\u00fcnlerinde \u00ddewropa futbolyndan \u00fdyldyzlary\u0148 \u015fikes almagy bilen baglany\u015fykly habarlary yzygiderli gelip ba\u015flady. \u201c\u00c7elsini\u0148\u201d t\u00e4ze transfer Nkunkuny\u0148 4, \u201cReal Madridi\u0148\u201d o\u00fdun\u00e7ylary \u2013 derweze\u00e7i Tibo Kurtuany\u0148 7-8, gorag\u00e7ysy Eder Militaony\u0148 9 a\u00fd t\u00f6weregi me\u00fddan\u00e7a \u00e7ykyp bilmejekdigi baradaky habarlary\u0148 \u00fcst\u00fcne \u00fdene biri go\u015fuldy. \u00c7empionaty\u0148 ilkinji du\u015fu\u015fygynda \u015fikes alyp, me\u00fddan\u00e7adan \u00e7ykan \u201cMan\u00e7ester Sitini\u0148\u201d belgi\u00fdaly \u00fdyldyzy Kewin De Bru\u00fdne hem agyr \u015fikeslileri\u0148 sanawyna adyny \u00fdazdyrdy. \u201cMan\u00e7ester Sitini\u0148\u201d t\u00e4lim\u00e7isi Pep Guardiola: \u2013 Esasy \u00fdyldyzlarymyzy\u0148 biri bolan De Bru\u00fdneni\u0148 \u015fikesi seb\u00e4pli bize 3-4 a\u00fd k\u00f6megi degmez. Ol \u00fdyly\u0148 galan g\u00fcnlerinde me\u00fddan\u00e7a \u00e7ykyp bilmezmik\u00e4 di\u00fd\u00fd\u00e4rin. Onu\u0148 \u00f6wezini dolup bolmaz, \u00fd\u00f6ne \u00f6kde alternatiwlerimiz bar \u2013 di\u00fdip, \u00e7yky\u015f etdi.<\/p>\n<p>Kewin De Bru\u00fdne 2015-nji \u00fdyldan b\u00e4ri \u201cSitini\u0148\u201d d\u00fcz\u00fcminde \u00e7yky\u015f edip gel\u00fd\u00e4r we ol 358 o\u00fdunda 96 gol ge\u00e7irip, 153 golu\u0148 pasyny berdi.<\/p>\n","protected":false},"excerpt":{"rendered":"<p>T\u00e4ze m\u00f6ws\u00fcmi\u0148 badalga berlen \u015fu g\u00fcnlerinde \u00ddewropa futbolyndan \u00fdyldyzlary\u0148 \u015fikes almagy bilen baglany\u015fykly habarlary yzygiderli gelip ba\u015flady. \u201c\u00c7elsini\u0148\u201d t\u00e4ze transfer Nkunkuny\u0148 4, \u201cReal Madridi\u0148\u201d o\u00fdun\u00e7ylary \u2013 derweze\u00e7i Tibo Kurtuany\u0148 7-8, gorag\u00e7ysy Eder Militaony\u0148 9 a\u00fd t\u00f6weregi me\u00fddan\u00e7a \u00e7ykyp bilmejekdigi baradaky habarlary\u0148 \u00fcst\u00fcne \u00fdene biri go\u015fuldy. \u00c7empionaty\u0148 ilkinji du\u015fu\u015fygynda \u015fikes alyp, me\u00fddan\u00e7adan \u00e7ykan \u201cMan\u00e7ester Sitini\u0148\u201d belgi\u00fdaly [&hellip;]<\/p>\n","protected":false},"author":2,"featured_media":84549,"comment_status":"open","ping_status":"closed","sticky":false,"template":"","format":"standard","meta":{"footnotes":""},"categories":[8200,13],"tags":[8285,910,7983,685,739,7192],"class_list":["post-84542","post","type-post","status-publish","format-standard","has-post-thumbnail","hentry","category-futbol-tm-sport","category-3sport","tag-eder-militao","tag-kewin-de-bruyne","tag-kristofer-nkunku","tag-mancester-siti","tag-pep-guardiola","tag-tibo-kurtua","format-default"],"_links":{"self":[{"href":"https:\/\/zamanturkmenistan.com.tm\/wp-json\/wp\/v2\/posts\/84542","targetHints":{"allow":["GET"]}}],"collection":[{"href":"https:\/\/zamanturkmenistan.com.tm\/wp-json\/wp\/v2\/posts"}],"about":[{"href":"https:\/\/zamanturkmenistan.com.tm\/wp-json\/wp\/v2\/types\/post"}],"author":[{"embeddable":true,"href":"https:\/\/zamanturkmenistan.com.tm\/wp-json\/wp\/v2\/users\/2"}],"replies":[{"embeddable":true,"href":"https:\/\/zamanturkmenistan.com.tm\/wp-json\/wp\/v2\/comments?post=84542"}],"version-history":[{"count":2,"href":"https:\/\/zamanturkmenistan.com.tm\/wp-json\/wp\/v2\/posts\/84542\/revisions"}],"predecessor-version":[{"id":84552,"href":"https:\/\/zamanturkmenistan.com.tm\/wp-json\/wp\/v2\/posts\/84542\/revisions\/84552"}],"wp:featuredmedia":[{"embeddable":true,"href":"https:\/\/zamanturkmenistan.com.tm\/wp-json\/wp\/v2\/media\/84549"}],"wp:attachment":[{"href":"https:\/\/zamanturkmenistan.com.tm\/wp-json\/wp\/v2\/media?parent=84542"}],"wp:term":[{"taxonomy":"category","embeddable":true,"href":"https:\/\/zamanturkmenistan.com.tm\/wp-json\/wp\/v2\/categories?post=84542"},{"taxonomy":"post_tag","embeddable":true,"href":"https:\/\/zamanturkmenistan.com.tm\/wp-json\/wp\/v2\/tags?post=84542"}],"curies":[{"name":"wp","href":"https:\/\/api.w.org\/{rel}","templated":true}]}}