{"id":86821,"date":"2023-09-13T18:04:13","date_gmt":"2023-09-13T13:04:13","guid":{"rendered":"https:\/\/zamanturkmenistan.com.tm\/?p=86821"},"modified":"2023-09-13T18:04:13","modified_gmt":"2023-09-13T13:04:13","slug":"turkmen-singapur-dim-ara-genesmeleri-gecirildi","status":"publish","type":"post","link":"https:\/\/zamanturkmenistan.com.tm\/turkmen-singapur-dim-ara-genesmeleri-gecirildi\/","title":{"rendered":"T\u00fcrkmen-singapur dim-ara ge\u0148e\u015fmeleri ge\u00e7irildi"},"content":{"rendered":"<p>13-nji sent\u00ad\u00fdabr\u00adda wi\u00addeoa\u00adra\u00adgat\u00adna\u00ad\u015fyk ul\u00adga\u00admy ar\u00adka\u00adly T\u00fcrk\u00adme\u00adnis\u00adta\u00adny\u0148 we Sin\u00adga\u00adpur Res\u00adpub\u00adli\u00adka\u00adsy\u00adny\u0148 da\u00ad\u015fa\u00adry i\u015f\u00adler mi\u00adnistr\u00adlik\u00adle\u00adri\u00adni\u0148 d\u00fc\u00adz\u00fcm bir\u00adlik\u00adle\u00adri\u00adni\u0148 \u00fdol\u00adba\u015f\u00ad\u00e7y\u00adla\u00adry\u00adny\u0148 ara\u00adsyn\u00adda ge\u00ad\u0148e\u015f\u00adme\u00adler ge\u00ad\u00e7i\u00adril\u00addi.<br \/>\nGep\u00adle\u00ad\u015fik\u00adle\u00adri\u0148 do\u00adwa\u00admyn\u00adda dip\u00adlo\u00admat\u00adlar sy\u00ad\u00fda\u00adsy, dip\u00adlo\u00adma\u00adtik, s\u00f6w\u00adda-yk\u00addy\u00adsa\u00addy we me\u00adde\u00adni-yn\u00adsan\u00adper\u00adwer ugur\u00adlar bo\u00ad\u00fdun\u00ad\u00e7a t\u00fcrk\u00admen-sin\u00adga\u00adpur gat\u00adna\u00ad\u015fyk\u00adla\u00adry\u00adny\u0148 h\u00e4\u00adzir\u00adki g\u00fcn ter\u00adti\u00adbi\u00adni hem-de we gel\u00adjek\u00adki m\u00fcm\u00adkin\u00ad\u00e7i\u00adlik\u00adle\u00adri\u00adni ara alyp mas\u00adla\u00adhat\u00adla\u015f\u00addy\u00adlar.<br \/>\nTa\u00adrap\u00adlar hal\u00adka\u00adra we se\u00adbit gu\u00adra\u00adma\u00adla\u00adry\u00adny\u0148, il\u00adkin\u00adji no\u00adbat\u00adda, BMG-ni\u0148 \u00e7\u00e4k\u00adle\u00adrin\u00adde \u00fdurt\u00adla\u00adry\u0148 ara\u00adsyn\u00adda\u00adky ne\u00adti\u00adje\u00adli hyz\u00admat\u00adda\u015f\u00adly\u00adgy do\u00adwam et\u00addir\u00adme\u00adgi\u0148 ze\u00adrur\u00addy\u00adgy\u00adny bel\u00adle\u00addi\u00adler.<br \/>\nGep\u00adle\u00ad\u015fik\u00adle\u00adri\u0148 \u00e7\u00e4k\u00adle\u00adrin\u00adde ta\u00adrap\u00adlar yzy\u00adgi\u00adder\u00adli sy\u00ad\u00fda\u00adsy ge\u00ad\u0148e\u015f\u00adme\u00adle\u00adri ge\u00ad\u00e7ir\u00adme\u00adgi do\u00adwam et\u00addir\u00admek ba\u00adra\u00adda yla\u00adla\u015f\u00addy\u00adlar, \u015fe\u00fd\u00adle hem i\u0148 \u00fdo\u00adka\u00adry de\u00adre\u00adje\u00adde we de\u00adgi\u015f\u00adli mi\u00adnistr\u00adlik\u00adle\u00adri\u0148 we pu\u00addak eda\u00adra\u00adla\u00adry\u0148 \u00fdol\u00adba\u015f\u00ad\u00e7y\u00adla\u00adry\u00adny\u0148 de\u00adre\u00adje\u00adsin\u00adde i\u015fe\u00adw\u00fcr\u00adler fo\u00adrum\u00adla\u00adry\u00adny ge\u00ad\u00e7ir\u00adme\u00adgi\u0148 we \u00fdo\u00adka\u00adry de\u00adre\u00adje\u00add\u00e4\u00adki \u00f6za\u00adra sa\u00adpar\u00adla\u00adry gu\u00adra\u00adma\u00adgy\u0148 ze\u00adrur\u00addy\u00adgy\u00adny bel\u00adle\u00addi\u00adler.<\/p>\n","protected":false},"excerpt":{"rendered":"<p>13-nji sent\u00ad\u00fdabr\u00adda wi\u00addeoa\u00adra\u00adgat\u00adna\u00ad\u015fyk ul\u00adga\u00admy ar\u00adka\u00adly T\u00fcrk\u00adme\u00adnis\u00adta\u00adny\u0148 we Sin\u00adga\u00adpur Res\u00adpub\u00adli\u00adka\u00adsy\u00adny\u0148 da\u00ad\u015fa\u00adry i\u015f\u00adler mi\u00adnistr\u00adlik\u00adle\u00adri\u00adni\u0148 d\u00fc\u00adz\u00fcm bir\u00adlik\u00adle\u00adri\u00adni\u0148 \u00fdol\u00adba\u015f\u00ad\u00e7y\u00adla\u00adry\u00adny\u0148 ara\u00adsyn\u00adda ge\u00ad\u0148e\u015f\u00adme\u00adler ge\u00ad\u00e7i\u00adril\u00addi. Gep\u00adle\u00ad\u015fik\u00adle\u00adri\u0148 do\u00adwa\u00admyn\u00adda dip\u00adlo\u00admat\u00adlar sy\u00ad\u00fda\u00adsy, dip\u00adlo\u00adma\u00adtik, s\u00f6w\u00adda-yk\u00addy\u00adsa\u00addy we me\u00adde\u00adni-yn\u00adsan\u00adper\u00adwer ugur\u00adlar bo\u00ad\u00fdun\u00ad\u00e7a t\u00fcrk\u00admen-sin\u00adga\u00adpur gat\u00adna\u00ad\u015fyk\u00adla\u00adry\u00adny\u0148 h\u00e4\u00adzir\u00adki g\u00fcn ter\u00adti\u00adbi\u00adni hem-de we gel\u00adjek\u00adki m\u00fcm\u00adkin\u00ad\u00e7i\u00adlik\u00adle\u00adri\u00adni ara alyp mas\u00adla\u00adhat\u00adla\u015f\u00addy\u00adlar. Ta\u00adrap\u00adlar hal\u00adka\u00adra we se\u00adbit gu\u00adra\u00adma\u00adla\u00adry\u00adny\u0148, il\u00adkin\u00adji no\u00adbat\u00adda, BMG-ni\u0148 \u00e7\u00e4k\u00adle\u00adrin\u00adde \u00fdurt\u00adla\u00adry\u0148 ara\u00adsyn\u00adda\u00adky ne\u00adti\u00adje\u00adli hyz\u00admat\u00adda\u015f\u00adly\u00adgy do\u00adwam et\u00addir\u00adme\u00adgi\u0148 [&hellip;]<\/p>\n","protected":false},"author":2,"featured_media":86822,"comment_status":"open","ping_status":"closed","sticky":false,"template":"","format":"standard","meta":{"footnotes":""},"categories":[3],"tags":[],"class_list":["post-86821","post","type-post","status-publish","format-standard","has-post-thumbnail","hentry","category-habarlar","format-default"],"_links":{"self":[{"href":"https:\/\/zamanturkmenistan.com.tm\/wp-json\/wp\/v2\/posts\/86821","targetHints":{"allow":["GET"]}}],"collection":[{"href":"https:\/\/zamanturkmenistan.com.tm\/wp-json\/wp\/v2\/posts"}],"about":[{"href":"https:\/\/zamanturkmenistan.com.tm\/wp-json\/wp\/v2\/types\/post"}],"author":[{"embeddable":true,"href":"https:\/\/zamanturkmenistan.com.tm\/wp-json\/wp\/v2\/users\/2"}],"replies":[{"embeddable":true,"href":"https:\/\/zamanturkmenistan.com.tm\/wp-json\/wp\/v2\/comments?post=86821"}],"version-history":[{"count":1,"href":"https:\/\/zamanturkmenistan.com.tm\/wp-json\/wp\/v2\/posts\/86821\/revisions"}],"predecessor-version":[{"id":86823,"href":"https:\/\/zamanturkmenistan.com.tm\/wp-json\/wp\/v2\/posts\/86821\/revisions\/86823"}],"wp:featuredmedia":[{"embeddable":true,"href":"https:\/\/zamanturkmenistan.com.tm\/wp-json\/wp\/v2\/media\/86822"}],"wp:attachment":[{"href":"https:\/\/zamanturkmenistan.com.tm\/wp-json\/wp\/v2\/media?parent=86821"}],"wp:term":[{"taxonomy":"category","embeddable":true,"href":"https:\/\/zamanturkmenistan.com.tm\/wp-json\/wp\/v2\/categories?post=86821"},{"taxonomy":"post_tag","embeddable":true,"href":"https:\/\/zamanturkmenistan.com.tm\/wp-json\/wp\/v2\/tags?post=86821"}],"curies":[{"name":"wp","href":"https:\/\/api.w.org\/{rel}","templated":true}]}}