{"id":87015,"date":"2023-09-15T16:07:38","date_gmt":"2023-09-15T11:07:38","guid":{"rendered":"https:\/\/zamanturkmenistan.com.tm\/?p=87015"},"modified":"2023-09-15T16:07:38","modified_gmt":"2023-09-15T11:07:38","slug":"turkiye-respublikasynyn-hunar-bilim-edaralaryny-tamamlan-turkmenistanyn-rayatlarynyn-dykgatyna","status":"publish","type":"post","link":"https:\/\/zamanturkmenistan.com.tm\/turkiye-respublikasynyn-hunar-bilim-edaralaryny-tamamlan-turkmenistanyn-rayatlarynyn-dykgatyna\/","title":{"rendered":"T\u00fcrki\u00fde Respublikasyny\u0148 h\u00fcn\u00e4r bilim edaralaryny tamamlan T\u00fcrkmenistany\u0148 ra\u00fdatlaryny\u0148 dykgatyna"},"content":{"rendered":"<p><strong><em>T\u00fcrk\u00adme\u00adnis\u00adta\u00adny\u0148 Bi\u00adlim mi\u00adnistr\u00adli\u00adgi T\u00fcr\u00adki\u00ad\u00fde Res\u00adpub\u00adli\u00adka\u00adsyn\u00adda h\u00fc\u00adn\u00e4r bi\u00adlim eda\u00adra\u00adla\u00adry\u00adny ta\u00admam\u00adlan ra\u00ad\u00fdat\u00adlar ara\u00adda bil\u00addi\u00adri\u015f \u00fda\u00fd\u00adrat\u00addy. Mi\u00adnistr\u00adli\u00adgi\u0148 res\u00admi web sa\u00adhy\u00adpa\u00adsyn\u00adda \u015fe\u00fd\u00adle <a href=\"https:\/\/education.gov.tm.\/ministrlik\/\">bil\u00addi\u00adri\u015f<\/a> \u00fder\u00adle\u015f\u00addi\u00adril\u00addi:<\/em><\/strong><br \/>\nT\u00fcr\u00adki\u00ad\u00fde Res\u00adpub\u00adli\u00adka\u00adsy\u00adny\u0148 h\u00fc\u00adn\u00e4r bi\u00adlim eda\u00adra\u00adla\u00adry\u00adny ta\u00admam\u00adlan T\u00fcrk\u00adme\u00adnis\u00adta\u00adny\u0148 ra\u00ad\u00fdat\u00adla\u00adry h\u00fc\u00adn\u00e4r bi\u00adli\u00admi ha\u00adkyn\u00adda\u00adky res\u00admi\u00adna\u00adma\u00adla\u00adry\u00adny\u0148 T\u00fcrk\u00adme\u00adnis\u00adtan\u00adda yk\u00adrar edil\u00adme\u00adgi \u00fc\u00e7in, il\u00adki ber\u00adlen h\u00fc\u00adn\u00e4r bi\u00adli\u00admi ha\u00adkyn\u00adda\u00adky res\u00admi\u00adna\u00adma\u00adla\u00adry T\u00fcr\u00adki\u00ad\u00fde Res\u00adpub\u00adli\u00adka\u00adsy\u00adny\u0148 de\u00adgi\u015f\u00adli d\u00f6w\u00adlet eda\u00adra\u00adla\u00adryn\u00adda ka\u00adnun\u00adla\u015f\u00addy\u00adry\u00adlan bol\u00adma\u00adly, \u00fdag\u00adny T\u00fcr\u00adki\u00ad\u00fde Res\u00adpub\u00adli\u00adka\u00adsy\u00adny\u0148 Mil\u00adli bi\u00adlim mi\u00adnistr\u00adli\u00adgi\u00adni\u0148 \u00ddo\u00adka\u00adry okuw we da\u00ad\u015fa\u00adry \u00fdurt\u00adlar bo\u00ad\u00fdun\u00ad\u00e7a bi\u00adlim m\u00fc\u00addir\u00adli\u00adgi\u00adni\u0148 \u00ddo\u00adka\u00adry okuw b\u00f6\u00adl\u00fc\u00admin\u00adde hem-de T\u00fcr\u00adki\u00ad\u00fde Res\u00adpub\u00adli\u00adka\u00adsy\u00adny\u0148 Da\u00ad\u015fa\u00adry i\u015f\u00adler mi\u00adnistr\u00adli\u00adgin\u00adde tas\u00adsyk\u00adlat\u00adma\u00adly\u00addy\u00adgy ba\u00adra\u00adda ha\u00adbar ber\u00ad\u00fd\u00e4\u00adris.<\/p>\n","protected":false},"excerpt":{"rendered":"<p>T\u00fcrk\u00adme\u00adnis\u00adta\u00adny\u0148 Bi\u00adlim mi\u00adnistr\u00adli\u00adgi T\u00fcr\u00adki\u00ad\u00fde Res\u00adpub\u00adli\u00adka\u00adsyn\u00adda h\u00fc\u00adn\u00e4r bi\u00adlim eda\u00adra\u00adla\u00adry\u00adny ta\u00admam\u00adlan ra\u00ad\u00fdat\u00adlar ara\u00adda bil\u00addi\u00adri\u015f \u00fda\u00fd\u00adrat\u00addy. Mi\u00adnistr\u00adli\u00adgi\u0148 res\u00admi web sa\u00adhy\u00adpa\u00adsyn\u00adda \u015fe\u00fd\u00adle bil\u00addi\u00adri\u015f \u00fder\u00adle\u015f\u00addi\u00adril\u00addi: T\u00fcr\u00adki\u00ad\u00fde Res\u00adpub\u00adli\u00adka\u00adsy\u00adny\u0148 h\u00fc\u00adn\u00e4r bi\u00adlim eda\u00adra\u00adla\u00adry\u00adny ta\u00admam\u00adlan T\u00fcrk\u00adme\u00adnis\u00adta\u00adny\u0148 ra\u00ad\u00fdat\u00adla\u00adry h\u00fc\u00adn\u00e4r bi\u00adli\u00admi ha\u00adkyn\u00adda\u00adky res\u00admi\u00adna\u00adma\u00adla\u00adry\u00adny\u0148 T\u00fcrk\u00adme\u00adnis\u00adtan\u00adda yk\u00adrar edil\u00adme\u00adgi \u00fc\u00e7in, il\u00adki ber\u00adlen h\u00fc\u00adn\u00e4r bi\u00adli\u00admi ha\u00adkyn\u00adda\u00adky res\u00admi\u00adna\u00adma\u00adla\u00adry T\u00fcr\u00adki\u00ad\u00fde Res\u00adpub\u00adli\u00adka\u00adsy\u00adny\u0148 de\u00adgi\u015f\u00adli d\u00f6w\u00adlet eda\u00adra\u00adla\u00adryn\u00adda ka\u00adnun\u00adla\u015f\u00addy\u00adry\u00adlan bol\u00adma\u00adly, \u00fdag\u00adny T\u00fcr\u00adki\u00ad\u00fde Res\u00adpub\u00adli\u00adka\u00adsy\u00adny\u0148 Mil\u00adli bi\u00adlim mi\u00adnistr\u00adli\u00adgi\u00adni\u0148 [&hellip;]<\/p>\n","protected":false},"author":2,"featured_media":87016,"comment_status":"open","ping_status":"closed","sticky":false,"template":"","format":"standard","meta":{"footnotes":""},"categories":[8273],"tags":[],"class_list":["post-87015","post","type-post","status-publish","format-standard","has-post-thumbnail","hentry","category-bildirisler","format-default"],"_links":{"self":[{"href":"https:\/\/zamanturkmenistan.com.tm\/wp-json\/wp\/v2\/posts\/87015","targetHints":{"allow":["GET"]}}],"collection":[{"href":"https:\/\/zamanturkmenistan.com.tm\/wp-json\/wp\/v2\/posts"}],"about":[{"href":"https:\/\/zamanturkmenistan.com.tm\/wp-json\/wp\/v2\/types\/post"}],"author":[{"embeddable":true,"href":"https:\/\/zamanturkmenistan.com.tm\/wp-json\/wp\/v2\/users\/2"}],"replies":[{"embeddable":true,"href":"https:\/\/zamanturkmenistan.com.tm\/wp-json\/wp\/v2\/comments?post=87015"}],"version-history":[{"count":1,"href":"https:\/\/zamanturkmenistan.com.tm\/wp-json\/wp\/v2\/posts\/87015\/revisions"}],"predecessor-version":[{"id":87017,"href":"https:\/\/zamanturkmenistan.com.tm\/wp-json\/wp\/v2\/posts\/87015\/revisions\/87017"}],"wp:featuredmedia":[{"embeddable":true,"href":"https:\/\/zamanturkmenistan.com.tm\/wp-json\/wp\/v2\/media\/87016"}],"wp:attachment":[{"href":"https:\/\/zamanturkmenistan.com.tm\/wp-json\/wp\/v2\/media?parent=87015"}],"wp:term":[{"taxonomy":"category","embeddable":true,"href":"https:\/\/zamanturkmenistan.com.tm\/wp-json\/wp\/v2\/categories?post=87015"},{"taxonomy":"post_tag","embeddable":true,"href":"https:\/\/zamanturkmenistan.com.tm\/wp-json\/wp\/v2\/tags?post=87015"}],"curies":[{"name":"wp","href":"https:\/\/api.w.org\/{rel}","templated":true}]}}