{"id":91904,"date":"2023-11-10T11:16:02","date_gmt":"2023-11-10T06:16:02","guid":{"rendered":"https:\/\/zamanturkmenistan.com.tm\/?p=91904"},"modified":"2023-11-10T11:16:02","modified_gmt":"2023-11-10T06:16:02","slug":"turkmenistana-gelyan-onun-caklerinden-ustasyr-gecyan-yuk-awtoulag-tirkegleri-hem-de-yarym-tirkegler-ucin-yygymlar-we-tolegler-bellendi","status":"publish","type":"post","link":"https:\/\/zamanturkmenistan.com.tm\/turkmenistana-gelyan-onun-caklerinden-ustasyr-gecyan-yuk-awtoulag-tirkegleri-hem-de-yarym-tirkegler-ucin-yygymlar-we-tolegler-bellendi\/","title":{"rendered":"T\u00fcrkmenistana gel\u00fd\u00e4n, onu\u0148 \u00e7\u00e4klerinden \u00fcsta\u015fyr ge\u00e7\u00fd\u00e4n \u00fd\u00fck awtoulag tirkegleri hem-de \u00fdarym tirkegler \u00fc\u00e7in \u00fdygymlar we t\u00f6legler bellendi"},"content":{"rendered":"<p>2023-nji\u00a0\u00fdyly\u0148\u00a06-njy\u00a0no\u00fdabrynda\u00a0T\u00fcrkmenistany\u0148\u00a0Prezidenti\u00a0Karara\u00a0gol\u00a0\u00e7ekdi.<\/p>\n<p>Resminama la\u00fdyklykda, da\u015fary \u00fdurt d\u00f6wletlerini\u0148 T\u00fcrkmenistana gel\u00fd\u00e4n we onu\u0148 \u00e7\u00e4klerden \u00fcsta\u015fyr ge\u00e7\u00fd\u00e4n \u00fd\u00fck awtoulag tirkeglerini\u0148 we \u00fdarym tirkeglerini\u0148 e\u00fdelerinden alyn\u00fdan \u00fdygymlar we t\u00f6legler bellenildi, \u00fdagny T\u00fcrkmenistana gelen \u00fdagda\u00fdynda 150 AB\u015e dollary we onu\u0148 \u00e7\u00e4klerinden \u00fcsta\u015fyr ge\u00e7en \u00fdagda\u00fdynda 100 AB\u015e dollary\u00a0 m\u00f6\u00e7berde \u00fdygymlar we t\u00f6legler kesgitlenildi.<\/p>\n<p>\u015eu Karar 2023-nji\u00a0\u00fdyly\u0148\u00a015-nji no\u00fdabryndan herekete gir\u00fd\u00e4r. Bu barada <a href=\"https:\/\/awtoulag.gov.tm\">https:\/\/awtoulag.gov.tm<\/a> habar ber\u00fd\u00e4r.<\/p>\n","protected":false},"excerpt":{"rendered":"<p>2023-nji\u00a0\u00fdyly\u0148\u00a06-njy\u00a0no\u00fdabrynda\u00a0T\u00fcrkmenistany\u0148\u00a0Prezidenti\u00a0Karara\u00a0gol\u00a0\u00e7ekdi. Resminama la\u00fdyklykda, da\u015fary \u00fdurt d\u00f6wletlerini\u0148 T\u00fcrkmenistana gel\u00fd\u00e4n we onu\u0148 \u00e7\u00e4klerden \u00fcsta\u015fyr ge\u00e7\u00fd\u00e4n \u00fd\u00fck awtoulag tirkeglerini\u0148 we \u00fdarym tirkeglerini\u0148 e\u00fdelerinden alyn\u00fdan \u00fdygymlar we t\u00f6legler bellenildi, \u00fdagny T\u00fcrkmenistana gelen \u00fdagda\u00fdynda 150 AB\u015e dollary we onu\u0148 \u00e7\u00e4klerinden \u00fcsta\u015fyr ge\u00e7en \u00fdagda\u00fdynda 100 AB\u015e dollary\u00a0 m\u00f6\u00e7berde \u00fdygymlar we t\u00f6legler kesgitlenildi. \u015eu Karar 2023-nji\u00a0\u00fdyly\u0148\u00a015-nji no\u00fdabryndan herekete gir\u00fd\u00e4r. Bu barada https:\/\/awtoulag.gov.tm [&hellip;]<\/p>\n","protected":false},"author":2,"featured_media":50069,"comment_status":"open","ping_status":"closed","sticky":false,"template":"","format":"standard","meta":{"footnotes":""},"categories":[3],"tags":[],"class_list":["post-91904","post","type-post","status-publish","format-standard","has-post-thumbnail","hentry","category-habarlar","format-default"],"_links":{"self":[{"href":"https:\/\/zamanturkmenistan.com.tm\/wp-json\/wp\/v2\/posts\/91904","targetHints":{"allow":["GET"]}}],"collection":[{"href":"https:\/\/zamanturkmenistan.com.tm\/wp-json\/wp\/v2\/posts"}],"about":[{"href":"https:\/\/zamanturkmenistan.com.tm\/wp-json\/wp\/v2\/types\/post"}],"author":[{"embeddable":true,"href":"https:\/\/zamanturkmenistan.com.tm\/wp-json\/wp\/v2\/users\/2"}],"replies":[{"embeddable":true,"href":"https:\/\/zamanturkmenistan.com.tm\/wp-json\/wp\/v2\/comments?post=91904"}],"version-history":[{"count":1,"href":"https:\/\/zamanturkmenistan.com.tm\/wp-json\/wp\/v2\/posts\/91904\/revisions"}],"predecessor-version":[{"id":91906,"href":"https:\/\/zamanturkmenistan.com.tm\/wp-json\/wp\/v2\/posts\/91904\/revisions\/91906"}],"wp:featuredmedia":[{"embeddable":true,"href":"https:\/\/zamanturkmenistan.com.tm\/wp-json\/wp\/v2\/media\/50069"}],"wp:attachment":[{"href":"https:\/\/zamanturkmenistan.com.tm\/wp-json\/wp\/v2\/media?parent=91904"}],"wp:term":[{"taxonomy":"category","embeddable":true,"href":"https:\/\/zamanturkmenistan.com.tm\/wp-json\/wp\/v2\/categories?post=91904"},{"taxonomy":"post_tag","embeddable":true,"href":"https:\/\/zamanturkmenistan.com.tm\/wp-json\/wp\/v2\/tags?post=91904"}],"curies":[{"name":"wp","href":"https:\/\/api.w.org\/{rel}","templated":true}]}}