{"id":92418,"date":"2023-11-16T14:15:59","date_gmt":"2023-11-16T09:15:59","guid":{"rendered":"https:\/\/zamanturkmenistan.com.tm\/?p=92418"},"modified":"2023-11-16T14:16:09","modified_gmt":"2023-11-16T09:16:09","slug":"turkiye-respublikasynyn-turkmenistanda-geciriljek-medeniyet-gunlerinin-meyilnamasy","status":"publish","type":"post","link":"https:\/\/zamanturkmenistan.com.tm\/turkiye-respublikasynyn-turkmenistanda-geciriljek-medeniyet-gunlerinin-meyilnamasy\/","title":{"rendered":"T\u00fcrki\u00fde Respublikasyny\u0148 T\u00fcrkmenistanda ge\u00e7iriljek Medeni\u00fdet g\u00fcnlerini\u0148 me\u00fdilnamasy"},"content":{"rendered":"<p>Ozal ha\u00adbar ber\u00ad\u015fi\u00admiz \u00fda\u00adly, \u015fu \u00fdy\u00adly\u0148 18 \u2014 20-nji no\u00ad\u00fdab\u00adryn\u00adda T\u00fcrk\u00adme\u00adnis\u00adtan\u00adda T\u00fcr\u00adki\u00ad\u00fde Res\u00adpub\u00adli\u00adka\u00adsy\u00adny\u0148 Me\u00adde\u00adni\u00ad\u00fdet g\u00fcn\u00adle\u00adri ge\u00ad\u00e7i\u00adri\u00adler.<br \/>\nT\u00fcr\u00adki\u00ad\u00fde Res\u00adpub\u00adli\u00adka\u00adsy\u00adny\u0148 T\u00fcrk\u00adme\u00adnis\u00adtan\u00adda ge\u00ad\u00e7i\u00adril\u00adjek Me\u00adde\u00adni\u00ad\u00fdet g\u00fcn\u00adle\u00adri\u00adni\u0148 me\u00ad\u00fdil\u00adna\u00adma\u00adsy<br \/>\n<strong>18-nji no\u00ad\u00fdabr:<\/strong><br \/>\n11:00 \u2013 12:00 \u2013 T\u00fcr\u00adki\u00ad\u00fde Res\u00adpub\u00adli\u00adka\u00adsy\u00adny\u0148 T\u00fcrk\u00adme\u00adnis\u00adtan\u00adda\u00adky Me\u00adde\u00adni\u00ad\u00fdet g\u00fcn\u00adle\u00adri\u00adni\u0148 we eb\u00adru sun\u00adga\u00adty\u00adny\u0148 eser\u00adle\u00adri\u00adni\u0148 ser\u00adgi\u00adsi\u00adni\u0148 a\u00e7y\u00adly\u015f da\u00adba\u00adra\u00adsy hem-de T\u00fcr\u00adki\u00ad\u00fd\u00e4\u00adni\u0148 mil\u00adli ta\u00adgam\u00adla\u00adry\u00adny\u0148 h\u00f6\u00add\u00fcr edil\u00adme\u00adgi.<br \/>\n<strong>Ge\u00ad\u00e7i\u00adril\u00ad\u00fd\u00e4n \u00fde\u00adri:<\/strong> T\u00fcrk\u00adme\u00adnis\u00adta\u00adny\u0148 Be\u00ad\u00fdik Sa\u00adpar\u00admy\u00adrat T\u00fcrk\u00admen\u00adba\u00ad\u015fy adyn\u00adda\u00adky \u015ee\u00adkil\u00adlen\u00addi\u00adri\u015f sun\u00adga\u00adty mu\u00adze\u00ad\u00fdi.<br \/>\n19:00 \u2013 21:00 \u2013 T\u00fcr\u00adki\u00ad\u00fde Res\u00adpub\u00adli\u00adka\u00adsy\u00adny\u0148 hem-de T\u00fcrk\u00adme\u00adnis\u00adta\u00adny\u0148 me\u00adde\u00adni\u00ad\u00fdet we sun\u00adgat us\u00adsat\u00adla\u00adry\u00adny\u0148 bi\u00adle\u00adlik\u00add\u00e4\u00adki kon\u00adser\u00adti.<br \/>\nGe\u00ad\u00e7i\u00adril\u00ad\u00fd\u00e4n \u00fde\u00adri: T\u00fcrk\u00adme\u00adnis\u00adta\u00adny\u0148 D\u00f6w\u00adlet me\u00adde\u00adni\u00ad\u00fdet mer\u00adke\u00adzi\u00adni\u0148 Mu\u00adkam\u00adlar k\u00f6\u015f\u00adgi.<br \/>\n<strong>19-njy no\u00ad\u00fdabr:<\/strong><br \/>\n<strong>T\u00fcrk\u00adme\u00adna\u00adbat \u015f\u00e4\u00adhe\u00adri<\/strong><br \/>\n17:00 \u2013 18:30 \u2013 T\u00fcr\u00adki\u00ad\u00fde Res\u00adpub\u00adli\u00adka\u00adsy\u00adny\u0148 me\u00adde\u00adni\u00ad\u00fdet we sun\u00adgat us\u00adsat\u00adla\u00adry\u00adny\u0148 kon\u00adser\u00adti.<br \/>\n<strong>Ge\u00ad\u00e7i\u00adril\u00ad\u00fd\u00e4n \u00fde\u00adri:<\/strong> Le\u00adbap we\u00adla\u00ad\u00fda\u00adty\u00adny\u0148 Se\u00ad\u00fdit\u00adna\u00adzar Se\u00fd\u00addi adyn\u00adda\u00adky d\u00f6w\u00adlet saz\u00adly dra\u00adma te\u00adat\u00adry.<br \/>\nA\u015f\u00adga\u00adbat \u015f\u00e4\u00adhe\u00adri:<br \/>\n09:00 \u2013 18:00 \u2013 T\u00fcr\u00adki\u00ad\u00fde Res\u00adpub\u00adli\u00adka\u00adsy\u00adny\u0148 ama\u00adly-ha\u00ad\u015fam hem-de eb\u00adru sun\u00adga\u00adty\u00adny\u0148 eser\u00adle\u00adri\u00adni\u0148 ser\u00adgi\u00adsi\u00adni\u0148 i\u015fi\u00adni\u0148 do\u00adwam et\u00adme\u00adgi.<br \/>\n<strong>Ge\u00ad\u00e7i\u00adril\u00ad\u00fd\u00e4n \u00fde\u00adri:<\/strong> T\u00fcrk\u00adme\u00adnis\u00adta\u00adny\u0148 Be\u00ad\u00fdik Sa\u00adpar\u00admy\u00adrat T\u00fcrk\u00admen\u00adba\u00ad\u015fy adyn\u00adda\u00adky \u015ee\u00adkil\u00adlen\u00addi\u00adri\u015f sun\u00adga\u00adty mu\u00adze\u00ad\u00fdi.<br \/>\n19:00 \u2013 21:00 &#8211; T\u00fcrk ki\u00adno\u00adfil\u00admi\u00adni\u0148 g\u00f6r\u00adke\u00adzi\u00adli\u00ad\u015fi.<br \/>\n<strong>Ge\u00ad\u00e7i\u00adril\u00ad\u00fd\u00e4n \u00fde\u00adri:<\/strong> \u00abA\u015f\u00adga\u00adbat\u00bb ki\u00adno\u00adte\u00adat\u00adry.<br \/>\n<strong>20-nji no\u00ad\u00fdabr:<\/strong><br \/>\n10:30 \u2013 11:30 \u2013 Myh\u00adman\u00adla\u00adry\u0148 T\u00fcrk\u00admen ha\u00adly\u00adsy\u00adny\u0148 mil\u00adli mu\u00adze\u00ad\u00fdi\u00adne ba\u00adryp g\u00f6r\u00admek\u00adle\u00adri.<br \/>\n12:00 \u2013 13:00 \u2013 Myh\u00adman\u00adla\u00adry\u0148 \u00abHalk ha\u00adky\u00adda\u00adsy\u00bb \u00fda\u00addy\u00adg\u00e4r\u00adlik\u00adler top\u00adlu\u00admy\u00adny\u0148 \u00abWa\u00adtan mu\u00adkad\u00addes\u00adli\u00adgi\u00bb mu\u00adze\u00ad\u00fdi\u00adne ba\u00adryp g\u00f6r\u00admek\u00adle\u00adri.<br \/>\n14:00 \u2013 16:00 \u2013 Myh\u00adman\u00adla\u00adry\u0148 A\u015f\u00adga\u00adbat \u015f\u00e4\u00adhe\u00adri\u00adni\u0148 g\u00f6\u00adzel \u00fder\u00adle\u00adri\u00adne we s\u00f6w\u00adda mer\u00adkez\u00adle\u00adri\u00adne ba\u00adryp g\u00f6r\u00admek\u00adle\u00adri.<br \/>\n15:00 \u2013 16:00 \u2013 T\u00fcrk ki\u00adno\u00adfil\u00admi\u00adni\u0148 g\u00f6r\u00adke\u00adzi\u00adli\u00ad\u015fi.<br \/>\n<strong>Ge\u00ad\u00e7i\u00adril\u00ad\u00fd\u00e4n \u00fde\u00adri:<\/strong> \u00abA\u015f\u00adga\u00adbat\u00bb ki\u00adno\u00adte\u00adat\u00adry.<br \/>\n17:00 \u2013 18:00 \u2013 T\u00fcr\u00adki\u00ad\u00fd\u00e4\u00adni\u0148 dok\u00adma at\u00adla\u00adsy\u00adny\u0148 ser\u00adgi\u00adsi hem-de mil\u00adli t\u00fcrk ly\u00adbas\u00adla\u00adry\u00adny\u0148 g\u00f6r\u00adke\u00adzi\u00adli\u00ad\u015fi.<br \/>\n<strong>Ge\u00ad\u00e7i\u00adril\u00ad\u00fd\u00e4n \u00fde\u00adri:<\/strong> T\u00fcrk\u00adme\u00adnis\u00adta\u00adny\u0148 D\u00f6w\u00adlet \u00e7e\u00adper\u00ad\u00e7i\u00adlik aka\u00adde\u00admi\u00ad\u00fda\u00adsy\u00adny\u0148 ser\u00adgi\u00adler ja\u00ad\u00fdy.<\/p>\n","protected":false},"excerpt":{"rendered":"<p>Ozal ha\u00adbar ber\u00ad\u015fi\u00admiz \u00fda\u00adly, \u015fu \u00fdy\u00adly\u0148 18 \u2014 20-nji no\u00ad\u00fdab\u00adryn\u00adda T\u00fcrk\u00adme\u00adnis\u00adtan\u00adda T\u00fcr\u00adki\u00ad\u00fde Res\u00adpub\u00adli\u00adka\u00adsy\u00adny\u0148 Me\u00adde\u00adni\u00ad\u00fdet g\u00fcn\u00adle\u00adri ge\u00ad\u00e7i\u00adri\u00adler. T\u00fcr\u00adki\u00ad\u00fde Res\u00adpub\u00adli\u00adka\u00adsy\u00adny\u0148 T\u00fcrk\u00adme\u00adnis\u00adtan\u00adda ge\u00ad\u00e7i\u00adril\u00adjek Me\u00adde\u00adni\u00ad\u00fdet g\u00fcn\u00adle\u00adri\u00adni\u0148 me\u00ad\u00fdil\u00adna\u00adma\u00adsy 18-nji no\u00ad\u00fdabr: 11:00 \u2013 12:00 \u2013 T\u00fcr\u00adki\u00ad\u00fde Res\u00adpub\u00adli\u00adka\u00adsy\u00adny\u0148 T\u00fcrk\u00adme\u00adnis\u00adtan\u00adda\u00adky Me\u00adde\u00adni\u00ad\u00fdet g\u00fcn\u00adle\u00adri\u00adni\u0148 we eb\u00adru sun\u00adga\u00adty\u00adny\u0148 eser\u00adle\u00adri\u00adni\u0148 ser\u00adgi\u00adsi\u00adni\u0148 a\u00e7y\u00adly\u015f da\u00adba\u00adra\u00adsy hem-de T\u00fcr\u00adki\u00ad\u00fd\u00e4\u00adni\u0148 mil\u00adli ta\u00adgam\u00adla\u00adry\u00adny\u0148 h\u00f6\u00add\u00fcr edil\u00adme\u00adgi. Ge\u00ad\u00e7i\u00adril\u00ad\u00fd\u00e4n \u00fde\u00adri: T\u00fcrk\u00adme\u00adnis\u00adta\u00adny\u0148 Be\u00ad\u00fdik Sa\u00adpar\u00admy\u00adrat T\u00fcrk\u00admen\u00adba\u00ad\u015fy adyn\u00adda\u00adky \u015ee\u00adkil\u00adlen\u00addi\u00adri\u015f [&hellip;]<\/p>\n","protected":false},"author":2,"featured_media":92419,"comment_status":"open","ping_status":"closed","sticky":false,"template":"","format":"standard","meta":{"footnotes":""},"categories":[8273,3],"tags":[],"class_list":["post-92418","post","type-post","status-publish","format-standard","has-post-thumbnail","hentry","category-bildirisler","category-habarlar","format-default"],"_links":{"self":[{"href":"https:\/\/zamanturkmenistan.com.tm\/wp-json\/wp\/v2\/posts\/92418","targetHints":{"allow":["GET"]}}],"collection":[{"href":"https:\/\/zamanturkmenistan.com.tm\/wp-json\/wp\/v2\/posts"}],"about":[{"href":"https:\/\/zamanturkmenistan.com.tm\/wp-json\/wp\/v2\/types\/post"}],"author":[{"embeddable":true,"href":"https:\/\/zamanturkmenistan.com.tm\/wp-json\/wp\/v2\/users\/2"}],"replies":[{"embeddable":true,"href":"https:\/\/zamanturkmenistan.com.tm\/wp-json\/wp\/v2\/comments?post=92418"}],"version-history":[{"count":1,"href":"https:\/\/zamanturkmenistan.com.tm\/wp-json\/wp\/v2\/posts\/92418\/revisions"}],"predecessor-version":[{"id":92420,"href":"https:\/\/zamanturkmenistan.com.tm\/wp-json\/wp\/v2\/posts\/92418\/revisions\/92420"}],"wp:featuredmedia":[{"embeddable":true,"href":"https:\/\/zamanturkmenistan.com.tm\/wp-json\/wp\/v2\/media\/92419"}],"wp:attachment":[{"href":"https:\/\/zamanturkmenistan.com.tm\/wp-json\/wp\/v2\/media?parent=92418"}],"wp:term":[{"taxonomy":"category","embeddable":true,"href":"https:\/\/zamanturkmenistan.com.tm\/wp-json\/wp\/v2\/categories?post=92418"},{"taxonomy":"post_tag","embeddable":true,"href":"https:\/\/zamanturkmenistan.com.tm\/wp-json\/wp\/v2\/tags?post=92418"}],"curies":[{"name":"wp","href":"https:\/\/api.w.org\/{rel}","templated":true}]}}