{"id":92693,"date":"2023-11-20T10:08:25","date_gmt":"2023-11-20T05:08:25","guid":{"rendered":"https:\/\/zamanturkmenistan.com.tm\/?p=92693"},"modified":"2023-11-20T10:08:25","modified_gmt":"2023-11-20T05:08:25","slug":"turkmenistanyn-halk-artisti-zuleyha-kakayewanyn-konserti","status":"publish","type":"post","link":"https:\/\/zamanturkmenistan.com.tm\/turkmenistanyn-halk-artisti-zuleyha-kakayewanyn-konserti\/","title":{"rendered":"T\u00fcrkmenistany\u0148 halk artisti Z\u00fcle\u00fdha Kaka\u00fdewany\u0148 konserti"},"content":{"rendered":"<p>T\u00fcrk\u00adme\u00adnis\u00adta\u00adny\u0148 halk ar\u00adtis\u00adti Z\u00fc\u00adle\u00fd\u00adha Ka\u00adka\u00ad\u00fde\u00adwa A\u015f\u00adga\u00adbat \u015f\u00e4\u00adhe\u00adri\u00adni\u0148 \u00fda\u00ad\u015fa\u00fd\u00adjy\u00adla\u00adry\u00adny we myh\u00adman\u00adla\u00adry\u00adny \u015fu \u00fdy\u00adly\u0148 24-nji no\u00ad\u00fdab\u00adryn\u00adda ge\u00ad\u00e7i\u00adril\u00adjek kon\u00adser\u00adti\u00adne to\u00adma\u00ad\u015fa et\u00adm\u00e4\u00adge \u00e7a\u00adgyr\u00ad\u00fdar. Ze\u00adnan a\u00fd\u00addym\u00ad\u00e7y kon\u00adser\u00adti\u0148 do\u00adwa\u00admyn\u00adda di\u0148\u00adle\u00fd\u00adji\u00adle\u00adri\u0148 s\u00f6\u00fd\u00adg\u00fc\u00adsi\u00adni ga\u00adza\u00adnan, \u015fe\u00fd\u00adle-de \u00f6z\u00fc\u00adni\u0148 t\u00e4\u00adze d\u00f6\u00adre\u00adden a\u00fd\u00addym\u00adla\u00adry bi\u00adlen \u00e7y\u00adky\u015f eder.<br \/>\nKon\u00adsert \u00abWa\u00adtan\u00bb ki\u00adno\u00adkon\u00adsert mer\u00adke\u00adzin\u00adde ge\u00ad\u00e7i\u00adri\u00adler. Kon\u00adsert 18:00-da ba\u015f\u00adla\u00adnar.<br \/>\nHa\u00adbar\u00adla\u015f\u00admak \u00fc\u00e7in 92-18-65 te\u00adle\u00adfon bel\u00adgi\u00adsi\u00adne ja\u0148 edip bi\u00adler\u00adsi\u00ad\u0148iz.<\/p>\n","protected":false},"excerpt":{"rendered":"<p>T\u00fcrk\u00adme\u00adnis\u00adta\u00adny\u0148 halk ar\u00adtis\u00adti Z\u00fc\u00adle\u00fd\u00adha Ka\u00adka\u00ad\u00fde\u00adwa A\u015f\u00adga\u00adbat \u015f\u00e4\u00adhe\u00adri\u00adni\u0148 \u00fda\u00ad\u015fa\u00fd\u00adjy\u00adla\u00adry\u00adny we myh\u00adman\u00adla\u00adry\u00adny \u015fu \u00fdy\u00adly\u0148 24-nji no\u00ad\u00fdab\u00adryn\u00adda ge\u00ad\u00e7i\u00adril\u00adjek kon\u00adser\u00adti\u00adne to\u00adma\u00ad\u015fa et\u00adm\u00e4\u00adge \u00e7a\u00adgyr\u00ad\u00fdar. Ze\u00adnan a\u00fd\u00addym\u00ad\u00e7y kon\u00adser\u00adti\u0148 do\u00adwa\u00admyn\u00adda di\u0148\u00adle\u00fd\u00adji\u00adle\u00adri\u0148 s\u00f6\u00fd\u00adg\u00fc\u00adsi\u00adni ga\u00adza\u00adnan, \u015fe\u00fd\u00adle-de \u00f6z\u00fc\u00adni\u0148 t\u00e4\u00adze d\u00f6\u00adre\u00adden a\u00fd\u00addym\u00adla\u00adry bi\u00adlen \u00e7y\u00adky\u015f eder. Kon\u00adsert \u00abWa\u00adtan\u00bb ki\u00adno\u00adkon\u00adsert mer\u00adke\u00adzin\u00adde ge\u00ad\u00e7i\u00adri\u00adler. Kon\u00adsert 18:00-da ba\u015f\u00adla\u00adnar. Ha\u00adbar\u00adla\u015f\u00admak \u00fc\u00e7in 92-18-65 te\u00adle\u00adfon bel\u00adgi\u00adsi\u00adne ja\u0148 edip bi\u00adler\u00adsi\u00ad\u0148iz.<\/p>\n","protected":false},"author":2,"featured_media":92694,"comment_status":"open","ping_status":"closed","sticky":false,"template":"","format":"standard","meta":{"footnotes":""},"categories":[8273],"tags":[],"class_list":["post-92693","post","type-post","status-publish","format-standard","has-post-thumbnail","hentry","category-bildirisler","format-default"],"_links":{"self":[{"href":"https:\/\/zamanturkmenistan.com.tm\/wp-json\/wp\/v2\/posts\/92693","targetHints":{"allow":["GET"]}}],"collection":[{"href":"https:\/\/zamanturkmenistan.com.tm\/wp-json\/wp\/v2\/posts"}],"about":[{"href":"https:\/\/zamanturkmenistan.com.tm\/wp-json\/wp\/v2\/types\/post"}],"author":[{"embeddable":true,"href":"https:\/\/zamanturkmenistan.com.tm\/wp-json\/wp\/v2\/users\/2"}],"replies":[{"embeddable":true,"href":"https:\/\/zamanturkmenistan.com.tm\/wp-json\/wp\/v2\/comments?post=92693"}],"version-history":[{"count":1,"href":"https:\/\/zamanturkmenistan.com.tm\/wp-json\/wp\/v2\/posts\/92693\/revisions"}],"predecessor-version":[{"id":92695,"href":"https:\/\/zamanturkmenistan.com.tm\/wp-json\/wp\/v2\/posts\/92693\/revisions\/92695"}],"wp:featuredmedia":[{"embeddable":true,"href":"https:\/\/zamanturkmenistan.com.tm\/wp-json\/wp\/v2\/media\/92694"}],"wp:attachment":[{"href":"https:\/\/zamanturkmenistan.com.tm\/wp-json\/wp\/v2\/media?parent=92693"}],"wp:term":[{"taxonomy":"category","embeddable":true,"href":"https:\/\/zamanturkmenistan.com.tm\/wp-json\/wp\/v2\/categories?post=92693"},{"taxonomy":"post_tag","embeddable":true,"href":"https:\/\/zamanturkmenistan.com.tm\/wp-json\/wp\/v2\/tags?post=92693"}],"curies":[{"name":"wp","href":"https:\/\/api.w.org\/{rel}","templated":true}]}}