{"id":93692,"date":"2023-11-30T15:53:31","date_gmt":"2023-11-30T10:53:31","guid":{"rendered":"https:\/\/zamanturkmenistan.com.tm\/?p=93692"},"modified":"2023-11-30T15:53:31","modified_gmt":"2023-11-30T10:53:31","slug":"asgabatda-heydar-aliyewin-doglan-gununin-100-yyllygy-mynasybetli-konsert-gecirildi","status":"publish","type":"post","link":"https:\/\/zamanturkmenistan.com.tm\/asgabatda-heydar-aliyewin-doglan-gununin-100-yyllygy-mynasybetli-konsert-gecirildi\/","title":{"rendered":"A\u015fgabatda He\u00fddar Ali\u00fdewi\u0148 doglan g\u00fcn\u00fcni\u0148 100 \u00fdyllygy mynasybetli konsert ge\u00e7irildi"},"content":{"rendered":"<p>28-nji no\u00ad\u00fdabr\u00adda T\u00fcrk\u00adme\u00adnis\u00adta\u00adny\u0148 D\u00f6w\u00adlet me\u00adde\u00adni\u00ad\u00fdet mer\u00adke\u00adzi\u00adni\u0148 Mu\u00adkam\u00adlar k\u00f6\u015f\u00adg\u00fcn\u00adde Azer\u00adba\u00fd\u00adjan Res\u00adpub\u00adli\u00adka\u00adsy\u00adny\u0148 T\u00fcrk\u00adme\u00adnis\u00adtan\u00adda\u00adky il\u00ad\u00e7i\u00adha\u00adna\u00adsy\u00adny\u0148 T\u00fcrk\u00adme\u00adnis\u00adta\u00adny\u0148 Me\u00adde\u00adni\u00ad\u00fdet mi\u00adnistr\u00adli\u00adgi bi\u00adlen bi\u00adle\u00adlik\u00adde gu\u00adra\u00adma\u00adgyn\u00adda azer\u00adba\u00fd\u00adjan hal\u00adky\u00adny\u0148 umu\u00admy mil\u00adli li\u00adde\u00adri He\u00fd\u00addar Ali\u00ad\u00fde\u00adwi\u0148 dog\u00adlan g\u00fc\u00adn\u00fc\u00adni\u0148 100 \u00fdyl\u00adly\u00adgy my\u00adna\u00adsy\u00adbet\u00adli \u00abGe\u00fd\u00adder Ali\u00ad\u00fdew \u2014 T\u00fcrk\u00adme\u00adnis\u00adta\u00adny\u0148 we Azer\u00adba\u00fd\u00adja\u00adny\u0148 do\u00adgan\u00adly\u00adgy\u00bb at\u00adly kon\u00adsert ge\u00ad\u00e7i\u00adril\u00addi.<br \/>\nKon\u00adsert ba\u015f\u00adla\u00adma\u00adzyn\u00addan ozal Mu\u00adkam\u00adlar k\u00f6\u015f\u00adg\u00fc\u00adni\u0148 fo\u00ad\u00fde\u00adsin\u00adde He\u00fd\u00addar Ali\u00ad\u00fde\u00adwi\u0148 dur\u00admu\u00ad\u015fy\u00adny hem-de dur\u00admu\u00ad\u015fa ge\u00ad\u00e7i\u00adren i\u015f\u00adle\u00adri\u00adni, \u015fe\u00fd\u00adle hem Azer\u00adba\u00fd\u00adja\u00adny\u0148 we T\u00fcrk\u00adme\u00adnis\u00adta\u00adny\u0148 ara\u00adsyn\u00adda\u00adky dip\u00adlo\u00adma\u00adtik gat\u00adna\u00ad\u015fyk\u00adla\u00adry\u0148 \u00e4h\u00admi\u00ad\u00fde\u00adti\u00adni a\u00e7yp g\u00f6r\u00adkez\u00ad\u00fd\u00e4n fo\u00adto\u00adsu\u00adrat\u00adla\u00adry\u0148 ser\u00adgi\u00adsi gu\u00adral\u00addy.<br \/>\nKon\u00adsert mak\u00adsat\u00adna\u00adma\u00adsy\u00adna Azer\u00adba\u00fd\u00adja\u00adny\u0148 yk\u00addy\u00adsa\u00addy\u00ad\u00fdet mi\u00adnist\u00adri Mi\u00adka\u00adil Jab\u00adba\u00adrow, T\u00fcrk\u00adme\u00adnis\u00adta\u00adny\u0148 Mi\u00adnistr\u00adler Ka\u00adbi\u00adne\u00adti\u00adni\u0148 Ba\u015f\u00adly\u00adgy\u00adny\u0148 orun\u00adba\u00adsa\u00adry Ba\u00adtyr At\u00adda\u00ad\u00fdew, A\u015f\u00adga\u00adbat\u00adda\u00adky dip\u00adlo\u00adma\u00adtik we\u00adkil\u00adha\u00adna\u00adla\u00adry\u0148 \u00fdol\u00adba\u015f\u00ad\u00e7y\u00adla\u00adry, \u015fe\u00fd\u00adle hem jem\u00adgy\u00ad\u00fdet\u00ad\u00e7i\u00adlik hem-de k\u00f6p\u00ad\u00e7\u00fc\u00adlik\u00adle\u00ad\u00fdin ha\u00adbar be\u00adri\u015f se\u00adri\u015f\u00adde\u00adle\u00adri\u00adni\u0148 we\u00adkil\u00adle\u00adri gat\u00adna\u015f\u00addy.<br \/>\nKon\u00adsert ba\u015f\u00adla\u00admaz\u00addan ozal, \u00e7y\u00adky\u015f eden Azer\u00adba\u00fd\u00adjan Res\u00adpub\u00adli\u00adka\u00adsy\u00adny\u0148 T\u00fcrk\u00adme\u00adnis\u00adtan\u00adda\u00adky il\u00ad\u00e7i\u00adsi Gis\u00admet Ge\u00adza\u00adlow azer\u00adba\u00fd\u00adjan hal\u00adky\u00adny\u0148 umu\u00admy\u00admil\u00adli li\u00adde\u00adri He\u00fd\u00addar Ali\u00ad\u00fde\u00adwi\u0148 iki \u00fdur\u00addu\u0148 ara\u00adsyn\u00adda\u00adky gat\u00adna\u00ad\u015fyk\u00adla\u00adry\u0148 \u00f6s\u00add\u00fc\u00adril\u00adme\u00adgi\u00adne go\u00ad\u015fan go\u00ad\u015fan\u00addy ba\u00adra\u00adda g\u00fcr\u00adr\u00fc\u0148 ber\u00addi. Sport top\u00adlu\u00admy\u00adny\u0148 me\u00fd\u00addan\u00ad\u00e7a\u00adsy\u00adna d\u00fcn\u00ad\u00fd\u00e4 \u00e7em\u00adpio\u00adna\u00adty\u00adna gat\u00adna\u00ad\u015fy\u00adjy \u00fdurt\u00adla\u00adry\u0148 D\u00f6w\u00adlet ba\u00fd\u00addak\u00adla\u00adry ge\u00adti\u00adril\u00addi. Olar me\u00fd\u00addan\u00ad\u00e7a\u00adda ha\u00adta\u00adra d\u00fc\u00adz\u00fcl\u00addi. So\u0148\u00adra \u00e7em\u00adpio\u00adna\u00adty\u0148 res\u00admi a\u00e7y\u00adly\u015f da\u00adba\u00adra\u00adsy ba\u00addal\u00adga al\u00addy.<br \/>\nKon\u00adser\u00adti\u0148 do\u00adwa\u00admyn\u00adda Azer\u00adba\u00fd\u00adja\u00adny\u0148 \u00abMu\u00adgam\u00bb an\u00adsamb\u00adly\u00adny\u0148 hem-de T\u00fcrk\u00adme\u00adnis\u00adta\u00adny\u0148 sim\u00adfo\u00adni\u00adki or\u00adkest\u00adri\u00adni\u0148 bi\u00adle\u00adlik\u00adde gat\u00adna\u015f\u00adma\u00adgyn\u00adda Azer\u00adba\u00fd\u00adja\u00adny\u0148 halk a\u00fd\u00addym\u00adla\u00adry\u00adny hem-de kom\u00adpo\u00adzi\u00adtor\u00adla\u00adry\u0148 d\u00f6\u00adre\u00adden ta\u00adny\u00admal eser\u00adle\u00adri \u00fde\u00adri\u00adne \u00fde\u00adti\u00adril\u00addi.<br \/>\nAzer\u00adba\u00fd\u00adjan hal\u00adky\u00adny\u0148 a\u00fd\u00addym-saz\u00adla\u00adry kon\u00adser\u00adte gat\u00adna\u00ad\u015fy\u00adjy\u00adlar\u00adda uly t\u00e4\u00adsir gal\u00addyr\u00addy.<\/p>\n","protected":false},"excerpt":{"rendered":"<p>28-nji no\u00ad\u00fdabr\u00adda T\u00fcrk\u00adme\u00adnis\u00adta\u00adny\u0148 D\u00f6w\u00adlet me\u00adde\u00adni\u00ad\u00fdet mer\u00adke\u00adzi\u00adni\u0148 Mu\u00adkam\u00adlar k\u00f6\u015f\u00adg\u00fcn\u00adde Azer\u00adba\u00fd\u00adjan Res\u00adpub\u00adli\u00adka\u00adsy\u00adny\u0148 T\u00fcrk\u00adme\u00adnis\u00adtan\u00adda\u00adky il\u00ad\u00e7i\u00adha\u00adna\u00adsy\u00adny\u0148 T\u00fcrk\u00adme\u00adnis\u00adta\u00adny\u0148 Me\u00adde\u00adni\u00ad\u00fdet mi\u00adnistr\u00adli\u00adgi bi\u00adlen bi\u00adle\u00adlik\u00adde gu\u00adra\u00adma\u00adgyn\u00adda azer\u00adba\u00fd\u00adjan hal\u00adky\u00adny\u0148 umu\u00admy mil\u00adli li\u00adde\u00adri He\u00fd\u00addar Ali\u00ad\u00fde\u00adwi\u0148 dog\u00adlan g\u00fc\u00adn\u00fc\u00adni\u0148 100 \u00fdyl\u00adly\u00adgy my\u00adna\u00adsy\u00adbet\u00adli \u00abGe\u00fd\u00adder Ali\u00ad\u00fdew \u2014 T\u00fcrk\u00adme\u00adnis\u00adta\u00adny\u0148 we Azer\u00adba\u00fd\u00adja\u00adny\u0148 do\u00adgan\u00adly\u00adgy\u00bb at\u00adly kon\u00adsert ge\u00ad\u00e7i\u00adril\u00addi. Kon\u00adsert ba\u015f\u00adla\u00adma\u00adzyn\u00addan ozal Mu\u00adkam\u00adlar k\u00f6\u015f\u00adg\u00fc\u00adni\u0148 fo\u00ad\u00fde\u00adsin\u00adde He\u00fd\u00addar Ali\u00ad\u00fde\u00adwi\u0148 dur\u00admu\u00ad\u015fy\u00adny hem-de dur\u00admu\u00ad\u015fa ge\u00ad\u00e7i\u00adren i\u015f\u00adle\u00adri\u00adni, \u015fe\u00fd\u00adle hem [&hellip;]<\/p>\n","protected":false},"author":2,"featured_media":93693,"comment_status":"open","ping_status":"closed","sticky":false,"template":"","format":"standard","meta":{"footnotes":""},"categories":[3,12],"tags":[],"class_list":["post-93692","post","type-post","status-publish","format-standard","has-post-thumbnail","hentry","category-habarlar","category-sungat","format-default"],"_links":{"self":[{"href":"https:\/\/zamanturkmenistan.com.tm\/wp-json\/wp\/v2\/posts\/93692","targetHints":{"allow":["GET"]}}],"collection":[{"href":"https:\/\/zamanturkmenistan.com.tm\/wp-json\/wp\/v2\/posts"}],"about":[{"href":"https:\/\/zamanturkmenistan.com.tm\/wp-json\/wp\/v2\/types\/post"}],"author":[{"embeddable":true,"href":"https:\/\/zamanturkmenistan.com.tm\/wp-json\/wp\/v2\/users\/2"}],"replies":[{"embeddable":true,"href":"https:\/\/zamanturkmenistan.com.tm\/wp-json\/wp\/v2\/comments?post=93692"}],"version-history":[{"count":1,"href":"https:\/\/zamanturkmenistan.com.tm\/wp-json\/wp\/v2\/posts\/93692\/revisions"}],"predecessor-version":[{"id":93694,"href":"https:\/\/zamanturkmenistan.com.tm\/wp-json\/wp\/v2\/posts\/93692\/revisions\/93694"}],"wp:featuredmedia":[{"embeddable":true,"href":"https:\/\/zamanturkmenistan.com.tm\/wp-json\/wp\/v2\/media\/93693"}],"wp:attachment":[{"href":"https:\/\/zamanturkmenistan.com.tm\/wp-json\/wp\/v2\/media?parent=93692"}],"wp:term":[{"taxonomy":"category","embeddable":true,"href":"https:\/\/zamanturkmenistan.com.tm\/wp-json\/wp\/v2\/categories?post=93692"},{"taxonomy":"post_tag","embeddable":true,"href":"https:\/\/zamanturkmenistan.com.tm\/wp-json\/wp\/v2\/tags?post=93692"}],"curies":[{"name":"wp","href":"https:\/\/api.w.org\/{rel}","templated":true}]}}