{"id":95138,"date":"2023-12-16T10:02:55","date_gmt":"2023-12-16T05:02:55","guid":{"rendered":"https:\/\/zamanturkmenistan.com.tm\/?p=95138"},"modified":"2023-12-16T10:02:55","modified_gmt":"2023-12-16T05:02:55","slug":"yurdumyzyn-taze-yyl-bas-arcasynyn-ysyklary-yakyldy-2","status":"publish","type":"post","link":"https:\/\/zamanturkmenistan.com.tm\/?p=95138","title":{"rendered":"\u00ddurdumyzy\u0148 T\u00e4ze \u00fdyl Ba\u015f ar\u00e7asyny\u0148 y\u015fyklary \u00fdakyldy"},"content":{"rendered":"<p>15-nji dekabrda T\u00e4ze \u00fdyly\u0148 \u00fdetip gel\u00fd\u00e4ndigini alamatlandyryp, \u00fdurdumyzy\u0148 Ba\u015f ar\u00e7asy nurana \u00f6w\u00fc\u015fginde \u00fdalkym sa\u00e7dy.<br \/>\nD\u00e4p bol\u015fy \u00fdaly, pa\u00fdtagtymyzy\u0148 \u201c\u00c4lem\u201d medeni-dyn\u00e7 aly\u015f merkezini\u0148 \u00f6\u0148\u00fcnd\u00e4ki gi\u0148 me\u00fddan\u00e7a dabaralary\u0148 ge\u00e7iril\u00fd\u00e4n merkezine \u00f6wr\u00fcldi. Bu \u00fderde belent ar\u00e7a oturdylyp, ertekiler \u015f\u00e4herjigi emele geldi.<br \/>\nD\u00fcrli \u00f6w\u00fc\u015fginde nur sa\u00e7\u00fdan \u015farlardyr \u00e7yrajyklardan, y\u015fyklandyryjy bezeglerden emele gelen lybasa beslenen Ba\u015f ar\u00e7any\u0148 t\u00f6weregine \u00fda\u015f we uly \u00fda\u015fly adamlar \u00fdygnandylar. Belent ba\u015fy \u201c2024\u201d \u00fdazgyly sekizbur\u00e7ly \u00fdyldyz bilen bezelen Ba\u015f ar\u00e7any\u0148 be\u00fdikligi 44 metre, ini 16 metre de\u0148dir. O\u00fdnawa\u00e7lary\u0148 we y\u015fyklandyryjylary\u0148 d\u00fcrli g\u00f6rn\u00fc\u015fleri bilen bezelen bu aja\u00fdyp \u00fda\u015fyl ar\u00e7a \u00fdetip gel\u00fd\u00e4n T\u00e4ze \u00fdyly\u0148 ny\u015fany bolup, onu\u0148 \u00fderle\u015f\u00fd\u00e4n \u00fderi pa\u00fdtagtymyzy\u0148 \u00fda\u015fa\u00fdjylarydyr myhmanlary \u00fc\u00e7in i\u0148 \u00f6z\u00fcne \u00e7ekiji, g\u00f6zel k\u00fcnjekleri\u0148 birine \u00f6wr\u00fcler.<\/p>\n","protected":false},"excerpt":{"rendered":"<p>15-nji dekabrda T\u00e4ze \u00fdyly\u0148 \u00fdetip gel\u00fd\u00e4ndigini alamatlandyryp, \u00fdurdumyzy\u0148 Ba\u015f ar\u00e7asy nurana \u00f6w\u00fc\u015fginde \u00fdalkym sa\u00e7dy. D\u00e4p bol\u015fy \u00fdaly, pa\u00fdtagtymyzy\u0148 \u201c\u00c4lem\u201d medeni-dyn\u00e7 aly\u015f merkezini\u0148 \u00f6\u0148\u00fcnd\u00e4ki gi\u0148 me\u00fddan\u00e7a dabaralary\u0148 ge\u00e7iril\u00fd\u00e4n merkezine \u00f6wr\u00fcldi. Bu \u00fderde belent ar\u00e7a oturdylyp, ertekiler \u015f\u00e4herjigi emele geldi. D\u00fcrli \u00f6w\u00fc\u015fginde nur sa\u00e7\u00fdan \u015farlardyr \u00e7yrajyklardan, y\u015fyklandyryjy bezeglerden emele gelen lybasa beslenen Ba\u015f ar\u00e7any\u0148 t\u00f6weregine \u00fda\u015f we [&hellip;]<\/p>\n","protected":false},"author":2,"featured_media":95139,"comment_status":"open","ping_status":"closed","sticky":false,"template":"","format":"standard","meta":{"footnotes":""},"categories":[3],"tags":[],"acf":[],"_links":{"self":[{"href":"https:\/\/zamanturkmenistan.com.tm\/index.php?rest_route=\/wp\/v2\/posts\/95138"}],"collection":[{"href":"https:\/\/zamanturkmenistan.com.tm\/index.php?rest_route=\/wp\/v2\/posts"}],"about":[{"href":"https:\/\/zamanturkmenistan.com.tm\/index.php?rest_route=\/wp\/v2\/types\/post"}],"author":[{"embeddable":true,"href":"https:\/\/zamanturkmenistan.com.tm\/index.php?rest_route=\/wp\/v2\/users\/2"}],"replies":[{"embeddable":true,"href":"https:\/\/zamanturkmenistan.com.tm\/index.php?rest_route=%2Fwp%2Fv2%2Fcomments&post=95138"}],"version-history":[{"count":1,"href":"https:\/\/zamanturkmenistan.com.tm\/index.php?rest_route=\/wp\/v2\/posts\/95138\/revisions"}],"predecessor-version":[{"id":95140,"href":"https:\/\/zamanturkmenistan.com.tm\/index.php?rest_route=\/wp\/v2\/posts\/95138\/revisions\/95140"}],"wp:featuredmedia":[{"embeddable":true,"href":"https:\/\/zamanturkmenistan.com.tm\/index.php?rest_route=\/wp\/v2\/media\/95139"}],"wp:attachment":[{"href":"https:\/\/zamanturkmenistan.com.tm\/index.php?rest_route=%2Fwp%2Fv2%2Fmedia&parent=95138"}],"wp:term":[{"taxonomy":"category","embeddable":true,"href":"https:\/\/zamanturkmenistan.com.tm\/index.php?rest_route=%2Fwp%2Fv2%2Fcategories&post=95138"},{"taxonomy":"post_tag","embeddable":true,"href":"https:\/\/zamanturkmenistan.com.tm\/index.php?rest_route=%2Fwp%2Fv2%2Ftags&post=95138"}],"curies":[{"name":"wp","href":"https:\/\/api.w.org\/{rel}","templated":true}]}}