{"id":95151,"date":"2023-12-16T10:52:32","date_gmt":"2023-12-16T05:52:32","guid":{"rendered":"https:\/\/zamanturkmenistan.com.tm\/?p=95151"},"modified":"2023-12-16T10:52:32","modified_gmt":"2023-12-16T05:52:32","slug":"turkmenistan-yewropa-bilelesigi-bilen-hyzmatdaslygy-pugtalandyryar","status":"publish","type":"post","link":"https:\/\/zamanturkmenistan.com.tm\/?p=95151","title":{"rendered":"T\u00fcrkmenistan \u00ddewropa Bilele\u015figi bilen hyzmatda\u015flygy pugtalandyr\u00fdar"},"content":{"rendered":"<p>15-nji dekabrda ge\u00e7irilen sanly ulgam arkaly Ministrler Kabinetini\u0148 mejlisinde Ministrler Kabinetini\u0148 Ba\u015flygyny\u0148 orunbasary, da\u015fary i\u015fler ministri R.Meredow T\u00fcrkmenistany\u0148 \u00ddewropa Bilele\u015figi bilen hyzmatda\u015flygyny \u00f6sd\u00fcrmek bo\u00fdun\u00e7a durmu\u015fa ge\u00e7iril\u00fd\u00e4n i\u015fler barada hasabat berdi. Bellenili\u015fi \u00fdaly, \u00fdurdumyz \u00ddewropa Bilele\u015figi bilen sy\u00fdasy, ykdysady we ynsanperwer ulgamlarda netijeli gatna\u015fyk ed\u00fd\u00e4r.<br \/>\n2023-nji \u00fdylda iri \u00e7\u00e4releri\u0148 birn\u00e4\u00e7esi, \u015fol sanda 18-nji sent\u00fdabrda N\u00fdu-\u00ddork \u015f\u00e4herinde hormatly Prezidentimizi\u0148 \u00ddewropa Ge\u0148e\u015fini\u0148 Ba\u015flygy \u015earl Mi\u015fel bilen du\u015fu\u015fygy ge\u00e7irildi. Mundan ba\u015fga-da, 19-njy i\u00fdunda A\u015fgabatda \u00fdurdumyzy\u0148 we \u00ddewropa Bilele\u015figini\u0148 arasynda parlamentara dialogy\u0148 \u00e7\u00e4ginde 6-njy du\u015fu\u015fyk ge\u00e7irildi. T\u00fcrkmenistany\u0148 mali\u00fde we ykdysady\u00fdet ministri 25-26-njy okt\u00fdabrda Br\u00fdussel \u015f\u00e4herinde ge\u00e7irilen \u00ab\u00c4hlumumy gapylar\u00bb atly birinji foruma gatna\u015fdy. \u015eu \u00fdyly\u0148 22-nji no\u00fdabry \u2014 3-nji dekabry aralygynda T\u00fcrkmenistanda \u00ddewropa medeni\u00fdetini\u0148 g\u00fcnleri guraldy.<br \/>\n\u00ddewropa Bilele\u015figini\u0148 \u00abErasmus+\u00bb maksatnamasyny\u0148 \u00e7\u00e4klerinde \u00fdurdumyzy\u0148 \u00fdokary okuw mekdeplerini\u0148 we \u00ddewropany\u0148 \u00fdokary okuw mekdeplerini\u0148 arasynda mugallymlarydyr talyplary aly\u015fmak ugry bo\u00fdun\u00e7a hyzmatda\u015flyk amala a\u015fyryldy. \u201cMerkezi Azi\u00fda \u2014 \u00ddewropa Bilele\u015figi\u201d formatynda hem hyzmatda\u015flyk i\u015fje\u0148 h\u00e4si\u00fdete e\u00fdedir. Bu hyzmatda\u015flyk bilen baglylykda, d\u00fcrli derejed\u00e4ki du\u015fu\u015fyklar, forumlar yzygiderli ge\u00e7iril\u00fd\u00e4r. \u015eunu\u0148 bilen bir hatarda, d\u00fcrli ulgamlarda, \u015fol sanda saglygy gora\u00fdy\u015f we bilim, hususy ulgam, s\u00f6wda, da\u015fky gur\u015faw, howany\u0148 \u00fc\u00fdtgemegi ulgamlarynda, be\u00fdleki derwa\u00fdys ugurlarda maksatnamalar we taslamalar amala a\u015fyryl\u00fdar.<br \/>\nBellenili\u015fi \u00fdaly, so\u0148ky d\u00f6w\u00fcrde \u00ddewropa Bilele\u015figini\u0148 bizi\u0148 sebitimiz bilen hyzmatda\u015flyga gyzyklanmasy ep-esli art\u00fdar. 2019-njy \u00fdylda \u00ddewropa Bilele\u015figi Merkezi Azi\u00fda bo\u00fdun\u00e7a t\u00e4zelenen Strategi\u00fdany kabul etdi. \u015eu \u00fdyly\u0148 23-nji okt\u00fdabrynda L\u00fduksemburgda ge\u00e7irilen \u201c\u00ddewropa Bilele\u015figi \u2014 Merkezi Azi\u00fda\u201d g\u00f6rn\u00fc\u015finde da\u015fary sy\u00fdasat edaralaryny\u0148 \u00fdolba\u015f\u00e7ylaryny\u0148 nobatdaky du\u015fu\u015fygyny\u0148 netijesi bo\u00fdun\u00e7a \u00ddewropa Bilele\u015figini\u0148 we Merkezi Azi\u00fdany\u0148 arasynda gatna\u015fyklary \u00e7u\u0148la\u015fdyrmak bo\u00fdun\u00e7a bilelikd\u00e4ki \u00ab\u00ddol kartasy\u00bb kabul edildi. Bu resminamada geljekki hyzmatda\u015flygy\u0148 anyk ugurlary kesgitlenildi. \u015eunu\u0148 bilen baglylykda, wise-prem\u00fder, da\u015fary i\u015fler ministri hormatly Prezidentimizi\u0148 garamagyna ileri tutul\u00fdan ugurlary\u0148 birn\u00e4\u00e7esi bo\u00fdun\u00e7a netijeli gatna\u015fyklary gi\u0148eltmek babatda teklipleri h\u00f6d\u00fcrledi.<br \/>\nHususan-da, Adam hukuklary bo\u00fdun\u00e7a \u201cT\u00fcrkmenistan \u2014 \u00ddewropa Bilele\u015figi\u201d dialogyny\u0148 15-nji du\u015fu\u015fygyna hem-de \u201cT\u00fcrkmenistan \u2014 \u00ddewropa Bilele\u015figi\u201d bilelikd\u00e4ki topary\u0148 22-nji du\u015fu\u015fygyna gatna\u015fmak \u00fc\u00e7in \u00fdurdumyzy\u0148 wekili\u00fdetini Belgi\u00fdany\u0148 Br\u00fdussel \u015f\u00e4herine ibermek teklip edil\u00fd\u00e4r. Bu \u00e7\u00e4reler, degi\u015flilikde, 18-19-njy dekabrda me\u00fdille\u015fdiril\u00fd\u00e4r.<br \/>\n2024-nji \u00fdyly\u0148 29-30-njy \u00fdanwarynda Belgi\u00fdany\u0148 pa\u00fdtagtynda ulag ulgamynda ma\u00fda go\u00fdum forumyny\u0148 ge\u00e7irilmegi me\u00fdille\u015fdiril\u00fd\u00e4r. Bu foruma t\u00fcrkmen tarapy hem gatna\u015fmaga \u00e7agyryl\u00fdar. \u015eunu\u0148 bilen baglylykda, Br\u00fdussele \u00fdurdumyzy\u0148 wekili\u00fdetini ibermek teklip edil\u00fd\u00e4r. 2023-nji \u00fdyly\u0148 23-nji okt\u00fdabrynda L\u00fduksemburgda ge\u00e7irilen \u00ab\u00ddewropa Bilele\u015figi \u2014 Merkezi Azi\u00fda\u00bb g\u00f6rn\u00fc\u015find\u00e4ki da\u015fary sy\u00fdasat edaralaryny\u0148 \u00fdolba\u015f\u00e7ylaryny\u0148 du\u015fu\u015fygyny\u0148 netijeleri bo\u00fdun\u00e7a kabul edilen Bilelikd\u00e4ki Be\u00fdannamany\u0148 esasynda geljek \u00fdyly\u0148 ikinji \u00e7\u00e4r\u00fdeginde ulag ulgamynda bilermenleri\u0148 du\u015fu\u015fygyny ge\u00e7irmek teklip edil\u00fd\u00e4r. \u015ee\u00fdle-de energetika ulgamynda hyzmatda\u015flygy\u0148 m\u00fcmkin\u00e7iliklerini ara alyp maslahatla\u015fmak we tejribe aly\u015fmak maksady bilen, 2024-nji \u00fdyly\u0148 birinji \u00e7\u00e4r\u00fdeginde \u00ddewropa Bilele\u015figini\u0148 degi\u015fli d\u00fcz\u00fcm birlikleri bilen du\u015fu\u015fygy guramak bo\u00fdun\u00e7a i\u015fleri ge\u00e7irmek baradaky teklip be\u00fdan edildi.<br \/>\nHormatly Prezidentimiz hasabaty di\u0148l\u00e4p, T\u00fcrkmenistany\u0148 \u00ddewropa Bilele\u015figi bilen ikitarapla\u00fdyn we k\u00f6ptarapla\u00fdyn g\u00f6rn\u00fc\u015fde netijeli hyzmatda\u015flyk ed\u00fd\u00e4ndigini, \u00f6zara gatna\u015fyklary\u0148 d\u00fcrli ulgamlarda \u00f6sd\u00fcril\u00fd\u00e4ndigini belledi. D\u00f6wlet Ba\u015ftutanymyz bu d\u00fcz\u00fcm bilen hyzmatda\u015flygy i\u015fje\u0148le\u015fdirmegi\u0148 wajypdygyny nygtap, wise-prem\u00fder, da\u015fary i\u015fler ministrine iki tarap \u00fc\u00e7in hem b\u00e4hbitli bu i\u015fleri dowam etdirmegi tab\u015fyrdy.<\/p>\n","protected":false},"excerpt":{"rendered":"<p>15-nji dekabrda ge\u00e7irilen sanly ulgam arkaly Ministrler Kabinetini\u0148 mejlisinde Ministrler Kabinetini\u0148 Ba\u015flygyny\u0148 orunbasary, da\u015fary i\u015fler ministri R.Meredow T\u00fcrkmenistany\u0148 \u00ddewropa Bilele\u015figi bilen hyzmatda\u015flygyny \u00f6sd\u00fcrmek bo\u00fdun\u00e7a durmu\u015fa ge\u00e7iril\u00fd\u00e4n i\u015fler barada hasabat berdi. Bellenili\u015fi \u00fdaly, \u00fdurdumyz \u00ddewropa Bilele\u015figi bilen sy\u00fdasy, ykdysady we ynsanperwer ulgamlarda netijeli gatna\u015fyk ed\u00fd\u00e4r. 2023-nji \u00fdylda iri \u00e7\u00e4releri\u0148 birn\u00e4\u00e7esi, \u015fol sanda 18-nji sent\u00fdabrda N\u00fdu-\u00ddork \u015f\u00e4herinde [&hellip;]<\/p>\n","protected":false},"author":2,"featured_media":90326,"comment_status":"open","ping_status":"closed","sticky":false,"template":"","format":"standard","meta":{"footnotes":""},"categories":[3],"tags":[],"acf":[],"_links":{"self":[{"href":"https:\/\/zamanturkmenistan.com.tm\/index.php?rest_route=\/wp\/v2\/posts\/95151"}],"collection":[{"href":"https:\/\/zamanturkmenistan.com.tm\/index.php?rest_route=\/wp\/v2\/posts"}],"about":[{"href":"https:\/\/zamanturkmenistan.com.tm\/index.php?rest_route=\/wp\/v2\/types\/post"}],"author":[{"embeddable":true,"href":"https:\/\/zamanturkmenistan.com.tm\/index.php?rest_route=\/wp\/v2\/users\/2"}],"replies":[{"embeddable":true,"href":"https:\/\/zamanturkmenistan.com.tm\/index.php?rest_route=%2Fwp%2Fv2%2Fcomments&post=95151"}],"version-history":[{"count":1,"href":"https:\/\/zamanturkmenistan.com.tm\/index.php?rest_route=\/wp\/v2\/posts\/95151\/revisions"}],"predecessor-version":[{"id":95152,"href":"https:\/\/zamanturkmenistan.com.tm\/index.php?rest_route=\/wp\/v2\/posts\/95151\/revisions\/95152"}],"wp:featuredmedia":[{"embeddable":true,"href":"https:\/\/zamanturkmenistan.com.tm\/index.php?rest_route=\/wp\/v2\/media\/90326"}],"wp:attachment":[{"href":"https:\/\/zamanturkmenistan.com.tm\/index.php?rest_route=%2Fwp%2Fv2%2Fmedia&parent=95151"}],"wp:term":[{"taxonomy":"category","embeddable":true,"href":"https:\/\/zamanturkmenistan.com.tm\/index.php?rest_route=%2Fwp%2Fv2%2Fcategories&post=95151"},{"taxonomy":"post_tag","embeddable":true,"href":"https:\/\/zamanturkmenistan.com.tm\/index.php?rest_route=%2Fwp%2Fv2%2Ftags&post=95151"}],"curies":[{"name":"wp","href":"https:\/\/api.w.org\/{rel}","templated":true}]}}