{"id":100026,"date":"2024-02-17T11:36:53","date_gmt":"2024-02-17T06:36:53","guid":{"rendered":"https:\/\/zamanturkmenistan.com.tm\/?p=100026"},"modified":"2024-02-17T11:36:53","modified_gmt":"2024-02-17T06:36:53","slug":"masgala-we-rayat-is-yoredis-kodekslerine-taze-kadalar-giriziler","status":"publish","type":"post","link":"https:\/\/zamanturkmenistan.com.tm\/?p=100026","title":{"rendered":"Ma\u015fgala we Ra\u00fdat i\u015f \u00fd\u00f6redi\u015f kodekslerine t\u00e4ze kadalar giriziler"},"content":{"rendered":"<p>16-njy fewralda ge\u00e7irilen sanly ulgam arkaly Ministrler Kabinetini\u0148 mejlisinde Mejlisi\u0148 Ba\u015flygy D.Gulmanowa \u015fu \u00fdyly\u0148 ilkinji a\u00fdynda \u00fderine \u00fdetirilen i\u015fleri\u0148 netijeleri barada maglumat berdi.<br \/>\nBellenili\u015fi \u00fdaly, \u00fdyly\u0148 ba\u015fyndan b\u00e4ri ra\u00fdat-hukuk gatna\u015fyklaryny d\u00fcn\u00fd\u00e4 tejribesine la\u00fdyklykda k\u00e4mille\u015fdirm\u00e4ge g\u00f6n\u00fckdirilen, \u015fe\u00fdle hem energi\u00fdany tyg\u015fytlamak we ondan netijeli pe\u00fddalanmak, gidrometeorologi\u00fda i\u015fi bilen baglany\u015fykly kanunlary\u0148 taslamalaryny ta\u00fd\u00fdarlamak i\u015fleri alnyp baryl\u00fdar. \u015eunu\u0148 bilen birlikde, ma\u015fgala gatna\u015fyklaryny we gymmatlyklaryny berkitmek, gorap saklamak hem-de \u015fu meseleler bo\u00fdun\u00e7a kazy\u00fdetlerde i\u015fe seredili\u015fini mundan be\u00fdl\u00e4k-de k\u00e4mille\u015fdirmek maksady bilen, T\u00fcrkmenistany\u0148 Ma\u015fgala we Ra\u00fdat i\u015f \u00fd\u00f6redi\u015f kodekslerine t\u00e4ze kadalary girizmek bo\u00fdun\u00e7a i\u015fler dowam etdiril\u00fd\u00e4r. Hereket ed\u00fd\u00e4n kanunlary\u0148 birn\u00e4\u00e7esini\u0148 kadalary d\u00f6wr\u00fc\u0148 talabyna la\u00fdyk getiril\u00fd\u00e4r.<br \/>\nHormatly Prezidentimiz \u00fdurdumyzy\u0148 kanun\u00e7ylygyny d\u00f6wr\u00fc\u0148 talaplaryna g\u00f6r\u00e4 k\u00e4mille\u015fdirmegi dowam etdirmegi\u0148 m\u00f6h\u00fcmdigini belledi. T\u00e4ze kanunlar Watanymyzy depginli \u00f6sd\u00fcrm\u00e4ge, kabul edilen maksatnamalary \u00fcst\u00fcnlikli amala a\u015fyrmaga, halkymyzy\u0148 hal-\u00fdagda\u00fdyny yzygiderli gowulandyrmaga \u00fdardam bermelidir.<\/p>\n","protected":false},"excerpt":{"rendered":"<p>16-njy fewralda ge\u00e7irilen sanly ulgam arkaly Ministrler Kabinetini\u0148 mejlisinde Mejlisi\u0148 Ba\u015flygy D.Gulmanowa \u015fu \u00fdyly\u0148 ilkinji a\u00fdynda \u00fderine \u00fdetirilen i\u015fleri\u0148 netijeleri barada maglumat berdi. Bellenili\u015fi \u00fdaly, \u00fdyly\u0148 ba\u015fyndan b\u00e4ri ra\u00fdat-hukuk gatna\u015fyklaryny d\u00fcn\u00fd\u00e4 tejribesine la\u00fdyklykda k\u00e4mille\u015fdirm\u00e4ge g\u00f6n\u00fckdirilen, \u015fe\u00fdle hem energi\u00fdany tyg\u015fytlamak we ondan netijeli pe\u00fddalanmak, gidrometeorologi\u00fda i\u015fi bilen baglany\u015fykly kanunlary\u0148 taslamalaryny ta\u00fd\u00fdarlamak i\u015fleri alnyp baryl\u00fdar. \u015eunu\u0148 bilen [&hellip;]<\/p>\n","protected":false},"author":2,"featured_media":81714,"comment_status":"open","ping_status":"closed","sticky":false,"template":"","format":"standard","meta":{"footnotes":""},"categories":[3],"tags":[],"acf":[],"_links":{"self":[{"href":"https:\/\/zamanturkmenistan.com.tm\/index.php?rest_route=\/wp\/v2\/posts\/100026"}],"collection":[{"href":"https:\/\/zamanturkmenistan.com.tm\/index.php?rest_route=\/wp\/v2\/posts"}],"about":[{"href":"https:\/\/zamanturkmenistan.com.tm\/index.php?rest_route=\/wp\/v2\/types\/post"}],"author":[{"embeddable":true,"href":"https:\/\/zamanturkmenistan.com.tm\/index.php?rest_route=\/wp\/v2\/users\/2"}],"replies":[{"embeddable":true,"href":"https:\/\/zamanturkmenistan.com.tm\/index.php?rest_route=%2Fwp%2Fv2%2Fcomments&post=100026"}],"version-history":[{"count":1,"href":"https:\/\/zamanturkmenistan.com.tm\/index.php?rest_route=\/wp\/v2\/posts\/100026\/revisions"}],"predecessor-version":[{"id":100027,"href":"https:\/\/zamanturkmenistan.com.tm\/index.php?rest_route=\/wp\/v2\/posts\/100026\/revisions\/100027"}],"wp:featuredmedia":[{"embeddable":true,"href":"https:\/\/zamanturkmenistan.com.tm\/index.php?rest_route=\/wp\/v2\/media\/81714"}],"wp:attachment":[{"href":"https:\/\/zamanturkmenistan.com.tm\/index.php?rest_route=%2Fwp%2Fv2%2Fmedia&parent=100026"}],"wp:term":[{"taxonomy":"category","embeddable":true,"href":"https:\/\/zamanturkmenistan.com.tm\/index.php?rest_route=%2Fwp%2Fv2%2Fcategories&post=100026"},{"taxonomy":"post_tag","embeddable":true,"href":"https:\/\/zamanturkmenistan.com.tm\/index.php?rest_route=%2Fwp%2Fv2%2Ftags&post=100026"}],"curies":[{"name":"wp","href":"https:\/\/api.w.org\/{rel}","templated":true}]}}