{"id":100202,"date":"2024-02-19T12:21:31","date_gmt":"2024-02-19T07:21:31","guid":{"rendered":"https:\/\/zamanturkmenistan.com.tm\/?p=100202"},"modified":"2024-02-19T12:21:31","modified_gmt":"2024-02-19T07:21:31","slug":"dunyanin-in-yas-yazyjysy-2","status":"publish","type":"post","link":"https:\/\/zamanturkmenistan.com.tm\/?p=100202","title":{"rendered":"D\u00fcn\u00ad\u00fd\u00e4\u00adni\u0148 i\u0148 \u00fda\u015f \u00fda\u00adzy\u00adjy\u00adsy"},"content":{"rendered":"<p>Bir\u00adle\u00ad\u015fen Arap Emir\u00adlik\u00adle\u00adrin\u00adde Al-Ma\u00adha Ra\u00ad\u015fid Al-Me\u00fd\u00adri at\u00adly \u00fc\u00e7 \u00fda\u015f\u00adly gyz\u00adja\u00adgaz \u00abG\u00fcl\u00bb we \u00abBa\u00adla\u00adry\u00bb at\u00adly \u00e7a\u00adga\u00adla\u00adra ni\u00ad\u00fdet\u00adle\u00adnen iki po\u00adwes\u00adti\u00adni ne\u00ad\u015fir et\u00addi\u00adrip, ta\u00adryh\u00adda i\u0148 \u00fda\u015f \u00fda\u00adzy\u00adjy bol\u00addy. Onu\u0148 bir g\u00fcn\u00adde her iki ki\u00adta\u00adby\u00adny\u0148 m\u00fc\u0148den gow\u00adrak nus\u00adga\u00adsy\u00ad sa\u00adtylyp, Gin\u00adne\u00adsi\u0148 re\u00adkord\u00adlar ki\u00adta\u00adbyn\u00adda yk\u00adrar edi\u00adlen d\u00fcn\u00ad\u00fd\u00e4\u00adni\u0148 i\u0148 \u00fda\u015f \u00fda\u00adzy\u00adjy\u00adsy bol\u00addy.<br \/>\nAl-Ma\u00adha\u00adny\u0148 he\u00adka\u00ad\u00fda\u00adla\u00adra we su\u00adrat \u00e7ek\u00adm\u00e4\u00adge bo\u00adlan gy\u00adzyk\u00adlan\u00adma\u00adsy, \u00e7a\u00adga\u00adlar \u00fc\u00e7in ni\u00ad\u00fdet\u00adle\u00adnen fan\u00adta\u00adzi\u00ad\u00fda \u017ean\u00adryn\u00addaky he\u00adka\u00ad\u00fda\u00adla\u00adry \u00fdaz\u00adma\u00adgy\u00adna se\u00adb\u00e4p bol\u00ad\u00fdar. Al-Ma\u00adha \u00f6z he\u00adka\u00ad\u00fda\u00adla\u00adry ar\u00adka\u00adly oky\u00adjy\u00adla\u00adra da\u015f\u00adky gur\u00ad\u015faw me\u00adse\u00adle\u00adle\u00adri\u00adni\u0148 \u00e4h\u00admi\u00ad\u00fde\u00adti\u00adni \u00fde\u00adtir\u00adm\u00e4\u00adge sy\u00adna\u00adny\u015f\u00ad\u00fdar.<br \/>\n\u2013 Ge\u00ad\u00e7en \u00fdy\u00adly\u0148 no\u00ad\u00fdabr a\u00fdyn\u00adda Du\u00adba\u00fd\u00adda ge\u00ad\u00e7i\u00adri\u00adlen COP28 kon\u00adfe\u00adren\u00adsi\u00ad\u00fda\u00adsy\u00adna gat\u00adna\u00ad\u015fa\u00adny\u00admyz\u00adda, Al-Ma\u00adha\u00adny\u0148 da\u015f\u00adky gur\u00ad\u015faw te\u00adma\u00adsy bi\u00adlen bag\u00adla\u00adny\u00ad\u015fyk\u00adly he\u00adka\u00ad\u00fda\u00adla\u00adry d\u00f6\u00adret\u00admek pi\u00adkir\u00adle\u00adri\u00adni\u0148 bar\u00addy\u00adgy\u00adny bi\u00adlip gal\u00addym. Mas\u00adla\u00adha\u00adta gat\u00adna\u00ad\u015fa\u00adny\u00admyz\u00addan so\u0148, da\u015f\u00adky gur\u00ad\u015fa\u00adwy go\u00adra\u00adma\u00adgy\u0148 m\u00f6\u00adh\u00fcm\u00addi\u00adgi\u00adne we \u00e7a\u00adga\u00adla\u00adra bu me\u00adse\u00adle ba\u00adra\u00adda bi\u00adlim ber\u00adme\u00adgi\u0148 ze\u00adrur\u00addy\u00adgy\u00adna d\u00fc\u00ad\u015f\u00fcn\u00addik. Al-Ma\u00adha oka\u00admak en\u00addik\u00adle\u00adri\u00adni\u0148 \u00fda\u015f\u00adlyk\u00addan \u00f6s\u00add\u00fc\u00adri\u00adlip bi\u00adlin\u00adjek\u00addi\u00adgi\u00adni su\u00adbut edip, \u00f6z\u00fc\u00adni\u0148 ba\u00ad\u015far\u00adny\u00adgy we h\u00f6\u00adwe\u00adsi bi\u00adlen bi\u00adzi ha\u00fd\u00adran gal\u00addyr\u00ad\u00fdar \u2013 di\u00ad\u00fdip, Al-Ma\u00adha\u00adny\u0148 eje\u00adsi g\u00fcrr\u00fc\u0148 berdi.<br \/>\nH\u00e4\u00adzir\u00adki wagt\u00adda Al-Ma\u00adha\u00adny\u0148 uly gyz do\u00adga\u00adny iki dil\u00adde ki\u00adtap ne\u00ad\u015fir et\u00admek bo\u00ad\u00fdun\u00ad\u00e7a gyz\u00adla\u00adry\u0148 ara\u00adsyn\u00adda i\u0148 \u00fda\u015f \u00fda\u00adzy\u00adjy, aga\u00adsy bol\u00adsa er\u00adkek\u00adle\u00adri\u0148 ara\u00adsyn\u00adda i\u0148 \u00fda\u015f \u00fda\u00adzy\u00adjy\u00addyr. \u00c7a\u00adga\u00adla\u00adry\u0148 eje\u00adsi\u00adni\u0148 bel\u00adle\u00fd\u00ad\u015fi \u00fda\u00adly, onu\u0148 do\u00adgan\u00adla\u00adry Al-Ma\u00adha\u00adny\u0148 hem \u00fdaz\u00adma\u00adga bo\u00adlan h\u00f6\u00adwe\u00adsi\u00adni o\u00fda\u00adryp\u00addyr\u00adlar. Eje\u00adle\u00adri \u00e7a\u00adga\u00adla\u00adry\u0148 ze\u00adhi\u00adni\u00adni \u00fd\u00fc\u00adze \u00e7y\u00adkar\u00adma\u00adgy\u0148, ola\u00adry ter\u00adbi\u00ad\u00fde\u00adle\u00adme\u00adgi\u0148 we jem\u00adgy\u00ad\u00fde\u00adti\u0148 \u00f6z \u00fcs\u00adt\u00fc\u00adne jo\u00adgap\u00adk\u00e4r\u00ad\u00e7i\u00adli\u00adgi alyp bil\u00adjek i\u015f\u00adje\u0148 ag\u00adza\u00adla\u00adry bo\u00adlup bil\u00admek\u00adle\u00adri \u00fc\u00e7in \u00f6z\u00adle\u00adri\u00adne bo\u00adlan yna\u00admyny art\u00addyr\u00adma\u00adgy\u0148 m\u00f6\u00adh\u00fcm\u00addi\u00adgi\u00adni nyg\u00adta\u00ad\u00fdar.<\/p>\n","protected":false},"excerpt":{"rendered":"<p>Bir\u00adle\u00ad\u015fen Arap Emir\u00adlik\u00adle\u00adrin\u00adde Al-Ma\u00adha Ra\u00ad\u015fid Al-Me\u00fd\u00adri at\u00adly \u00fc\u00e7 \u00fda\u015f\u00adly gyz\u00adja\u00adgaz \u00abG\u00fcl\u00bb we \u00abBa\u00adla\u00adry\u00bb at\u00adly \u00e7a\u00adga\u00adla\u00adra ni\u00ad\u00fdet\u00adle\u00adnen iki po\u00adwes\u00adti\u00adni ne\u00ad\u015fir et\u00addi\u00adrip, ta\u00adryh\u00adda i\u0148 \u00fda\u015f \u00fda\u00adzy\u00adjy bol\u00addy. Onu\u0148 bir g\u00fcn\u00adde her iki ki\u00adta\u00adby\u00adny\u0148 m\u00fc\u0148den gow\u00adrak nus\u00adga\u00adsy\u00ad sa\u00adtylyp, Gin\u00adne\u00adsi\u0148 re\u00adkord\u00adlar ki\u00adta\u00adbyn\u00adda yk\u00adrar edi\u00adlen d\u00fcn\u00ad\u00fd\u00e4\u00adni\u0148 i\u0148 \u00fda\u015f \u00fda\u00adzy\u00adjy\u00adsy bol\u00addy. Al-Ma\u00adha\u00adny\u0148 he\u00adka\u00ad\u00fda\u00adla\u00adra we su\u00adrat \u00e7ek\u00adm\u00e4\u00adge bo\u00adlan gy\u00adzyk\u00adlan\u00adma\u00adsy, \u00e7a\u00adga\u00adlar \u00fc\u00e7in ni\u00ad\u00fdet\u00adle\u00adnen [&hellip;]<\/p>\n","protected":false},"author":2,"featured_media":100203,"comment_status":"open","ping_status":"closed","sticky":false,"template":"","format":"standard","meta":{"footnotes":""},"categories":[3],"tags":[],"acf":[],"_links":{"self":[{"href":"https:\/\/zamanturkmenistan.com.tm\/index.php?rest_route=\/wp\/v2\/posts\/100202"}],"collection":[{"href":"https:\/\/zamanturkmenistan.com.tm\/index.php?rest_route=\/wp\/v2\/posts"}],"about":[{"href":"https:\/\/zamanturkmenistan.com.tm\/index.php?rest_route=\/wp\/v2\/types\/post"}],"author":[{"embeddable":true,"href":"https:\/\/zamanturkmenistan.com.tm\/index.php?rest_route=\/wp\/v2\/users\/2"}],"replies":[{"embeddable":true,"href":"https:\/\/zamanturkmenistan.com.tm\/index.php?rest_route=%2Fwp%2Fv2%2Fcomments&post=100202"}],"version-history":[{"count":1,"href":"https:\/\/zamanturkmenistan.com.tm\/index.php?rest_route=\/wp\/v2\/posts\/100202\/revisions"}],"predecessor-version":[{"id":100204,"href":"https:\/\/zamanturkmenistan.com.tm\/index.php?rest_route=\/wp\/v2\/posts\/100202\/revisions\/100204"}],"wp:featuredmedia":[{"embeddable":true,"href":"https:\/\/zamanturkmenistan.com.tm\/index.php?rest_route=\/wp\/v2\/media\/100203"}],"wp:attachment":[{"href":"https:\/\/zamanturkmenistan.com.tm\/index.php?rest_route=%2Fwp%2Fv2%2Fmedia&parent=100202"}],"wp:term":[{"taxonomy":"category","embeddable":true,"href":"https:\/\/zamanturkmenistan.com.tm\/index.php?rest_route=%2Fwp%2Fv2%2Fcategories&post=100202"},{"taxonomy":"post_tag","embeddable":true,"href":"https:\/\/zamanturkmenistan.com.tm\/index.php?rest_route=%2Fwp%2Fv2%2Ftags&post=100202"}],"curies":[{"name":"wp","href":"https:\/\/api.w.org\/{rel}","templated":true}]}}