{"id":100574,"date":"2024-02-23T12:31:57","date_gmt":"2024-02-23T07:31:57","guid":{"rendered":"https:\/\/zamanturkmenistan.com.tm\/?p=100574"},"modified":"2024-02-23T12:31:57","modified_gmt":"2024-02-23T07:31:57","slug":"turkmenistanyn-dasary-isler-ministri-halkara-zahmet-guramasynyn-sebit-direktory-bilen-dususdy","status":"publish","type":"post","link":"https:\/\/zamanturkmenistan.com.tm\/turkmenistanyn-dasary-isler-ministri-halkara-zahmet-guramasynyn-sebit-direktory-bilen-dususdy\/","title":{"rendered":"T\u00fcrkmenistany\u0148 Da\u015fary i\u015fler ministri Halkara z\u00e4hmet guramasyny\u0148 sebit direktory bilen du\u015fu\u015fdy"},"content":{"rendered":"<p>22-nji fewralda T\u00fcrkmenistany\u0148 Da\u015fary i\u015fler ministri Ra\u015fid Meredowy\u0148 Halkara z\u00e4hmet guramasyny\u0148 Ba\u015f direktoryny\u0148 k\u00f6mek\u00e7isi, guramany\u0148 \u00ddewropa we Merkezi Azi\u00fda \u00fc\u00e7in sebit direktory Beata Andres bilen du\u015fu\u015fygy ge\u00e7irildi.<br \/>\nS\u00f6hbetde\u015fligi\u0148 bar\u015fynda taraplar T\u00fcrkmenistan bilen Halkara z\u00e4hmet guramasyny\u0148 arasynda hyzmatda\u015flygy\u0148 has-da i\u015fje\u0148 h\u00e4si\u00fdete e\u00fde bol\u00fdandygyny bellediler.<br \/>\n\u015eunda, taraplary\u0148 arasynda sapary\u0148 netijeleri, \u015fu \u00fdyly\u0148 21-nji fewralynda ge\u00e7irilen \u00fdokary derejeli tegelek stol du\u015fu\u015fygyny\u0148 \u00e4hmi\u00fdeti hem-de Halkara z\u00e4hmet guramasy bilen 2024-nji hyzmatda\u015flygy \u00f6sd\u00fcrmegi\u0148 me\u00fdilleri barada pikir aly\u015fmalar ge\u00e7irildi.<br \/>\n\u015ee\u00fdle-de, Halkara z\u00e4hmet guramasyny\u0148 konwensi\u00fdalaryna go\u015fulmak arkaly \u015fertnama-hukuk bin\u00fdady berkitmek, t\u00fcrkmen h\u00fcn\u00e4rmenlerini\u0148 bilimlerini \u00fdokarlandyrmak, durmu\u015f ulgamy bo\u00fdun\u00e7a hyzmatda\u015flar bilen \u00fczn\u00fcksiz geple\u015fikleri \u00fcpj\u00fcn etmek we guramany\u0148 \u00f6\u0148de duran \u00e7\u00e4relerine, hususan-da, Halkara z\u00e4hmet konferensi\u00fdasyna ta\u00fd\u00fdarlyk g\u00f6rmegi\u0148 meselelerine seredildi.<br \/>\nBellenilenlerden ba\u015fga, T\u00fcrkmenistany\u0148 h\u00f6k\u00fcmeti bilen Halkara z\u00e4hmet guramasyny\u0148 arasynda yzygiderli gatna\u015fyklary alyp barmak we utga\u015fdyrmak maksady bilen guramany\u0148 wekilini A\u015fgabatda bellemek barada t\u00fcrkmen tarapyny\u0148 teklibi maslahatla\u015fyldy.<br \/>\nDu\u015fu\u015fygy\u0148 ahyrynda B. Andres t\u00fcrkmen tarapyna guramany\u0148 h\u00f6d\u00fcrnamalaryny ulanmak arkaly T\u00fcrkmenistanda z\u00e4hmet bazaryny k\u00e4mille\u015fdirm\u00e4ge we d\u00fczg\u00fcnle\u015fdirm\u00e4ge \u00fdardam eden saparyny\u0148 netijeli ge\u00e7megine edilen hema\u00fdatlar \u00fc\u00e7in minnetdarlyk bildirdi.<\/p>\n","protected":false},"excerpt":{"rendered":"<p>22-nji fewralda T\u00fcrkmenistany\u0148 Da\u015fary i\u015fler ministri Ra\u015fid Meredowy\u0148 Halkara z\u00e4hmet guramasyny\u0148 Ba\u015f direktoryny\u0148 k\u00f6mek\u00e7isi, guramany\u0148 \u00ddewropa we Merkezi Azi\u00fda \u00fc\u00e7in sebit direktory Beata Andres bilen du\u015fu\u015fygy ge\u00e7irildi. S\u00f6hbetde\u015fligi\u0148 bar\u015fynda taraplar T\u00fcrkmenistan bilen Halkara z\u00e4hmet guramasyny\u0148 arasynda hyzmatda\u015flygy\u0148 has-da i\u015fje\u0148 h\u00e4si\u00fdete e\u00fde bol\u00fdandygyny bellediler. \u015eunda, taraplary\u0148 arasynda sapary\u0148 netijeleri, \u015fu \u00fdyly\u0148 21-nji fewralynda ge\u00e7irilen \u00fdokary derejeli [&hellip;]<\/p>\n","protected":false},"author":2,"featured_media":100575,"comment_status":"open","ping_status":"closed","sticky":false,"template":"","format":"standard","meta":{"footnotes":""},"categories":[3],"tags":[],"_links":{"self":[{"href":"https:\/\/zamanturkmenistan.com.tm\/wp-json\/wp\/v2\/posts\/100574"}],"collection":[{"href":"https:\/\/zamanturkmenistan.com.tm\/wp-json\/wp\/v2\/posts"}],"about":[{"href":"https:\/\/zamanturkmenistan.com.tm\/wp-json\/wp\/v2\/types\/post"}],"author":[{"embeddable":true,"href":"https:\/\/zamanturkmenistan.com.tm\/wp-json\/wp\/v2\/users\/2"}],"replies":[{"embeddable":true,"href":"https:\/\/zamanturkmenistan.com.tm\/wp-json\/wp\/v2\/comments?post=100574"}],"version-history":[{"count":1,"href":"https:\/\/zamanturkmenistan.com.tm\/wp-json\/wp\/v2\/posts\/100574\/revisions"}],"predecessor-version":[{"id":100576,"href":"https:\/\/zamanturkmenistan.com.tm\/wp-json\/wp\/v2\/posts\/100574\/revisions\/100576"}],"wp:featuredmedia":[{"embeddable":true,"href":"https:\/\/zamanturkmenistan.com.tm\/wp-json\/wp\/v2\/media\/100575"}],"wp:attachment":[{"href":"https:\/\/zamanturkmenistan.com.tm\/wp-json\/wp\/v2\/media?parent=100574"}],"wp:term":[{"taxonomy":"category","embeddable":true,"href":"https:\/\/zamanturkmenistan.com.tm\/wp-json\/wp\/v2\/categories?post=100574"},{"taxonomy":"post_tag","embeddable":true,"href":"https:\/\/zamanturkmenistan.com.tm\/wp-json\/wp\/v2\/tags?post=100574"}],"curies":[{"name":"wp","href":"https:\/\/api.w.org\/{rel}","templated":true}]}}