{"id":100857,"date":"2024-02-26T10:41:13","date_gmt":"2024-02-26T05:41:13","guid":{"rendered":"https:\/\/zamanturkmenistan.com.tm\/?p=100857"},"modified":"2024-02-26T11:42:04","modified_gmt":"2024-02-26T06:42:04","slug":"trampyn-gunorta-karolinadaky-yensi","status":"publish","type":"post","link":"https:\/\/zamanturkmenistan.com.tm\/?p=100857","title":{"rendered":"Trampy\u0148 G\u00fcnorta Karolinadaky \u00fde\u0148\u015fi"},"content":{"rendered":"<p>AB\u015e-ny\u0148 \u00f6\u0148ki Prezidenti Donald Tramp, 24-nji fewralda G\u00fcnorta Karolina \u015ftatynda ge\u00e7irilen Respublikan parti\u00fdany\u0148 pra\u00fdmerizlerinde (deslapky sa\u00fdlawlar) 59 g\u00f6terim ses bilen ynamly \u00fde\u0148i\u015f gazandy. AB\u015e-ny\u0148 BMG-d\u00e4ki \u00f6\u0148ki hemi\u015felik wekili Nikki He\u00fdli bolsa, 39 sese e\u00fde boldy.<br \/>\nTrampy\u0148 b\u00e4sde\u015fi Nikki He\u00fdli \u00fde\u0148ilendigini bo\u00fdun aldy we Trampy \u00fde\u0148\u015fi bilen gutlady. \u015ee\u00fdle-de ol \u00f6z\u00fcni\u0148 gubernatir bolan \u015ftatynda \u00fde\u0148li\u015fine garamazdan, b\u00e4sde\u015flige gatna\u015fmagyny dowam etdirjekdigini a\u00fdtdy. Indiki pra\u00fdmerizler 27-nji fewralda Mi\u00e7iganda ge\u00e7iriler. \u00dderi gelende bell\u00e4p ge\u00e7sek, Donald Trampy\u0148 A\u00fdowa, N\u00fdu-Gemp\u015fir, Newada \u015ftatlarynda we Wirjin adalarynda ge\u00e7irilen deslapky sa\u00fdlawlarda hem \u00fde\u0148i\u015f gazandy.<br \/>\nBu deslapky sa\u00fdlawlar i\u00fdun a\u00fdynda tamamlanar. I\u00fdul a\u00fdynda Respublikan parti\u00fdany\u0148 gurulta\u00fdy ge\u00e7irilip, onda prezidentlige dala\u015fg\u00e4r yglan ediler. Awgust a\u00fdynda bolsa, Demokratik parti\u00fdany\u0148 gurulta\u00fdy ge\u00e7iriler. AB\u015e-da ge\u00e7iriljek Prezident sa\u00fdlawlary 2024-nji \u00fdyly\u0148 5-nji no\u00fdabrynda me\u00fdille\u015fdiril\u00fd\u00e4r.<br \/>\n2023-nji \u00fdyly\u0148 25-nji aprelinde AB\u015e-ny\u0148 h\u00e4zirki Prezidenti Jozef Ba\u00fdden \u00fdokary h\u00f6k\u00fcmet wezipesine ga\u00fdtadan sa\u00fdlanmaga tagalla etjekdigini m\u00e4lim etdi. 2022-nji \u00fdyly\u0148 no\u00fdabr a\u00fdynda Donald Tramp sa\u00fdlawlary\u0148 \u00f6\u0148 \u00fdanyndaky kampani\u00fdalara gatna\u015fjakdygyny m\u00e4lim etdi. Ol respublikanlar tarapyndan prezidentlige dala\u015fg\u00e4r g\u00f6rkezmek ugrundaky b\u00e4sde\u015flikde i\u0148 \u00f6\u0148debaryjy dala\u015fg\u00e4r hasaplanyp, He\u00fdli onu\u0148 \u00fdeke-t\u00e4k esasy b\u00e4sde\u015fidir. Nikki He\u00fdli sa\u00fdlaw b\u00e4sde\u015fliginden gitmek ni\u00fdetini\u0148 \u00fdokdugyny telim sapar nygtady.<\/p>\n","protected":false},"excerpt":{"rendered":"<p>AB\u015e-ny\u0148 \u00f6\u0148ki Prezidenti Donald Tramp, 24-nji fewralda G\u00fcnorta Karolina \u015ftatynda ge\u00e7irilen Respublikan parti\u00fdany\u0148 pra\u00fdmerizlerinde (deslapky sa\u00fdlawlar) 59 g\u00f6terim ses bilen ynamly \u00fde\u0148i\u015f gazandy. AB\u015e-ny\u0148 BMG-d\u00e4ki \u00f6\u0148ki hemi\u015felik wekili Nikki He\u00fdli bolsa, 39 sese e\u00fde boldy. Trampy\u0148 b\u00e4sde\u015fi Nikki He\u00fdli \u00fde\u0148ilendigini bo\u00fdun aldy we Trampy \u00fde\u0148\u015fi bilen gutlady. \u015ee\u00fdle-de ol \u00f6z\u00fcni\u0148 gubernatir bolan \u015ftatynda \u00fde\u0148li\u015fine garamazdan, [&hellip;]<\/p>\n","protected":false},"author":2,"featured_media":67663,"comment_status":"open","ping_status":"closed","sticky":false,"template":"","format":"standard","meta":{"footnotes":""},"categories":[5],"tags":[],"acf":[],"_links":{"self":[{"href":"https:\/\/zamanturkmenistan.com.tm\/index.php?rest_route=\/wp\/v2\/posts\/100857"}],"collection":[{"href":"https:\/\/zamanturkmenistan.com.tm\/index.php?rest_route=\/wp\/v2\/posts"}],"about":[{"href":"https:\/\/zamanturkmenistan.com.tm\/index.php?rest_route=\/wp\/v2\/types\/post"}],"author":[{"embeddable":true,"href":"https:\/\/zamanturkmenistan.com.tm\/index.php?rest_route=\/wp\/v2\/users\/2"}],"replies":[{"embeddable":true,"href":"https:\/\/zamanturkmenistan.com.tm\/index.php?rest_route=%2Fwp%2Fv2%2Fcomments&post=100857"}],"version-history":[{"count":1,"href":"https:\/\/zamanturkmenistan.com.tm\/index.php?rest_route=\/wp\/v2\/posts\/100857\/revisions"}],"predecessor-version":[{"id":100858,"href":"https:\/\/zamanturkmenistan.com.tm\/index.php?rest_route=\/wp\/v2\/posts\/100857\/revisions\/100858"}],"wp:featuredmedia":[{"embeddable":true,"href":"https:\/\/zamanturkmenistan.com.tm\/index.php?rest_route=\/wp\/v2\/media\/67663"}],"wp:attachment":[{"href":"https:\/\/zamanturkmenistan.com.tm\/index.php?rest_route=%2Fwp%2Fv2%2Fmedia&parent=100857"}],"wp:term":[{"taxonomy":"category","embeddable":true,"href":"https:\/\/zamanturkmenistan.com.tm\/index.php?rest_route=%2Fwp%2Fv2%2Fcategories&post=100857"},{"taxonomy":"post_tag","embeddable":true,"href":"https:\/\/zamanturkmenistan.com.tm\/index.php?rest_route=%2Fwp%2Fv2%2Ftags&post=100857"}],"curies":[{"name":"wp","href":"https:\/\/api.w.org\/{rel}","templated":true}]}}