{"id":100864,"date":"2024-02-26T14:54:27","date_gmt":"2024-02-26T09:54:27","guid":{"rendered":"https:\/\/zamanturkmenistan.com.tm\/?p=100864"},"modified":"2024-02-26T14:54:27","modified_gmt":"2024-02-26T09:54:27","slug":"tahranda-doguldy-germaniyada-yeniji-boldy","status":"publish","type":"post","link":"https:\/\/zamanturkmenistan.com.tm\/?p=100864","title":{"rendered":"T\u00e4hranda doguldy Germani\u00fdada \u00fde\u0148iji boldy"},"content":{"rendered":"<p>Germani\u00fdada ge\u00e7irilen \u201cMiss Germany\u201d atly g\u00f6zellik b\u00e4sle\u015figinde e\u00fdranly migrant Apame \u015e\u00f6ner \u00fde\u0148iji boldy. 39 \u00fda\u015fly \u015e\u00f6neri\u0148 k\u00e4ri binag\u00e4r. Rust \u015f\u00e4herind\u00e4ki \u201cEuropa Park\u201d g\u00fc\u00fdmenje se\u00fdilg\u00e4hinde ge\u00e7irilen b\u00e4sle\u015fige 9 gyz gatna\u015fdy. \u00dde\u0148ij\u00e4 25 m\u00fc\u0148 \u00fdewro pul ba\u00fdragy berildi. T\u00e4hranda d\u00fcn\u00fd\u00e4 inen \u015e\u00f6neri\u0148 ma\u015fgalasy ol 6 \u00fda\u015fyndaka Germani\u00fda g\u00f6\u00e7\u00fcpdir.<br \/>\n\u201cMiss Germany\u201d g\u00f6zellik b\u00e4sle\u015figinde 2019-njy \u00fdyldan b\u00e4ri di\u0148e da\u015fky g\u00f6zellige d\u00e4l, dala\u015fg\u00e4rleri\u0148 jemgy\u00fdetde alyp bar\u00fdan i\u015flerine we \u00f6z \u00fcst\u00fcnde alan jogapk\u00e4rli i\u015flerine hem baha beril\u00fd\u00e4r.<\/p>\n<p>&nbsp;<\/p>\n","protected":false},"excerpt":{"rendered":"<p>Germani\u00fdada ge\u00e7irilen \u201cMiss Germany\u201d atly g\u00f6zellik b\u00e4sle\u015figinde e\u00fdranly migrant Apame \u015e\u00f6ner \u00fde\u0148iji boldy. 39 \u00fda\u015fly \u015e\u00f6neri\u0148 k\u00e4ri binag\u00e4r. Rust \u015f\u00e4herind\u00e4ki \u201cEuropa Park\u201d g\u00fc\u00fdmenje se\u00fdilg\u00e4hinde ge\u00e7irilen b\u00e4sle\u015fige 9 gyz gatna\u015fdy. \u00dde\u0148ij\u00e4 25 m\u00fc\u0148 \u00fdewro pul ba\u00fdragy berildi. T\u00e4hranda d\u00fcn\u00fd\u00e4 inen \u015e\u00f6neri\u0148 ma\u015fgalasy ol 6 \u00fda\u015fyndaka Germani\u00fda g\u00f6\u00e7\u00fcpdir. \u201cMiss Germany\u201d g\u00f6zellik b\u00e4sle\u015figinde 2019-njy \u00fdyldan b\u00e4ri di\u0148e da\u015fky [&hellip;]<\/p>\n","protected":false},"author":2,"featured_media":100865,"comment_status":"open","ping_status":"closed","sticky":false,"template":"","format":"standard","meta":{"footnotes":""},"categories":[5],"tags":[],"acf":[],"_links":{"self":[{"href":"https:\/\/zamanturkmenistan.com.tm\/index.php?rest_route=\/wp\/v2\/posts\/100864"}],"collection":[{"href":"https:\/\/zamanturkmenistan.com.tm\/index.php?rest_route=\/wp\/v2\/posts"}],"about":[{"href":"https:\/\/zamanturkmenistan.com.tm\/index.php?rest_route=\/wp\/v2\/types\/post"}],"author":[{"embeddable":true,"href":"https:\/\/zamanturkmenistan.com.tm\/index.php?rest_route=\/wp\/v2\/users\/2"}],"replies":[{"embeddable":true,"href":"https:\/\/zamanturkmenistan.com.tm\/index.php?rest_route=%2Fwp%2Fv2%2Fcomments&post=100864"}],"version-history":[{"count":1,"href":"https:\/\/zamanturkmenistan.com.tm\/index.php?rest_route=\/wp\/v2\/posts\/100864\/revisions"}],"predecessor-version":[{"id":100866,"href":"https:\/\/zamanturkmenistan.com.tm\/index.php?rest_route=\/wp\/v2\/posts\/100864\/revisions\/100866"}],"wp:featuredmedia":[{"embeddable":true,"href":"https:\/\/zamanturkmenistan.com.tm\/index.php?rest_route=\/wp\/v2\/media\/100865"}],"wp:attachment":[{"href":"https:\/\/zamanturkmenistan.com.tm\/index.php?rest_route=%2Fwp%2Fv2%2Fmedia&parent=100864"}],"wp:term":[{"taxonomy":"category","embeddable":true,"href":"https:\/\/zamanturkmenistan.com.tm\/index.php?rest_route=%2Fwp%2Fv2%2Fcategories&post=100864"},{"taxonomy":"post_tag","embeddable":true,"href":"https:\/\/zamanturkmenistan.com.tm\/index.php?rest_route=%2Fwp%2Fv2%2Ftags&post=100864"}],"curies":[{"name":"wp","href":"https:\/\/api.w.org\/{rel}","templated":true}]}}