{"id":100916,"date":"2024-02-26T18:45:11","date_gmt":"2024-02-26T13:45:11","guid":{"rendered":"https:\/\/zamanturkmenistan.com.tm\/?p=100916"},"modified":"2024-02-26T18:45:11","modified_gmt":"2024-02-26T13:45:11","slug":"yhhg-nin-asgabatdaky-merkezinin-yolbascysy-bilen-dususyk-gecirildi","status":"publish","type":"post","link":"https:\/\/zamanturkmenistan.com.tm\/?p=100916","title":{"rendered":"\u00ddHHG-ni\u0148 A\u015fgabatdaky merkezini\u0148 \u00fdolba\u015f\u00e7ysy bilen du\u015fu\u015fyk ge\u00e7irildi"},"content":{"rendered":"<p>\u015eu g\u00fcn \u2013 26-njy fewralda T\u00fcrkmenistany\u0148 Da\u015fary i\u015fler ministrini\u0148 orunbasary M.B\u00e4\u015fimowany\u0148 \u00ddHHG-ni\u0148 A\u015fgabatdaky merkezini\u0148 \u00fdolba\u015f\u00e7ysy, Il\u00e7i J.MakGregor bilen du\u015fu\u015fygy ge\u00e7irildi.<br \/>\nGeple\u015fikleri\u0148 dowamynda, \u015fu \u00fdyly\u0148 martynda me\u00fdille\u015fdiril\u00fd\u00e4n \u00ddHHG-ni\u0148 Ba\u015f sekretary Helga \u015emidi\u0148 T\u00fcrkmenistana saparyny\u0148 gurama\u00e7ylyk i\u015fleri, \u015fe\u00fdle hem bu sapary\u0148 \u00e7\u00e4ginde Merkezi Azi\u00fda \u00fdurtlaryny\u0148 Da\u015fky gur\u015fawy goramak ministrlerini\u0148 \u00fdokary derejeli du\u015fu\u015fygyny ge\u00e7irmek meseleleri ara alnyp maslahatla\u015fyldy.<br \/>\n\u015ee\u00fdle hem T\u00fcrkmenistan bilen \u00ddHHG-ni\u0148 arasyndaky gatna\u015fyklary\u0148 \u00f6nd\u00fcrijilikli h\u00e4si\u00fdete e\u00fdedigi nygtaldy. Her \u00fdyl T\u00fcrkmenistany\u0148 H\u00f6k\u00fcmeti we \u00ddHHG-ni\u0148 A\u015fgabatdaky merkezi tarapyndan ta\u00fd\u00fdarlanyl\u00fdan hyzmatda\u015flygy\u0148 bilelikd\u00e4ki maksatnamalary esasynda yzygiderli i\u015fler durmu\u015fa ge\u00e7iril\u00fd\u00e4r. \u015eunu\u0148 bilen baglylykda, taraplar 2024-nji \u00fdylda durmu\u015fa ge\u00e7irilmegi me\u00fdille\u015fdiril\u00fd\u00e4n T\u00fcrkmenistany\u0148 H\u00f6k\u00fcmetini\u0148 we \u00ddHHG-ni\u0148 A\u015fgabatdaky merkezini\u0148 bilelikd\u00e4ki taslamalaryny\u0148 me\u00fdilnamalaryny gi\u0148i\u015fle\u00fdin ara alyp maslahatla\u015fdylar.<\/p>\n","protected":false},"excerpt":{"rendered":"<p>\u015eu g\u00fcn \u2013 26-njy fewralda T\u00fcrkmenistany\u0148 Da\u015fary i\u015fler ministrini\u0148 orunbasary M.B\u00e4\u015fimowany\u0148 \u00ddHHG-ni\u0148 A\u015fgabatdaky merkezini\u0148 \u00fdolba\u015f\u00e7ysy, Il\u00e7i J.MakGregor bilen du\u015fu\u015fygy ge\u00e7irildi. Geple\u015fikleri\u0148 dowamynda, \u015fu \u00fdyly\u0148 martynda me\u00fdille\u015fdiril\u00fd\u00e4n \u00ddHHG-ni\u0148 Ba\u015f sekretary Helga \u015emidi\u0148 T\u00fcrkmenistana saparyny\u0148 gurama\u00e7ylyk i\u015fleri, \u015fe\u00fdle hem bu sapary\u0148 \u00e7\u00e4ginde Merkezi Azi\u00fda \u00fdurtlaryny\u0148 Da\u015fky gur\u015fawy goramak ministrlerini\u0148 \u00fdokary derejeli du\u015fu\u015fygyny ge\u00e7irmek meseleleri ara alnyp maslahatla\u015fyldy. [&hellip;]<\/p>\n","protected":false},"author":2,"featured_media":100920,"comment_status":"open","ping_status":"closed","sticky":false,"template":"","format":"standard","meta":{"footnotes":""},"categories":[3],"tags":[],"acf":[],"_links":{"self":[{"href":"https:\/\/zamanturkmenistan.com.tm\/index.php?rest_route=\/wp\/v2\/posts\/100916"}],"collection":[{"href":"https:\/\/zamanturkmenistan.com.tm\/index.php?rest_route=\/wp\/v2\/posts"}],"about":[{"href":"https:\/\/zamanturkmenistan.com.tm\/index.php?rest_route=\/wp\/v2\/types\/post"}],"author":[{"embeddable":true,"href":"https:\/\/zamanturkmenistan.com.tm\/index.php?rest_route=\/wp\/v2\/users\/2"}],"replies":[{"embeddable":true,"href":"https:\/\/zamanturkmenistan.com.tm\/index.php?rest_route=%2Fwp%2Fv2%2Fcomments&post=100916"}],"version-history":[{"count":1,"href":"https:\/\/zamanturkmenistan.com.tm\/index.php?rest_route=\/wp\/v2\/posts\/100916\/revisions"}],"predecessor-version":[{"id":100921,"href":"https:\/\/zamanturkmenistan.com.tm\/index.php?rest_route=\/wp\/v2\/posts\/100916\/revisions\/100921"}],"wp:featuredmedia":[{"embeddable":true,"href":"https:\/\/zamanturkmenistan.com.tm\/index.php?rest_route=\/wp\/v2\/media\/100920"}],"wp:attachment":[{"href":"https:\/\/zamanturkmenistan.com.tm\/index.php?rest_route=%2Fwp%2Fv2%2Fmedia&parent=100916"}],"wp:term":[{"taxonomy":"category","embeddable":true,"href":"https:\/\/zamanturkmenistan.com.tm\/index.php?rest_route=%2Fwp%2Fv2%2Fcategories&post=100916"},{"taxonomy":"post_tag","embeddable":true,"href":"https:\/\/zamanturkmenistan.com.tm\/index.php?rest_route=%2Fwp%2Fv2%2Ftags&post=100916"}],"curies":[{"name":"wp","href":"https:\/\/api.w.org\/{rel}","templated":true}]}}