{"id":101251,"date":"2024-03-01T11:55:10","date_gmt":"2024-03-01T06:55:10","guid":{"rendered":"https:\/\/zamanturkmenistan.com.tm\/?p=101251"},"modified":"2024-03-01T11:55:10","modified_gmt":"2024-03-01T06:55:10","slug":"2027-nji-yyl-halkara-durnukly-syyahatcylyk-yyly-bolar","status":"publish","type":"post","link":"https:\/\/zamanturkmenistan.com.tm\/?p=101251","title":{"rendered":"2027-nji \u00fdyl Halkara durnukly sy\u00fdahat\u00e7ylyk  \u00fdyly bolar"},"content":{"rendered":"<p>BMG-ni\u0148 Ba\u015f As\u00adsamb\u00adle\u00ad\u00fda\u00adsy \u00d6z\u00adbe\u00adgis\u00adta\u00adny\u0148 2027-nji \u00fdy\u00adly\u0148 Hal\u00adka\u00adra dur\u00adnuk\u00adly sy\u00ad\u00fda\u00adhat\u00ad\u00e7y\u00adlyk \u00fdy\u00adly bol\u00adma\u00adgy ba\u00adra\u00adda\u00adky ba\u015f\u00adlan\u00adgy\u00adjy\u00adny gol\u00adda\u00addy. De\u00adgi\u015f\u00adli ka\u00adrar bi\u00adra\u00adgyz\u00addan ka\u00adbul edil\u00addi. Res\u00admi\u00adna\u00adma\u00adda dur\u00adnuk\u00adly sy\u00ad\u00fda\u00adhat\u00ad\u00e7y\u00adly\u00adgy\u0148 eko\u00adsy\u00ad\u00fda\u00adhat\u00ad\u00e7y\u00adly\u00adgy hem \u00f6z i\u00e7i\u00adne al\u00ad\u00fdan we dur\u00adnuk\u00adly \u00f6s\u00fc\u015f mak\u00adsat\u00adla\u00adry\u00adna \u00fdet\u00adm\u00e4\u00adge g\u00f6\u00adn\u00fck\u00addi\u00adri\u00adlen k\u00f6p ta\u00adrap\u00adly \u00e7\u00e4\u00adre\u00addi\u00adgi bel\u00adle\u00adnil\u00ad\u00fd\u00e4r. Ka\u00adrar ag\u00adza \u00fdurt\u00adla\u00adry\u0148 dur\u00adnuk\u00adly \u00f6s\u00fc\u00ad\u015fi \u00e7alt\u00adlan\u00addyr\u00adma\u00adgy\u0148 se\u00adri\u015f\u00adde\u00adsi h\u00f6k\u00adm\u00fcn\u00adde sy\u00ad\u00fda\u00adhat\u00ad\u00e7y\u00adly\u00adgy \u00f6s\u00add\u00fcr\u00admek we gol\u00adda\u00admak \u00fc\u00e7in hal\u00adka\u00adra hyz\u00admat\u00adda\u015f\u00adly\u00adgy hem \u00f6z i\u00e7i\u00adne al\u00ad\u00fdan \u00e4h\u00adli de\u00adre\u00adje\u00adde \u00e7\u00e4\u00adre\u00adle\u00adri\u0148 h\u00f6\u00adwes\u00adlen\u00addi\u00adril\u00adme\u00adgi\u00adni mas\u00adla\u00adhat ber\u00ad\u00fd\u00e4r. Pan\u00adde\u00admi\u00ad\u00fda d\u00f6w\u00adr\u00fcn\u00adde \u00fdit\u00adgi \u00e7e\u00adken\u00addi\u00adgi\u00adne ga\u00adra\u00admaz\u00addan d\u00fcn\u00ad\u00fd\u00e4\u00adde sy\u00ad\u00fda\u00adhat\u00ad\u00e7y\u00adlyk pu\u00adda\u00adgy gys\u00adga wagt\u00adda di\u00adkel\u00addi. B\u00fc\u00adtin\u00add\u00fcn\u00ad\u00fd\u00e4 Sy\u00ad\u00fda\u00adhat\u00ad\u00e7y\u00adlyk Gu\u00adra\u00adma\u00adsy\u00adny\u0148 mag\u00adlu\u00adma\u00adty\u00adna g\u00f6\u00adr\u00e4, ge\u00ad\u00e7en \u00fdy\u00adly\u0148 ahy\u00adry\u00adna \u00e7en\u00adli hal\u00adka\u00adra sy\u00ad\u00fda\u00adhat\u00ad\u00e7y\u00adlyk pu\u00adda\u00adgy\u00adny\u0148 do\u00adla\u00adny\u00ad\u015fy\u00adgy pan\u00adde\u00admi\u00ad\u00fda\u00addan \u00f6\u0148\u00adki de\u00adre\u00adj\u00e4\u00adni\u0148 88 g\u00f6\u00adte\u00adri\u00admi\u00adne \u00fdet\u00addi.<\/p>\n<p style=\"text-align: right;\"><strong>Gur\u00adban \u00c7A\u00adRY\u00ad\u00ddEW, <\/strong><br \/>\n<strong>T\u00fcrkmenistany\u0148 Ylym we bilim i\u015fg\u00e4rlerini\u0148 K\u00e4rde\u015fler arkala\u015fygyny\u0148 Tagtabazar etrap ge\u0148e\u015fini\u0148 ba\u015flygy.<\/strong><\/p>\n","protected":false},"excerpt":{"rendered":"<p>BMG-ni\u0148 Ba\u015f As\u00adsamb\u00adle\u00ad\u00fda\u00adsy \u00d6z\u00adbe\u00adgis\u00adta\u00adny\u0148 2027-nji \u00fdy\u00adly\u0148 Hal\u00adka\u00adra dur\u00adnuk\u00adly sy\u00ad\u00fda\u00adhat\u00ad\u00e7y\u00adlyk \u00fdy\u00adly bol\u00adma\u00adgy ba\u00adra\u00adda\u00adky ba\u015f\u00adlan\u00adgy\u00adjy\u00adny gol\u00adda\u00addy. De\u00adgi\u015f\u00adli ka\u00adrar bi\u00adra\u00adgyz\u00addan ka\u00adbul edil\u00addi. Res\u00admi\u00adna\u00adma\u00adda dur\u00adnuk\u00adly sy\u00ad\u00fda\u00adhat\u00ad\u00e7y\u00adly\u00adgy\u0148 eko\u00adsy\u00ad\u00fda\u00adhat\u00ad\u00e7y\u00adly\u00adgy hem \u00f6z i\u00e7i\u00adne al\u00ad\u00fdan we dur\u00adnuk\u00adly \u00f6s\u00fc\u015f mak\u00adsat\u00adla\u00adry\u00adna \u00fdet\u00adm\u00e4\u00adge g\u00f6\u00adn\u00fck\u00addi\u00adri\u00adlen k\u00f6p ta\u00adrap\u00adly \u00e7\u00e4\u00adre\u00addi\u00adgi bel\u00adle\u00adnil\u00ad\u00fd\u00e4r. Ka\u00adrar ag\u00adza \u00fdurt\u00adla\u00adry\u0148 dur\u00adnuk\u00adly \u00f6s\u00fc\u00ad\u015fi \u00e7alt\u00adlan\u00addyr\u00adma\u00adgy\u0148 se\u00adri\u015f\u00adde\u00adsi h\u00f6k\u00adm\u00fcn\u00adde sy\u00ad\u00fda\u00adhat\u00ad\u00e7y\u00adly\u00adgy \u00f6s\u00add\u00fcr\u00admek we gol\u00adda\u00admak \u00fc\u00e7in hal\u00adka\u00adra hyz\u00admat\u00adda\u015f\u00adly\u00adgy hem \u00f6z i\u00e7i\u00adne [&hellip;]<\/p>\n","protected":false},"author":2,"featured_media":89496,"comment_status":"open","ping_status":"closed","sticky":false,"template":"","format":"standard","meta":{"footnotes":""},"categories":[5],"tags":[],"acf":[],"_links":{"self":[{"href":"https:\/\/zamanturkmenistan.com.tm\/index.php?rest_route=\/wp\/v2\/posts\/101251"}],"collection":[{"href":"https:\/\/zamanturkmenistan.com.tm\/index.php?rest_route=\/wp\/v2\/posts"}],"about":[{"href":"https:\/\/zamanturkmenistan.com.tm\/index.php?rest_route=\/wp\/v2\/types\/post"}],"author":[{"embeddable":true,"href":"https:\/\/zamanturkmenistan.com.tm\/index.php?rest_route=\/wp\/v2\/users\/2"}],"replies":[{"embeddable":true,"href":"https:\/\/zamanturkmenistan.com.tm\/index.php?rest_route=%2Fwp%2Fv2%2Fcomments&post=101251"}],"version-history":[{"count":1,"href":"https:\/\/zamanturkmenistan.com.tm\/index.php?rest_route=\/wp\/v2\/posts\/101251\/revisions"}],"predecessor-version":[{"id":101252,"href":"https:\/\/zamanturkmenistan.com.tm\/index.php?rest_route=\/wp\/v2\/posts\/101251\/revisions\/101252"}],"wp:featuredmedia":[{"embeddable":true,"href":"https:\/\/zamanturkmenistan.com.tm\/index.php?rest_route=\/wp\/v2\/media\/89496"}],"wp:attachment":[{"href":"https:\/\/zamanturkmenistan.com.tm\/index.php?rest_route=%2Fwp%2Fv2%2Fmedia&parent=101251"}],"wp:term":[{"taxonomy":"category","embeddable":true,"href":"https:\/\/zamanturkmenistan.com.tm\/index.php?rest_route=%2Fwp%2Fv2%2Fcategories&post=101251"},{"taxonomy":"post_tag","embeddable":true,"href":"https:\/\/zamanturkmenistan.com.tm\/index.php?rest_route=%2Fwp%2Fv2%2Ftags&post=101251"}],"curies":[{"name":"wp","href":"https:\/\/api.w.org\/{rel}","templated":true}]}}