{"id":101274,"date":"2024-03-01T12:10:58","date_gmt":"2024-03-01T07:10:58","guid":{"rendered":"https:\/\/zamanturkmenistan.com.tm\/?p=101274"},"modified":"2024-03-01T12:10:58","modified_gmt":"2024-03-01T07:10:58","slug":"markesin-in-sonky-kitaby-cap-ediler","status":"publish","type":"post","link":"https:\/\/zamanturkmenistan.com.tm\/?p=101274","title":{"rendered":"Markesi\u0148 i\u0148 so\u0148ky kitaby \u00e7ap ediler"},"content":{"rendered":"<p>Mart a\u00fdyny\u0148 i\u00e7inde kolumbi\u00fdaly me\u015fhur \u00fdazyjy, Nobeli\u0148 edebi\u00fdat bo\u00fdun\u00e7a ba\u00fdragyny\u0148 e\u00fdesi Gabriel Garsi\u00fda Markesi\u0148 \u201cAwgustda g\u00f6r\u015feris\u201d atly \u00f6\u0148 ne\u015fir edilmedik heka\u00fdalar \u00fdygyndysy \u00e7ap ediler. Bu roman Markes aradan \u00e7ykandan 10 \u00fdyl so\u0148 onu\u0148 \u00e7agalary tarapyndan ne\u015fir edil\u00fd\u00e4r.<br \/>\nAwtory\u0148 doly \u00fdazyp gutarmadyk \u201cAwgustda g\u00f6r\u015feris\u201d atly kitabyny\u0148 gol\u00fdazmasy Ostind\u00e4ki (AB\u015e) Tehas uniwersitetinde saklan\u00fdar. \u00ddazyjyny\u0148 \u00e7agalary doly tamamlanmadyk \u00fdygyndysny ne\u015fir etmek islemediler, \u00fd\u00f6ne ony okyjylardan gizl\u00e4p saklamaly d\u00e4l di\u00fden netij\u00e4 geldiler. Indi ispan\u00e7a \u00fdazylan bu kitap G\u00fcnorta Amerikany\u0148 d\u00fckan tekjelerinde pe\u00fdda bolar, so\u0148ra bolsa, be\u00fdleki dillere-de \u00e7ap ediler.<br \/>\nKolumbi\u00fdaly me\u015fhur \u00fdazyjy Gabriel Garsi\u00fda Markes \u00f6mr\u00fcni\u0148 ahyrynda saglyk \u00fdagda\u00fdy seb\u00e4pli eserlerini\u0148 \u00fcst\u00fcnde i\u015flemegini bes ed\u00fd\u00e4r. Bu kitapda 28 \u00fdyl b\u00e4ri her \u00fdyly\u0148 16-njy awgustynda ejesini\u0148 mazaryna zy\u00fdarata gid\u00fd\u00e4n zenan hakda g\u00fcrr\u00fc\u0148 beril\u00fd\u00e4r. Kitaby\u0148 ne\u015fir edilmegi Tehas uniwersiteti awtory\u0148 \u00fdygyndylaryny sanlyla\u015fdyranda m\u00fcmkin boldy.<br \/>\nGabriel Garsi\u00fda Markes \u201c\u00ddal\u0148yzlygy\u0148 \u00fd\u00fcz \u00fdyly\u201d, \u201cHolera d\u00f6wr\u00fcnde s\u00f6\u00fdgi\u201d \u201cPolkownige hat \u00fdaz\u00fdan \u00fdok\u201d we ba\u015fga-da k\u00f6p sanly eseri\u0148 awtorydyr. Markes 2014-nji \u00fdyly\u0148 17-nji aprelinde 87 \u00fda\u015fyny\u0148 i\u00e7inde aradan \u00e7ykdy.<\/p>\n","protected":false},"excerpt":{"rendered":"<p>Mart a\u00fdyny\u0148 i\u00e7inde kolumbi\u00fdaly me\u015fhur \u00fdazyjy, Nobeli\u0148 edebi\u00fdat bo\u00fdun\u00e7a ba\u00fdragyny\u0148 e\u00fdesi Gabriel Garsi\u00fda Markesi\u0148 \u201cAwgustda g\u00f6r\u015feris\u201d atly \u00f6\u0148 ne\u015fir edilmedik heka\u00fdalar \u00fdygyndysy \u00e7ap ediler. Bu roman Markes aradan \u00e7ykandan 10 \u00fdyl so\u0148 onu\u0148 \u00e7agalary tarapyndan ne\u015fir edil\u00fd\u00e4r. Awtory\u0148 doly \u00fdazyp gutarmadyk \u201cAwgustda g\u00f6r\u015feris\u201d atly kitabyny\u0148 gol\u00fdazmasy Ostind\u00e4ki (AB\u015e) Tehas uniwersitetinde saklan\u00fdar. \u00ddazyjyny\u0148 \u00e7agalary doly tamamlanmadyk [&hellip;]<\/p>\n","protected":false},"author":2,"featured_media":101275,"comment_status":"open","ping_status":"closed","sticky":false,"template":"","format":"standard","meta":{"footnotes":""},"categories":[11],"tags":[],"acf":[],"_links":{"self":[{"href":"https:\/\/zamanturkmenistan.com.tm\/index.php?rest_route=\/wp\/v2\/posts\/101274"}],"collection":[{"href":"https:\/\/zamanturkmenistan.com.tm\/index.php?rest_route=\/wp\/v2\/posts"}],"about":[{"href":"https:\/\/zamanturkmenistan.com.tm\/index.php?rest_route=\/wp\/v2\/types\/post"}],"author":[{"embeddable":true,"href":"https:\/\/zamanturkmenistan.com.tm\/index.php?rest_route=\/wp\/v2\/users\/2"}],"replies":[{"embeddable":true,"href":"https:\/\/zamanturkmenistan.com.tm\/index.php?rest_route=%2Fwp%2Fv2%2Fcomments&post=101274"}],"version-history":[{"count":1,"href":"https:\/\/zamanturkmenistan.com.tm\/index.php?rest_route=\/wp\/v2\/posts\/101274\/revisions"}],"predecessor-version":[{"id":101276,"href":"https:\/\/zamanturkmenistan.com.tm\/index.php?rest_route=\/wp\/v2\/posts\/101274\/revisions\/101276"}],"wp:featuredmedia":[{"embeddable":true,"href":"https:\/\/zamanturkmenistan.com.tm\/index.php?rest_route=\/wp\/v2\/media\/101275"}],"wp:attachment":[{"href":"https:\/\/zamanturkmenistan.com.tm\/index.php?rest_route=%2Fwp%2Fv2%2Fmedia&parent=101274"}],"wp:term":[{"taxonomy":"category","embeddable":true,"href":"https:\/\/zamanturkmenistan.com.tm\/index.php?rest_route=%2Fwp%2Fv2%2Fcategories&post=101274"},{"taxonomy":"post_tag","embeddable":true,"href":"https:\/\/zamanturkmenistan.com.tm\/index.php?rest_route=%2Fwp%2Fv2%2Ftags&post=101274"}],"curies":[{"name":"wp","href":"https:\/\/api.w.org\/{rel}","templated":true}]}}