{"id":101411,"date":"2024-03-02T09:41:06","date_gmt":"2024-03-02T04:41:06","guid":{"rendered":"https:\/\/zamanturkmenistan.com.tm\/?p=101411"},"modified":"2024-03-02T09:54:07","modified_gmt":"2024-03-02T04:54:07","slug":"germaniyanda-parfiya-we-seljuk-salyklarynyn-sergisi-guralar","status":"publish","type":"post","link":"https:\/\/zamanturkmenistan.com.tm\/?p=101411","title":{"rendered":"Germani\u00fdanda Parfi\u00fda we Seljuk \u015falyklaryny\u0148 sergisi guralar"},"content":{"rendered":"<p>1-nji martda ge\u00e7irilen sanly ulgam arkaly Ministrler Kabinetini\u0148 mejlisinde Ministrler Kabinetini\u0148 Ba\u015flygyny\u0148 orunbasary M.M\u00e4mmedowa g\u00f6zeg\u00e7ilik ed\u00fd\u00e4n ulgamlarynda \u015fu \u00fdyly\u0148 \u00fdanwar-fewral a\u00fdlarynda alnyp barlan i\u015fleri\u0148 netijeleri barada hasabat berdi.<br \/>\nHasabatda Germani\u00fdany\u0148 muze\u00fdlerinde Parfi\u00fda we Seljuk \u015falyklaryny\u0148 arheologik sergisini guramak bilen bagly meseleleri ara alyp maslahatla\u015fmak \u00fc\u00e7in Medeni\u00fdet ministrligini\u0148 wekilleri bilen Berlin \u015f\u00e4herini\u0148 T\u00e4ze muze\u00fdini\u0148 \u00fdolba\u015f\u00e7ylaryny\u0148 arasynda sanly ulgam arkaly i\u015f du\u015fu\u015fygyny\u0148 ge\u00e7irilendigi barada a\u00fddyldy.<\/p>\n<p><strong><em>Elektron ne\u015firleri\u0148 sany artdyrylar<\/em><\/strong><br \/>\n\u015ee\u00fdle-de, wise-prem\u00fder d\u00f6wlet Maksatnamalaryndan we sanly ykdysady\u00fdeti \u00f6sd\u00fcrmegi\u0148 Konsepsi\u00fdasyndan gelip \u00e7yk\u00fdan wezipeleri \u00fcst\u00fcnlikli \u00fderine \u00fdetirmek maksady bilen g\u00f6r\u00fcl\u00fd\u00e4n \u00e7\u00e4reler barada hasabat berdi. \u015eunu\u0148 bilen baglylykda, elektron ne\u015firleri\u0148 sanyny artdyrmak, pudaga degi\u015fli elektron sa\u00fdtlary h\u00e4zirki zaman talaplaryna la\u00fdyk gel\u00fd\u00e4n maglumatlar bilen \u00fcpj\u00fcn etmek, i\u015fg\u00e4rleri\u0148 h\u00fcn\u00e4r derejelerini \u00fdokarlandyrmak bo\u00fdun\u00e7a degi\u015fli i\u015fleri\u0148 alnyp baryl\u00fdandygy a\u00fddyldy.<\/p>\n","protected":false},"excerpt":{"rendered":"<p>1-nji martda ge\u00e7irilen sanly ulgam arkaly Ministrler Kabinetini\u0148 mejlisinde Ministrler Kabinetini\u0148 Ba\u015flygyny\u0148 orunbasary M.M\u00e4mmedowa g\u00f6zeg\u00e7ilik ed\u00fd\u00e4n ulgamlarynda \u015fu \u00fdyly\u0148 \u00fdanwar-fewral a\u00fdlarynda alnyp barlan i\u015fleri\u0148 netijeleri barada hasabat berdi. Hasabatda Germani\u00fdany\u0148 muze\u00fdlerinde Parfi\u00fda we Seljuk \u015falyklaryny\u0148 arheologik sergisini guramak bilen bagly meseleleri ara alyp maslahatla\u015fmak \u00fc\u00e7in Medeni\u00fdet ministrligini\u0148 wekilleri bilen Berlin \u015f\u00e4herini\u0148 T\u00e4ze muze\u00fdini\u0148 \u00fdolba\u015f\u00e7ylaryny\u0148 arasynda [&hellip;]<\/p>\n","protected":false},"author":2,"featured_media":101416,"comment_status":"open","ping_status":"closed","sticky":false,"template":"","format":"standard","meta":{"footnotes":""},"categories":[3],"tags":[],"acf":[],"_links":{"self":[{"href":"https:\/\/zamanturkmenistan.com.tm\/index.php?rest_route=\/wp\/v2\/posts\/101411"}],"collection":[{"href":"https:\/\/zamanturkmenistan.com.tm\/index.php?rest_route=\/wp\/v2\/posts"}],"about":[{"href":"https:\/\/zamanturkmenistan.com.tm\/index.php?rest_route=\/wp\/v2\/types\/post"}],"author":[{"embeddable":true,"href":"https:\/\/zamanturkmenistan.com.tm\/index.php?rest_route=\/wp\/v2\/users\/2"}],"replies":[{"embeddable":true,"href":"https:\/\/zamanturkmenistan.com.tm\/index.php?rest_route=%2Fwp%2Fv2%2Fcomments&post=101411"}],"version-history":[{"count":1,"href":"https:\/\/zamanturkmenistan.com.tm\/index.php?rest_route=\/wp\/v2\/posts\/101411\/revisions"}],"predecessor-version":[{"id":101413,"href":"https:\/\/zamanturkmenistan.com.tm\/index.php?rest_route=\/wp\/v2\/posts\/101411\/revisions\/101413"}],"wp:featuredmedia":[{"embeddable":true,"href":"https:\/\/zamanturkmenistan.com.tm\/index.php?rest_route=\/wp\/v2\/media\/101416"}],"wp:attachment":[{"href":"https:\/\/zamanturkmenistan.com.tm\/index.php?rest_route=%2Fwp%2Fv2%2Fmedia&parent=101411"}],"wp:term":[{"taxonomy":"category","embeddable":true,"href":"https:\/\/zamanturkmenistan.com.tm\/index.php?rest_route=%2Fwp%2Fv2%2Fcategories&post=101411"},{"taxonomy":"post_tag","embeddable":true,"href":"https:\/\/zamanturkmenistan.com.tm\/index.php?rest_route=%2Fwp%2Fv2%2Ftags&post=101411"}],"curies":[{"name":"wp","href":"https:\/\/api.w.org\/{rel}","templated":true}]}}