{"id":101436,"date":"2024-03-02T11:20:55","date_gmt":"2024-03-02T06:20:55","guid":{"rendered":"https:\/\/zamanturkmenistan.com.tm\/?p=101436"},"modified":"2024-03-02T11:30:54","modified_gmt":"2024-03-02T06:30:54","slug":"buz-astyndan-bir-demde-140-metr-gulaclady","status":"publish","type":"post","link":"https:\/\/zamanturkmenistan.com.tm\/?p=101436","title":{"rendered":"\u00dd\u00fcz\u00fcji zenan buz astynda \u201cbir demde\u201d 140 metr gula\u00e7lady"},"content":{"rendered":"<p>27 \u00fda\u015fly horwat-ital\u00fdan t\u00fcrgen zenany Walentina Kafolle suwu\u0148 astynda \u00fd\u00fczmek bo\u00fdun\u00e7a zenanlary\u0148 arasynda d\u00fcn\u00fd\u00e4 rekordyny go\u00fddy. Ol munu\u0148 \u00fc\u00e7in Alp daglaryndaky k\u00f6li sa\u00fdlady. T\u00fcrgen demini saklap, buzu\u0148 a\u015fagynda monolastly 140 metr \u00fd\u00fczdi. \u00dd\u00fcz\u00fcji ilkinji gezek 2017-nji \u00fdylda \u015fe\u00fdle usulda 125 metr \u00fd\u00fcz\u00fcp, Ginnesi\u0148 rekordlar kitabyna giripdi. Gola\u00fdda \u00fdaponi\u00fdaly \u00ddasuko Odzeki onu\u0148 ozalky g\u00f6rkezijisinden bir metr uzaga \u00fd\u00fcz\u00fcp, rekordy t\u00e4zel\u00e4pdi. \u00dd\u00f6ne e\u00fd\u00fd\u00e4m 36 sagatdan so\u0148 Kafolle t\u00e4ze rekord go\u00fddy.<\/p>\n","protected":false},"excerpt":{"rendered":"<p>27 \u00fda\u015fly horwat-ital\u00fdan t\u00fcrgen zenany Walentina Kafolle suwu\u0148 astynda \u00fd\u00fczmek bo\u00fdun\u00e7a zenanlary\u0148 arasynda d\u00fcn\u00fd\u00e4 rekordyny go\u00fddy. Ol munu\u0148 \u00fc\u00e7in Alp daglaryndaky k\u00f6li sa\u00fdlady. T\u00fcrgen demini saklap, buzu\u0148 a\u015fagynda monolastly 140 metr \u00fd\u00fczdi. \u00dd\u00fcz\u00fcji ilkinji gezek 2017-nji \u00fdylda \u015fe\u00fdle usulda 125 metr \u00fd\u00fcz\u00fcp, Ginnesi\u0148 rekordlar kitabyna giripdi. Gola\u00fdda \u00fdaponi\u00fdaly \u00ddasuko Odzeki onu\u0148 ozalky g\u00f6rkezijisinden bir metr [&hellip;]<\/p>\n","protected":false},"author":2,"featured_media":101437,"comment_status":"open","ping_status":"closed","sticky":false,"template":"","format":"standard","meta":{"footnotes":""},"categories":[5],"tags":[],"acf":[],"_links":{"self":[{"href":"https:\/\/zamanturkmenistan.com.tm\/index.php?rest_route=\/wp\/v2\/posts\/101436"}],"collection":[{"href":"https:\/\/zamanturkmenistan.com.tm\/index.php?rest_route=\/wp\/v2\/posts"}],"about":[{"href":"https:\/\/zamanturkmenistan.com.tm\/index.php?rest_route=\/wp\/v2\/types\/post"}],"author":[{"embeddable":true,"href":"https:\/\/zamanturkmenistan.com.tm\/index.php?rest_route=\/wp\/v2\/users\/2"}],"replies":[{"embeddable":true,"href":"https:\/\/zamanturkmenistan.com.tm\/index.php?rest_route=%2Fwp%2Fv2%2Fcomments&post=101436"}],"version-history":[{"count":2,"href":"https:\/\/zamanturkmenistan.com.tm\/index.php?rest_route=\/wp\/v2\/posts\/101436\/revisions"}],"predecessor-version":[{"id":101450,"href":"https:\/\/zamanturkmenistan.com.tm\/index.php?rest_route=\/wp\/v2\/posts\/101436\/revisions\/101450"}],"wp:featuredmedia":[{"embeddable":true,"href":"https:\/\/zamanturkmenistan.com.tm\/index.php?rest_route=\/wp\/v2\/media\/101437"}],"wp:attachment":[{"href":"https:\/\/zamanturkmenistan.com.tm\/index.php?rest_route=%2Fwp%2Fv2%2Fmedia&parent=101436"}],"wp:term":[{"taxonomy":"category","embeddable":true,"href":"https:\/\/zamanturkmenistan.com.tm\/index.php?rest_route=%2Fwp%2Fv2%2Fcategories&post=101436"},{"taxonomy":"post_tag","embeddable":true,"href":"https:\/\/zamanturkmenistan.com.tm\/index.php?rest_route=%2Fwp%2Fv2%2Ftags&post=101436"}],"curies":[{"name":"wp","href":"https:\/\/api.w.org\/{rel}","templated":true}]}}