{"id":101899,"date":"2024-03-09T11:08:02","date_gmt":"2024-03-09T06:08:02","guid":{"rendered":"https:\/\/zamanturkmenistan.com.tm\/?p=101899"},"modified":"2024-03-09T11:08:02","modified_gmt":"2024-03-09T06:08:02","slug":"olimpiya-oyunlarynyn-tomasacylarynyn-sany-azaldylar","status":"publish","type":"post","link":"https:\/\/zamanturkmenistan.com.tm\/?p=101899","title":{"rendered":"Olimpi\u00fda o\u00fdunlaryny\u0148 toma\u015fa\u00e7ylaryny\u0148 sany azaldylar"},"content":{"rendered":"<p>Prezident Emmanuel Makrony\u0148 karary bilen \u015fu \u00fdyly\u0148 26-njy i\u00fdulyndan 11-nji awgust aralygynda ge\u00e7iriljek Olimpi\u00fda o\u00fdunlaryny\u0148 a\u00e7yly\u015f dabarasyna gatna\u015fjak toma\u015fa\u00e7ylary\u0148 sany 600 m\u00fc\u0148den 326 m\u00fc\u0148e \u00e7enli azaldyldy. Bu karar howpsuzlygy \u00fcpj\u00fcn etmek bilen baglany\u015fyklydyr. Seb\u00e4bi dabara stadionda d\u00e4l-de, Sena der\u00fdasyny\u0148 ny\u0148 kenarynda ge\u00e7iriler.<\/p>\n","protected":false},"excerpt":{"rendered":"<p>Prezident Emmanuel Makrony\u0148 karary bilen \u015fu \u00fdyly\u0148 26-njy i\u00fdulyndan 11-nji awgust aralygynda ge\u00e7iriljek Olimpi\u00fda o\u00fdunlaryny\u0148 a\u00e7yly\u015f dabarasyna gatna\u015fjak toma\u015fa\u00e7ylary\u0148 sany 600 m\u00fc\u0148den 326 m\u00fc\u0148e \u00e7enli azaldyldy. Bu karar howpsuzlygy \u00fcpj\u00fcn etmek bilen baglany\u015fyklydyr. Seb\u00e4bi dabara stadionda d\u00e4l-de, Sena der\u00fdasyny\u0148 ny\u0148 kenarynda ge\u00e7iriler.<\/p>\n","protected":false},"author":2,"featured_media":100109,"comment_status":"open","ping_status":"closed","sticky":false,"template":"","format":"standard","meta":{"footnotes":""},"categories":[5,13],"tags":[],"acf":[],"_links":{"self":[{"href":"https:\/\/zamanturkmenistan.com.tm\/index.php?rest_route=\/wp\/v2\/posts\/101899"}],"collection":[{"href":"https:\/\/zamanturkmenistan.com.tm\/index.php?rest_route=\/wp\/v2\/posts"}],"about":[{"href":"https:\/\/zamanturkmenistan.com.tm\/index.php?rest_route=\/wp\/v2\/types\/post"}],"author":[{"embeddable":true,"href":"https:\/\/zamanturkmenistan.com.tm\/index.php?rest_route=\/wp\/v2\/users\/2"}],"replies":[{"embeddable":true,"href":"https:\/\/zamanturkmenistan.com.tm\/index.php?rest_route=%2Fwp%2Fv2%2Fcomments&post=101899"}],"version-history":[{"count":1,"href":"https:\/\/zamanturkmenistan.com.tm\/index.php?rest_route=\/wp\/v2\/posts\/101899\/revisions"}],"predecessor-version":[{"id":101900,"href":"https:\/\/zamanturkmenistan.com.tm\/index.php?rest_route=\/wp\/v2\/posts\/101899\/revisions\/101900"}],"wp:featuredmedia":[{"embeddable":true,"href":"https:\/\/zamanturkmenistan.com.tm\/index.php?rest_route=\/wp\/v2\/media\/100109"}],"wp:attachment":[{"href":"https:\/\/zamanturkmenistan.com.tm\/index.php?rest_route=%2Fwp%2Fv2%2Fmedia&parent=101899"}],"wp:term":[{"taxonomy":"category","embeddable":true,"href":"https:\/\/zamanturkmenistan.com.tm\/index.php?rest_route=%2Fwp%2Fv2%2Fcategories&post=101899"},{"taxonomy":"post_tag","embeddable":true,"href":"https:\/\/zamanturkmenistan.com.tm\/index.php?rest_route=%2Fwp%2Fv2%2Ftags&post=101899"}],"curies":[{"name":"wp","href":"https:\/\/api.w.org\/{rel}","templated":true}]}}