{"id":102180,"date":"2024-03-12T18:09:32","date_gmt":"2024-03-12T13:09:32","guid":{"rendered":"https:\/\/zamanturkmenistan.com.tm\/?p=102180"},"modified":"2024-03-12T18:09:32","modified_gmt":"2024-03-12T13:09:32","slug":"turkmenistanyn-we-awstriyanyn-dasary-isler-ministrleri-ikitaraplayyn-gatnasyklary-pugtalandyryar","status":"publish","type":"post","link":"https:\/\/zamanturkmenistan.com.tm\/?p=102180","title":{"rendered":"T\u00fcrkmenistany\u0148 we Awstri\u00fdany\u0148 da\u015fary i\u015fler ministrleri ikitarapla\u00fdyn gatna\u015fyklary pugtalandyr\u00fdar"},"content":{"rendered":"<p>11-nji martda T\u00fcrkmenistany\u0148 Ministrler Kabinetini\u0148 Ba\u015flygyny\u0148 Orunbasary, Da\u015fary i\u015fler ministri Ra\u015fid Meredow bilen Awstri\u00fdany\u0148 \u00ddewropa we halkara i\u015fler bo\u00fdun\u00e7a federal ministri Aleksandr \u015eallenbergi\u0148 arasynda du\u015fu\u015fyk ge\u00e7irildi.<br \/>\nGeple\u015fikleri\u0148 dowamynda taraplar ikitarapla\u00fdyn hyzmatda\u015flygy\u0148 esasy ugurlaryny, \u015fol sanda sy\u00fdasy-diplomatik ulgamyndaky \u00f6zara gatna\u015fyklary, s\u00f6wda-ykdysady hyzmatda\u015flygy, energetika, medeni aly\u015f-\u00e7aly\u015flary ara alyp maslahatla\u015fdylar, \u015fe\u00fdle hem sebitara we \u00e4hlumumy meseleler bo\u00fdun\u00e7a pikir aly\u015fdylar.<br \/>\nDu\u015fu\u015fygy\u0148 netijesinde 2024-2025-nji \u00fdyllar \u00fc\u00e7in T\u00fcrkmenistany\u0148 Da\u015fary i\u015fler ministrligi bilen Awstri\u00fda Respublikasyny\u0148 \u00ddewropa we Halkara i\u015fler bo\u00fdun\u00e7a federal ministrligini\u0148 arasynda hyzmatda\u015flyk Maksatnamasyna gol \u00e7ekildi.<br \/>\nWena \u015f\u00e4herine saparyny\u0148 \u00e7\u00e4ginde T\u00fcrkmenistany\u0148 Da\u015fary i\u015fler ministri R.Meredow Awstri\u00fdany\u0148 Da\u015fary i\u015fler bo\u00fdun\u00e7a Ba\u015f sekretary N.Mar\u015fik bilen hem du\u015fu\u015fyk ge\u00e7irdi. Diplomatlar ikitarapla\u00fdyn gatna\u015fyklary \u00f6sd\u00fcrmek ugrundaky taraplary\u0148 tagallalaryny goldadylar.<\/p>\n","protected":false},"excerpt":{"rendered":"<p>11-nji martda T\u00fcrkmenistany\u0148 Ministrler Kabinetini\u0148 Ba\u015flygyny\u0148 Orunbasary, Da\u015fary i\u015fler ministri Ra\u015fid Meredow bilen Awstri\u00fdany\u0148 \u00ddewropa we halkara i\u015fler bo\u00fdun\u00e7a federal ministri Aleksandr \u015eallenbergi\u0148 arasynda du\u015fu\u015fyk ge\u00e7irildi. Geple\u015fikleri\u0148 dowamynda taraplar ikitarapla\u00fdyn hyzmatda\u015flygy\u0148 esasy ugurlaryny, \u015fol sanda sy\u00fdasy-diplomatik ulgamyndaky \u00f6zara gatna\u015fyklary, s\u00f6wda-ykdysady hyzmatda\u015flygy, energetika, medeni aly\u015f-\u00e7aly\u015flary ara alyp maslahatla\u015fdylar, \u015fe\u00fdle hem sebitara we \u00e4hlumumy meseleler bo\u00fdun\u00e7a pikir [&hellip;]<\/p>\n","protected":false},"author":2,"featured_media":102181,"comment_status":"open","ping_status":"closed","sticky":false,"template":"","format":"standard","meta":{"footnotes":""},"categories":[3],"tags":[],"acf":[],"_links":{"self":[{"href":"https:\/\/zamanturkmenistan.com.tm\/index.php?rest_route=\/wp\/v2\/posts\/102180"}],"collection":[{"href":"https:\/\/zamanturkmenistan.com.tm\/index.php?rest_route=\/wp\/v2\/posts"}],"about":[{"href":"https:\/\/zamanturkmenistan.com.tm\/index.php?rest_route=\/wp\/v2\/types\/post"}],"author":[{"embeddable":true,"href":"https:\/\/zamanturkmenistan.com.tm\/index.php?rest_route=\/wp\/v2\/users\/2"}],"replies":[{"embeddable":true,"href":"https:\/\/zamanturkmenistan.com.tm\/index.php?rest_route=%2Fwp%2Fv2%2Fcomments&post=102180"}],"version-history":[{"count":1,"href":"https:\/\/zamanturkmenistan.com.tm\/index.php?rest_route=\/wp\/v2\/posts\/102180\/revisions"}],"predecessor-version":[{"id":102182,"href":"https:\/\/zamanturkmenistan.com.tm\/index.php?rest_route=\/wp\/v2\/posts\/102180\/revisions\/102182"}],"wp:featuredmedia":[{"embeddable":true,"href":"https:\/\/zamanturkmenistan.com.tm\/index.php?rest_route=\/wp\/v2\/media\/102181"}],"wp:attachment":[{"href":"https:\/\/zamanturkmenistan.com.tm\/index.php?rest_route=%2Fwp%2Fv2%2Fmedia&parent=102180"}],"wp:term":[{"taxonomy":"category","embeddable":true,"href":"https:\/\/zamanturkmenistan.com.tm\/index.php?rest_route=%2Fwp%2Fv2%2Fcategories&post=102180"},{"taxonomy":"post_tag","embeddable":true,"href":"https:\/\/zamanturkmenistan.com.tm\/index.php?rest_route=%2Fwp%2Fv2%2Ftags&post=102180"}],"curies":[{"name":"wp","href":"https:\/\/api.w.org\/{rel}","templated":true}]}}