{"id":102183,"date":"2024-03-12T18:10:52","date_gmt":"2024-03-12T13:10:52","guid":{"rendered":"https:\/\/zamanturkmenistan.com.tm\/?p=102183"},"modified":"2024-03-12T18:10:52","modified_gmt":"2024-03-12T13:10:52","slug":"turkmenistanyn-wekiliyetinin-awstriya-respublikasyna-sapary-baslandy","status":"publish","type":"post","link":"https:\/\/zamanturkmenistan.com.tm\/?p=102183","title":{"rendered":"T\u00fcrkmenistany\u0148 wekili\u00fdetini\u0148 Awstri\u00fda Respublikasyna sapary ba\u015flandy"},"content":{"rendered":"<p>T\u00fcrkmenistany\u0148 Da\u015fary i\u015fler ministri Ra\u015fid Meredowy\u0148 \u00fdolba\u015f\u00e7ylygyndaky t\u00fcrkmen wekili\u00fdeti 10-12-nji marty aralygynda Awstri\u00fdada i\u015f sapary bilen bol\u00fdar.<br \/>\nSapary\u0148 \u00e7\u00e4klerinde Awstri\u00fdany\u0148 h\u00f6k\u00fcmetinde, degi\u015fli ministrliklerinde we pudak edaralarynda, halkara guramalary\u0148 \u00fdolba\u015f\u00e7ylary, s\u00f6wda-ykdysady gurlu\u015flary we i\u015few\u00fcr toparlary bilen du\u015fu\u015fyklary ge\u00e7irmek me\u00fdille\u015fdiril\u00fd\u00e4r.<br \/>\nMe\u00fdille\u015fdiril\u00fd\u00e4n du\u015fu\u015fyklary\u0148 g\u00fcn tertibinde d\u00f6wletara geple\u015fikleri g\u00fc\u00fd\u00e7lendirmek, sy\u00fdasy-diplomatik gatna\u015fyklary mundan be\u00fdl\u00e4k-de \u00f6sd\u00fcrmek, s\u00f6wda-ykdysady hyzmatda\u015flygy \u00fdola go\u00fdmak, \u015fe\u00fdle hem ylmy we bilim pudagynda gatna\u015fyklary gi\u0148eltmek bilen baglany\u015fykly meselelere \u00fcns beriler.<\/p>\n","protected":false},"excerpt":{"rendered":"<p>T\u00fcrkmenistany\u0148 Da\u015fary i\u015fler ministri Ra\u015fid Meredowy\u0148 \u00fdolba\u015f\u00e7ylygyndaky t\u00fcrkmen wekili\u00fdeti 10-12-nji marty aralygynda Awstri\u00fdada i\u015f sapary bilen bol\u00fdar. Sapary\u0148 \u00e7\u00e4klerinde Awstri\u00fdany\u0148 h\u00f6k\u00fcmetinde, degi\u015fli ministrliklerinde we pudak edaralarynda, halkara guramalary\u0148 \u00fdolba\u015f\u00e7ylary, s\u00f6wda-ykdysady gurlu\u015flary we i\u015few\u00fcr toparlary bilen du\u015fu\u015fyklary ge\u00e7irmek me\u00fdille\u015fdiril\u00fd\u00e4r. Me\u00fdille\u015fdiril\u00fd\u00e4n du\u015fu\u015fyklary\u0148 g\u00fcn tertibinde d\u00f6wletara geple\u015fikleri g\u00fc\u00fd\u00e7lendirmek, sy\u00fdasy-diplomatik gatna\u015fyklary mundan be\u00fdl\u00e4k-de \u00f6sd\u00fcrmek, s\u00f6wda-ykdysady hyzmatda\u015flygy \u00fdola go\u00fdmak, \u015fe\u00fdle [&hellip;]<\/p>\n","protected":false},"author":2,"featured_media":102184,"comment_status":"open","ping_status":"closed","sticky":false,"template":"","format":"standard","meta":{"footnotes":""},"categories":[3],"tags":[],"acf":[],"_links":{"self":[{"href":"https:\/\/zamanturkmenistan.com.tm\/index.php?rest_route=\/wp\/v2\/posts\/102183"}],"collection":[{"href":"https:\/\/zamanturkmenistan.com.tm\/index.php?rest_route=\/wp\/v2\/posts"}],"about":[{"href":"https:\/\/zamanturkmenistan.com.tm\/index.php?rest_route=\/wp\/v2\/types\/post"}],"author":[{"embeddable":true,"href":"https:\/\/zamanturkmenistan.com.tm\/index.php?rest_route=\/wp\/v2\/users\/2"}],"replies":[{"embeddable":true,"href":"https:\/\/zamanturkmenistan.com.tm\/index.php?rest_route=%2Fwp%2Fv2%2Fcomments&post=102183"}],"version-history":[{"count":1,"href":"https:\/\/zamanturkmenistan.com.tm\/index.php?rest_route=\/wp\/v2\/posts\/102183\/revisions"}],"predecessor-version":[{"id":102185,"href":"https:\/\/zamanturkmenistan.com.tm\/index.php?rest_route=\/wp\/v2\/posts\/102183\/revisions\/102185"}],"wp:featuredmedia":[{"embeddable":true,"href":"https:\/\/zamanturkmenistan.com.tm\/index.php?rest_route=\/wp\/v2\/media\/102184"}],"wp:attachment":[{"href":"https:\/\/zamanturkmenistan.com.tm\/index.php?rest_route=%2Fwp%2Fv2%2Fmedia&parent=102183"}],"wp:term":[{"taxonomy":"category","embeddable":true,"href":"https:\/\/zamanturkmenistan.com.tm\/index.php?rest_route=%2Fwp%2Fv2%2Fcategories&post=102183"},{"taxonomy":"post_tag","embeddable":true,"href":"https:\/\/zamanturkmenistan.com.tm\/index.php?rest_route=%2Fwp%2Fv2%2Ftags&post=102183"}],"curies":[{"name":"wp","href":"https:\/\/api.w.org\/{rel}","templated":true}]}}